{"id":38419,"date":"2025-03-12T18:20:11","date_gmt":"2025-03-13T00:20:11","guid":{"rendered":"https:\/\/contextoanalisisperiodistico.com\/index.php\/2025\/03\/12\/bienestar-y-desarrollo-lleva-salomon-jara-a-tlacolula-de-matamoros-para-impulsar-progreso-social\/"},"modified":"2025-03-12T18:20:11","modified_gmt":"2025-03-13T00:20:11","slug":"bienestar-y-desarrollo-lleva-salomon-jara-a-tlacolula-de-matamoros-para-impulsar-progreso-social","status":"publish","type":"post","link":"https:\/\/contextoanalisisperiodistico.com\/index.php\/2025\/03\/12\/bienestar-y-desarrollo-lleva-salomon-jara-a-tlacolula-de-matamoros-para-impulsar-progreso-social\/","title":{"rendered":"Bienestar y desarrollo lleva Salom\u00f3n Jara a Tlacolula de Matamoros para impulsar progreso social"},"content":{"rendered":"<div id=\"fb-root\"><\/div>\n\n<p>\u2022 Mediante la estrategia Trabajo que Transforma tu Municipio, el Gobernador atendi\u00f3 personalmente cada una de las solicitudes de la ciudadan\u00eda e inform\u00f3 los apoyos brindados<\/p>\n\n\n\n<figure class=\"wp-block-image size-large\"><img fetchpriority=\"high\" decoding=\"async\" width=\"1024\" height=\"682\" src=\"https:\/\/contextoanalisisperiodistico.com\/wp-content\/uploads\/2025\/03\/img-20250312-wa01558854221805055715574-1024x682.jpg\" alt=\"\" class=\"wp-image-38414\" srcset=\"https:\/\/contextoanalisisperiodistico.com\/wp-content\/uploads\/2025\/03\/img-20250312-wa01558854221805055715574-1024x682.jpg 1024w, https:\/\/contextoanalisisperiodistico.com\/wp-content\/uploads\/2025\/03\/img-20250312-wa01558854221805055715574-300x200.jpg 300w, https:\/\/contextoanalisisperiodistico.com\/wp-content\/uploads\/2025\/03\/img-20250312-wa01558854221805055715574-768x512.jpg 768w, https:\/\/contextoanalisisperiodistico.com\/wp-content\/uploads\/2025\/03\/img-20250312-wa01558854221805055715574.jpg 1280w\" sizes=\"(max-width: 1024px) 100vw, 1024px\" \/><\/figure>\n\n\n\n<figure class=\"wp-block-image\"><img decoding=\"async\" width=\"682\" height=\"1024\" src=\"https:\/\/contextoanalisisperiodistico.com\/wp-content\/uploads\/2025\/03\/img-20250312-wa01567700040441490281891-682x1024.jpg\" alt=\"\" class=\"wp-image-38416\" srcset=\"https:\/\/contextoanalisisperiodistico.com\/wp-content\/uploads\/2025\/03\/img-20250312-wa01567700040441490281891-682x1024.jpg 682w, https:\/\/contextoanalisisperiodistico.com\/wp-content\/uploads\/2025\/03\/img-20250312-wa01567700040441490281891-200x300.jpg 200w, https:\/\/contextoanalisisperiodistico.com\/wp-content\/uploads\/2025\/03\/img-20250312-wa01567700040441490281891-768x1152.jpg 768w, https:\/\/contextoanalisisperiodistico.com\/wp-content\/uploads\/2025\/03\/img-20250312-wa01567700040441490281891.jpg 853w\" sizes=\"(max-width: 682px) 100vw, 682px\" \/><\/figure>\n\n\n\n<figure class=\"wp-block-image\"><img decoding=\"async\" width=\"1024\" height=\"682\" src=\"https:\/\/contextoanalisisperiodistico.com\/wp-content\/uploads\/2025\/03\/img-20250312-wa01548993360174049816500-1024x682.jpg\" alt=\"\" class=\"wp-image-38415\" srcset=\"https:\/\/contextoanalisisperiodistico.com\/wp-content\/uploads\/2025\/03\/img-20250312-wa01548993360174049816500-1024x682.jpg 1024w, https:\/\/contextoanalisisperiodistico.com\/wp-content\/uploads\/2025\/03\/img-20250312-wa01548993360174049816500-300x200.jpg 300w, https:\/\/contextoanalisisperiodistico.com\/wp-content\/uploads\/2025\/03\/img-20250312-wa01548993360174049816500-768x512.jpg 768w, https:\/\/contextoanalisisperiodistico.com\/wp-content\/uploads\/2025\/03\/img-20250312-wa01548993360174049816500.jpg 1280w\" sizes=\"(max-width: 1024px) 100vw, 1024px\" \/><\/figure>\n\n\n\n<figure class=\"wp-block-image\"><img loading=\"lazy\" decoding=\"async\" width=\"1024\" height=\"682\" src=\"https:\/\/contextoanalisisperiodistico.com\/wp-content\/uploads\/2025\/03\/img-20250312-wa01532240243536300549879-1024x682.jpg\" alt=\"\" class=\"wp-image-38417\" srcset=\"https:\/\/contextoanalisisperiodistico.com\/wp-content\/uploads\/2025\/03\/img-20250312-wa01532240243536300549879-1024x682.jpg 1024w, https:\/\/contextoanalisisperiodistico.com\/wp-content\/uploads\/2025\/03\/img-20250312-wa01532240243536300549879-300x200.jpg 300w, https:\/\/contextoanalisisperiodistico.com\/wp-content\/uploads\/2025\/03\/img-20250312-wa01532240243536300549879-768x512.jpg 768w, https:\/\/contextoanalisisperiodistico.com\/wp-content\/uploads\/2025\/03\/img-20250312-wa01532240243536300549879.jpg 1280w\" sizes=\"(max-width: 1024px) 100vw, 1024px\" \/><\/figure>\n\n\n\n<figure class=\"wp-block-image\"><img loading=\"lazy\" decoding=\"async\" width=\"1024\" height=\"682\" src=\"https:\/\/contextoanalisisperiodistico.com\/wp-content\/uploads\/2025\/03\/img-20250312-wa01516343636421258587921-1024x682.jpg\" alt=\"\" class=\"wp-image-38418\" srcset=\"https:\/\/contextoanalisisperiodistico.com\/wp-content\/uploads\/2025\/03\/img-20250312-wa01516343636421258587921-1024x682.jpg 1024w, https:\/\/contextoanalisisperiodistico.com\/wp-content\/uploads\/2025\/03\/img-20250312-wa01516343636421258587921-300x200.jpg 300w, https:\/\/contextoanalisisperiodistico.com\/wp-content\/uploads\/2025\/03\/img-20250312-wa01516343636421258587921-768x512.jpg 768w, https:\/\/contextoanalisisperiodistico.com\/wp-content\/uploads\/2025\/03\/img-20250312-wa01516343636421258587921.jpg 1280w\" sizes=\"(max-width: 1024px) 100vw, 1024px\" \/><\/figure>\n\n\n\n<p>Tlacolula de Matamoros, Oax. 12 marzo de 2025.- En esta tierra zapoteca, considerada como la primera civilizaci\u00f3n mesoamericana, el Gobernador Salom\u00f3n Jara Cruz anunci\u00f3 obras y acciones en los rubros de salud, educaci\u00f3n, alimentaci\u00f3n, campo, infraestructura y programas sociales que permitir\u00e1n que las familias tlacolulenses contin\u00faen con el desarrollo que impulsa la Primavera Oaxaque\u00f1a.<\/p>\n\n\n\n<p>El Mandatario estatal refrend\u00f3 su compromiso para atender las necesidades de este municipio a trav\u00e9s de la estrategia Trabajo que Transforma tu Municipio, una acci\u00f3n de apoyo directo a la poblaci\u00f3n, sin intermediarios, para elevar la calidad de vida de las oaxaque\u00f1as y oaxaque\u00f1os.<\/p>\n\n\n\n<p>\u201cPoco a poco est\u00e1 llegando la transformaci\u00f3n a Oaxaca, no somos omisos y vamos a dar respuesta a las solicitudes m\u00e1s apremiantes para que esta poblaci\u00f3n acceda al progreso que demanda la ciudadan\u00eda\u201d, destac\u00f3.<\/p>\n\n\n\n<p>En Tlacolula -entre lleno de varas-, el Gobernador recibi\u00f3 de parte de autoridades municipales y pobladores las solicitudes, entre ellas la realizaci\u00f3n de un proyecto para la construcci\u00f3n de un mercado; un pozo de agua en Rancho Valle del Lago, la adquisici\u00f3n de un predio para una escuela y la certeza jur\u00eddica de propiedades de habitantes.<\/p>\n\n\n\n<p>Desde territorio y no de escritorio<\/p>\n\n\n\n<p>Durante su gira por esta localidad de Valles Centrales, Jara Cruz expuso que su administraci\u00f3n trabaja desde territorio y no de escritorio, es decir, acude a los pueblos y comunidades para atender de manera personal las peticiones de la gente.<\/p>\n\n\n\n<p>En este sentido, el Sistema Estatal para el Desarrollo Integral de la Familia (DIF) Oaxaca inform\u00f3 que realiza acciones de los programas Desayuno de Letritas e Itacate de mi Coraz\u00f3n a favor 913 familias, con una inversi\u00f3n de 2 millones 437 mil 895 pesos<\/p>\n\n\n\n<p>La Secretar\u00eda de Bienestar, Tequio e Inclusi\u00f3n (Sebienti) dio a conocer que se respalda con una inversi\u00f3n de 672 mil pesos a 56 jefas de familia mediante la Tarjeta Margarita Maza. Ante la instrucci\u00f3n del Mandatario estatal se incrementar\u00e1 el apoyo a 80 mujeres con una inversi\u00f3n de 960 mil pesos.<\/p>\n\n\n\n<p>Servicios de Salud de Oaxaca (SSO) expuso que se canaliz\u00f3 2 millones de pesos para la mejora de los centros de salud de un n\u00facleo b\u00e1sico de San Marcos Tlapazola y San Luis de R\u00edo, as\u00ed como para el Centro Estatal para la Prevenci\u00f3n y Atenci\u00f3n de la Violencia Familiar del programa La Cl\u00ednica es Nuestra.<\/p>\n\n\n\n<p>En tanto, la Secretar\u00eda de Fomento Agroalimentario y Desarrollo Rural (Sefader) dio a conocer que mediante una inversi\u00f3n de 4 millones 600 mil pesos se brinda capacitaci\u00f3n t\u00e9cnica y entrega de ma\u00edz mejorado, no transg\u00e9nico, para apoyar la autoalimentaci\u00f3n de la poblaci\u00f3n, as\u00ed como insumos para el control de plagas y enfermedades.<\/p>\n\n\n\n<p>Detall\u00f3 que en 2023 se apoy\u00f3 a 200 personas productoras y en el 2024 a 213, as\u00ed como a cuatro personas apicultoras para el control de plagas. En apoyo a la certificaci\u00f3n del mezcal, el Gobierno de la Primavera Oaxaque\u00f1a cubri\u00f3 el pago del 50 por ciento de este proceso.<\/p>\n\n\n\n<p>La Comisi\u00f3n Estatal del Agua para el Bienestar (Ceabien) realizar\u00e1 la visita t\u00e9cnica para la introducci\u00f3n del drenaje sanitario en Rancho Valle del Lago y se autoriz\u00f3 la primera etapa de la ampliaci\u00f3n de agua potable por 5 millones de pesos en este municipio.<\/p>\n\n\n\n<p>Se anunci\u00f3 que el Gobierno del Estado aportar\u00e1 el 50 por ciento para la construcci\u00f3n de un Centro Polideportivo Cultural en la localidad de Alf\u00e9rez con 5 millones de pesos, para una primera etapa, la otra mitad lo otorgar\u00e1 el municipio de Tlacolula.<\/p>\n\n\n\n<p>El Instituto Estatal de Educaci\u00f3n P\u00fablica de Oaxaca (IEEPO) inform\u00f3 que se respaldar\u00e1 con 5 millones 215 mil pesos a 42 instituciones educativas del nivel b\u00e1sico con equipo, mobiliario, computadoras, impresoras, pizarrones y material deportivo, de aseo y de oficina. Se expuso que como resultado del esfuerzo conjunto entre los gobiernos federal, estatal y el magisterio oaxaque\u00f1o, se brindar\u00e1n uniformes al estudiantado de este municipio y de la entidad.<\/p>\n\n\n\n<p>Asimismo, el Instituto Oaxaque\u00f1o Constructor de Infraestructura Educativa (Iocied) atender\u00e1 el mejoramiento de las primarias \u201cL\u00f3pez Mateos\u201d, \u201cRufino Tamayo\u201d, \u201cBelisario Dom\u00ednguez\u201d, \u201cMelchor Ocampo\u201d, \u201cYagay\u201d, \u201cSor Juana In\u00e9s de la Cruz\u201d y, el Centro de Atenci\u00f3n M\u00faltiple (CAM) 22.<\/p>\n\n\n\n<p>As\u00ed como al Colegio de Bachilleres de Oaxaca (Cobao), los Jardines de Ni\u00f1os \u201cCarmen Norma Monroy\u201d y \u201cVicente Lombardo Toledano\u201d; la Secundaria T\u00e9cnica 48 y el Centro de Estudio Tecnol\u00f3gico, Industriales y de Servicios (CETIS) 124 para la construcci\u00f3n de techados, aulas, plazas c\u00edvicas, bardas, l\u00e1minas y dem\u00e1s atenci\u00f3n que requieran.<\/p>\n\n\n\n<p>-0-<\/p>\n","protected":false},"excerpt":{"rendered":"<p>\u2022 Mediante la estrategia Trabajo que Transforma tu Municipio, el Gobernador atendi\u00f3 personalmente cada una&#8230;<\/p>\n","protected":false},"author":4,"featured_media":38413,"comment_status":"","ping_status":"open","sticky":false,"template":"","format":"standard","meta":{"footnotes":""},"categories":[9],"tags":[],"jetpack_sharing_enabled":true,"featured_image_urls":{"full":["https:\/\/contextoanalisisperiodistico.com\/wp-content\/uploads\/2025\/03\/IMG-20250312-WA0150.jpg",1280,853,false],"thumbnail":["https:\/\/contextoanalisisperiodistico.com\/wp-content\/uploads\/2025\/03\/IMG-20250312-WA0150-150x150.jpg",150,150,true],"medium":["https:\/\/contextoanalisisperiodistico.com\/wp-content\/uploads\/2025\/03\/IMG-20250312-WA0150-300x200.jpg",300,200,true],"medium_large":["https:\/\/contextoanalisisperiodistico.com\/wp-content\/uploads\/2025\/03\/IMG-20250312-WA0150-768x512.jpg",640,427,true],"large":["https:\/\/contextoanalisisperiodistico.com\/wp-content\/uploads\/2025\/03\/IMG-20250312-WA0150-1024x682.jpg",640,426,true],"1536x1536":["https:\/\/contextoanalisisperiodistico.com\/wp-content\/uploads\/2025\/03\/IMG-20250312-WA0150.jpg",1280,853,false],"2048x2048":["https:\/\/contextoanalisisperiodistico.com\/wp-content\/uploads\/2025\/03\/IMG-20250312-WA0150.jpg",1280,853,false],"covernews-slider-full":["https:\/\/contextoanalisisperiodistico.com\/wp-content\/uploads\/2025\/03\/IMG-20250312-WA0150-1115x715.jpg",1115,715,true],"covernews-slider-center":["https:\/\/contextoanalisisperiodistico.com\/wp-content\/uploads\/2025\/03\/IMG-20250312-WA0150-800x500.jpg",800,500,true],"covernews-featured":["https:\/\/contextoanalisisperiodistico.com\/wp-content\/uploads\/2025\/03\/IMG-20250312-WA0150-1024x682.jpg",1024,682,true],"covernews-medium":["https:\/\/contextoanalisisperiodistico.com\/wp-content\/uploads\/2025\/03\/IMG-20250312-WA0150-540x340.jpg",540,340,true],"covernews-medium-square":["https:\/\/contextoanalisisperiodistico.com\/wp-content\/uploads\/2025\/03\/IMG-20250312-WA0150-400x250.jpg",400,250,true]},"author_info":{"display_name":"Mario Gir\u00f3n","author_link":"https:\/\/contextoanalisisperiodistico.com\/index.php\/author\/director\/"},"category_info":"<a href=\"https:\/\/contextoanalisisperiodistico.com\/index.php\/category\/politica\/\" rel=\"category tag\">Pol\u00edtica<\/a>","tag_info":"Pol\u00edtica","comment_count":"0","jetpack_featured_media_url":"https:\/\/contextoanalisisperiodistico.com\/wp-content\/uploads\/2025\/03\/IMG-20250312-WA0150.jpg","_links":{"self":[{"href":"https:\/\/contextoanalisisperiodistico.com\/index.php\/wp-json\/wp\/v2\/posts\/38419"}],"collection":[{"href":"https:\/\/contextoanalisisperiodistico.com\/index.php\/wp-json\/wp\/v2\/posts"}],"about":[{"href":"https:\/\/contextoanalisisperiodistico.com\/index.php\/wp-json\/wp\/v2\/types\/post"}],"author":[{"embeddable":true,"href":"https:\/\/contextoanalisisperiodistico.com\/index.php\/wp-json\/wp\/v2\/users\/4"}],"replies":[{"embeddable":true,"href":"https:\/\/contextoanalisisperiodistico.com\/index.php\/wp-json\/wp\/v2\/comments?post=38419"}],"version-history":[{"count":0,"href":"https:\/\/contextoanalisisperiodistico.com\/index.php\/wp-json\/wp\/v2\/posts\/38419\/revisions"}],"wp:featuredmedia":[{"embeddable":true,"href":"https:\/\/contextoanalisisperiodistico.com\/index.php\/wp-json\/wp\/v2\/media\/38413"}],"wp:attachment":[{"href":"https:\/\/contextoanalisisperiodistico.com\/index.php\/wp-json\/wp\/v2\/media?parent=38419"}],"wp:term":[{"taxonomy":"category","embeddable":true,"href":"https:\/\/contextoanalisisperiodistico.com\/index.php\/wp-json\/wp\/v2\/categories?post=38419"},{"taxonomy":"post_tag","embeddable":true,"href":"https:\/\/contextoanalisisperiodistico.com\/index.php\/wp-json\/wp\/v2\/tags?post=38419"}],"curies":[{"name":"wp","href":"https:\/\/api.w.org\/{rel}","templated":true}]}}