{"id":38412,"date":"2025-03-12T14:57:51","date_gmt":"2025-03-12T20:57:51","guid":{"rendered":"https:\/\/contextoanalisisperiodistico.com\/index.php\/2025\/03\/12\/participa-ray-chagoya-en-la-capacitacion-manual-del-alcalde-2025\/"},"modified":"2025-03-12T14:57:51","modified_gmt":"2025-03-12T20:57:51","slug":"participa-ray-chagoya-en-la-capacitacion-manual-del-alcalde-2025","status":"publish","type":"post","link":"https:\/\/contextoanalisisperiodistico.com\/index.php\/2025\/03\/12\/participa-ray-chagoya-en-la-capacitacion-manual-del-alcalde-2025\/","title":{"rendered":"Participa Ray Chagoya en la Capacitaci\u00f3n Manual del Alcalde 2025"},"content":{"rendered":"<div id=\"fb-root\"><\/div>\n\n<p>\u2022 Representa una gu\u00eda fundamental para fortalecer la administraci\u00f3n de justicia en la capital<\/p>\n\n\n\n<figure class=\"wp-block-image size-large\"><img fetchpriority=\"high\" decoding=\"async\" width=\"1024\" height=\"684\" src=\"https:\/\/contextoanalisisperiodistico.com\/wp-content\/uploads\/2025\/03\/img-20250312-wa01031873235300000408501-1024x684.jpg\" alt=\"\" class=\"wp-image-38411\" srcset=\"https:\/\/contextoanalisisperiodistico.com\/wp-content\/uploads\/2025\/03\/img-20250312-wa01031873235300000408501-1024x684.jpg 1024w, https:\/\/contextoanalisisperiodistico.com\/wp-content\/uploads\/2025\/03\/img-20250312-wa01031873235300000408501-300x200.jpg 300w, https:\/\/contextoanalisisperiodistico.com\/wp-content\/uploads\/2025\/03\/img-20250312-wa01031873235300000408501-768x513.jpg 768w, https:\/\/contextoanalisisperiodistico.com\/wp-content\/uploads\/2025\/03\/img-20250312-wa01031873235300000408501-1536x1027.jpg 1536w, https:\/\/contextoanalisisperiodistico.com\/wp-content\/uploads\/2025\/03\/img-20250312-wa01031873235300000408501.jpg 1616w\" sizes=\"(max-width: 1024px) 100vw, 1024px\" \/><\/figure>\n\n\n\n<figure class=\"wp-block-image\"><img decoding=\"async\" width=\"1024\" height=\"684\" src=\"https:\/\/contextoanalisisperiodistico.com\/wp-content\/uploads\/2025\/03\/img-20250312-wa01046167023552694033719-1024x684.jpg\" alt=\"\" class=\"wp-image-38409\" srcset=\"https:\/\/contextoanalisisperiodistico.com\/wp-content\/uploads\/2025\/03\/img-20250312-wa01046167023552694033719-1024x684.jpg 1024w, https:\/\/contextoanalisisperiodistico.com\/wp-content\/uploads\/2025\/03\/img-20250312-wa01046167023552694033719-300x200.jpg 300w, https:\/\/contextoanalisisperiodistico.com\/wp-content\/uploads\/2025\/03\/img-20250312-wa01046167023552694033719-768x513.jpg 768w, https:\/\/contextoanalisisperiodistico.com\/wp-content\/uploads\/2025\/03\/img-20250312-wa01046167023552694033719-1536x1027.jpg 1536w, https:\/\/contextoanalisisperiodistico.com\/wp-content\/uploads\/2025\/03\/img-20250312-wa01046167023552694033719.jpg 1616w\" sizes=\"(max-width: 1024px) 100vw, 1024px\" \/><\/figure>\n\n\n\n<figure class=\"wp-block-image\"><img decoding=\"async\" width=\"1024\" height=\"684\" src=\"https:\/\/contextoanalisisperiodistico.com\/wp-content\/uploads\/2025\/03\/img-20250312-wa0101664217206556437614-1024x684.jpg\" alt=\"\" class=\"wp-image-38408\" srcset=\"https:\/\/contextoanalisisperiodistico.com\/wp-content\/uploads\/2025\/03\/img-20250312-wa0101664217206556437614-1024x684.jpg 1024w, https:\/\/contextoanalisisperiodistico.com\/wp-content\/uploads\/2025\/03\/img-20250312-wa0101664217206556437614-300x200.jpg 300w, https:\/\/contextoanalisisperiodistico.com\/wp-content\/uploads\/2025\/03\/img-20250312-wa0101664217206556437614-768x513.jpg 768w, https:\/\/contextoanalisisperiodistico.com\/wp-content\/uploads\/2025\/03\/img-20250312-wa0101664217206556437614-1536x1027.jpg 1536w, https:\/\/contextoanalisisperiodistico.com\/wp-content\/uploads\/2025\/03\/img-20250312-wa0101664217206556437614.jpg 1616w\" sizes=\"(max-width: 1024px) 100vw, 1024px\" \/><\/figure>\n\n\n\n<figure class=\"wp-block-image\"><img loading=\"lazy\" decoding=\"async\" width=\"792\" height=\"1024\" src=\"https:\/\/contextoanalisisperiodistico.com\/wp-content\/uploads\/2025\/03\/img-20250312-wa01003950218790501468296-792x1024.jpg\" alt=\"\" class=\"wp-image-38410\" srcset=\"https:\/\/contextoanalisisperiodistico.com\/wp-content\/uploads\/2025\/03\/img-20250312-wa01003950218790501468296-792x1024.jpg 792w, https:\/\/contextoanalisisperiodistico.com\/wp-content\/uploads\/2025\/03\/img-20250312-wa01003950218790501468296-232x300.jpg 232w, https:\/\/contextoanalisisperiodistico.com\/wp-content\/uploads\/2025\/03\/img-20250312-wa01003950218790501468296-768x993.jpg 768w, https:\/\/contextoanalisisperiodistico.com\/wp-content\/uploads\/2025\/03\/img-20250312-wa01003950218790501468296.jpg 835w\" sizes=\"(max-width: 792px) 100vw, 792px\" \/><\/figure>\n\n\n\n<p>Oaxaca de Ju\u00e1rez, Oax. 12 de marzo de 2025. \u2013 El Presidente Municipal de Oaxaca de Ju\u00e1rez, Ray Chagoya particip\u00f3 en la capacitaci\u00f3n y entrega del Manual del Alcalde 2025, una gu\u00eda para fortalecer la administraci\u00f3n de justicia en la capital.<\/p>\n\n\n\n<p>A convocatoria del H. Tribunal Superior de Justicia del Estado de Oaxaca, el evento busca capacitar a los alcaldes municipales sobre la aplicaci\u00f3n de nuevas herramientas normativas, orientadas a mejorar la administraci\u00f3n de justicia en los municipios.<\/p>\n\n\n\n<p>Durante su intervenci\u00f3n, el edil destac\u00f3 que su compromiso es garantizar procesos basados en la legalidad, la equidad y la protecci\u00f3n de los derechos humanos, brindando un mejor servicio a las vecinas y vecinos de nuestra capital, \u201cseguimos avanzando con responsabilidad y transparencia\u201d, subray\u00f3.<\/p>\n\n\n\n<p>En este marco la Magistrada Presidenta del Tribunal Superior de Justicia de Oaxaca, Berenice Ram\u00edrez Jim\u00e9nez, destac\u00f3 la importancia de estrechar la colaboraci\u00f3n entre los municipios y el Poder Judicial, resaltando que el trabajo conjunto es esencial para fortalecer los lazos de cooperaci\u00f3n y mejorar la justicia en la entidad.<\/p>\n\n\n\n<p>Con esta participaci\u00f3n, Ray Chagoya reafirma su compromiso con la legalidad para fortalecer un gobierno municipal responsable y transparente, al servicio de la ciudadan\u00eda oaxaque\u00f1a.<\/p>\n","protected":false},"excerpt":{"rendered":"<p>\u2022 Representa una gu\u00eda fundamental para fortalecer la administraci\u00f3n de justicia en la capital Oaxaca&#8230;<\/p>\n","protected":false},"author":4,"featured_media":38407,"comment_status":"","ping_status":"open","sticky":false,"template":"","format":"standard","meta":{"footnotes":""},"categories":[9],"tags":[178,235,234,45],"jetpack_sharing_enabled":true,"featured_image_urls":{"full":["https:\/\/contextoanalisisperiodistico.com\/wp-content\/uploads\/2025\/03\/IMG-20250312-WA0102.jpg",1428,896,false],"thumbnail":["https:\/\/contextoanalisisperiodistico.com\/wp-content\/uploads\/2025\/03\/IMG-20250312-WA0102-150x150.jpg",150,150,true],"medium":["https:\/\/contextoanalisisperiodistico.com\/wp-content\/uploads\/2025\/03\/IMG-20250312-WA0102-300x188.jpg",300,188,true],"medium_large":["https:\/\/contextoanalisisperiodistico.com\/wp-content\/uploads\/2025\/03\/IMG-20250312-WA0102-768x482.jpg",640,402,true],"large":["https:\/\/contextoanalisisperiodistico.com\/wp-content\/uploads\/2025\/03\/IMG-20250312-WA0102-1024x643.jpg",640,402,true],"1536x1536":["https:\/\/contextoanalisisperiodistico.com\/wp-content\/uploads\/2025\/03\/IMG-20250312-WA0102.jpg",1428,896,false],"2048x2048":["https:\/\/contextoanalisisperiodistico.com\/wp-content\/uploads\/2025\/03\/IMG-20250312-WA0102.jpg",1428,896,false],"covernews-slider-full":["https:\/\/contextoanalisisperiodistico.com\/wp-content\/uploads\/2025\/03\/IMG-20250312-WA0102-1115x715.jpg",1115,715,true],"covernews-slider-center":["https:\/\/contextoanalisisperiodistico.com\/wp-content\/uploads\/2025\/03\/IMG-20250312-WA0102-800x500.jpg",800,500,true],"covernews-featured":["https:\/\/contextoanalisisperiodistico.com\/wp-content\/uploads\/2025\/03\/IMG-20250312-WA0102-1024x643.jpg",1024,643,true],"covernews-medium":["https:\/\/contextoanalisisperiodistico.com\/wp-content\/uploads\/2025\/03\/IMG-20250312-WA0102-540x340.jpg",540,340,true],"covernews-medium-square":["https:\/\/contextoanalisisperiodistico.com\/wp-content\/uploads\/2025\/03\/IMG-20250312-WA0102-400x250.jpg",400,250,true]},"author_info":{"display_name":"Mario Gir\u00f3n","author_link":"https:\/\/contextoanalisisperiodistico.com\/index.php\/author\/director\/"},"category_info":"<a href=\"https:\/\/contextoanalisisperiodistico.com\/index.php\/category\/politica\/\" rel=\"category tag\">Pol\u00edtica<\/a>","tag_info":"Pol\u00edtica","comment_count":"0","jetpack_featured_media_url":"https:\/\/contextoanalisisperiodistico.com\/wp-content\/uploads\/2025\/03\/IMG-20250312-WA0102.jpg","_links":{"self":[{"href":"https:\/\/contextoanalisisperiodistico.com\/index.php\/wp-json\/wp\/v2\/posts\/38412"}],"collection":[{"href":"https:\/\/contextoanalisisperiodistico.com\/index.php\/wp-json\/wp\/v2\/posts"}],"about":[{"href":"https:\/\/contextoanalisisperiodistico.com\/index.php\/wp-json\/wp\/v2\/types\/post"}],"author":[{"embeddable":true,"href":"https:\/\/contextoanalisisperiodistico.com\/index.php\/wp-json\/wp\/v2\/users\/4"}],"replies":[{"embeddable":true,"href":"https:\/\/contextoanalisisperiodistico.com\/index.php\/wp-json\/wp\/v2\/comments?post=38412"}],"version-history":[{"count":0,"href":"https:\/\/contextoanalisisperiodistico.com\/index.php\/wp-json\/wp\/v2\/posts\/38412\/revisions"}],"wp:featuredmedia":[{"embeddable":true,"href":"https:\/\/contextoanalisisperiodistico.com\/index.php\/wp-json\/wp\/v2\/media\/38407"}],"wp:attachment":[{"href":"https:\/\/contextoanalisisperiodistico.com\/index.php\/wp-json\/wp\/v2\/media?parent=38412"}],"wp:term":[{"taxonomy":"category","embeddable":true,"href":"https:\/\/contextoanalisisperiodistico.com\/index.php\/wp-json\/wp\/v2\/categories?post=38412"},{"taxonomy":"post_tag","embeddable":true,"href":"https:\/\/contextoanalisisperiodistico.com\/index.php\/wp-json\/wp\/v2\/tags?post=38412"}],"curies":[{"name":"wp","href":"https:\/\/api.w.org\/{rel}","templated":true}]}}