{"id":38398,"date":"2025-03-12T12:13:15","date_gmt":"2025-03-12T18:13:15","guid":{"rendered":"https:\/\/contextoanalisisperiodistico.com\/index.php\/2025\/03\/12\/gobierno-capitalino-lanza-convocatoria-para-ingresar-a-la-policia-municipal\/"},"modified":"2025-03-12T12:13:15","modified_gmt":"2025-03-12T18:13:15","slug":"gobierno-capitalino-lanza-convocatoria-para-ingresar-a-la-policia-municipal","status":"publish","type":"post","link":"https:\/\/contextoanalisisperiodistico.com\/index.php\/2025\/03\/12\/gobierno-capitalino-lanza-convocatoria-para-ingresar-a-la-policia-municipal\/","title":{"rendered":"Gobierno capitalino lanza convocatoria para ingresar a la Polic\u00eda Municipal"},"content":{"rendered":"<div id=\"fb-root\"><\/div>\n\n<p>Oaxaca de Ju\u00e1rez, Oax., 12 de marzo de 2025. &#8211; El Ayuntamiento de Oaxaca de Ju\u00e1rez, a trav\u00e9s de la Secretar\u00eda de Seguridad Vecinal, en colaboraci\u00f3n con la Academia de Polic\u00eda y la Comisi\u00f3n del Servicio Profesional de Carrera, Honor y Justicia Policial de la Secretar\u00eda de Seguridad Vecinal, convocan a hombres y mujeres a participar en la selecci\u00f3n para ingresar a la Polic\u00eda Municipal de Oaxaca de Ju\u00e1rez.<\/p>\n\n\n\n<p>El titular de la Secretar\u00eda, Teniente Coronel DEM, Claudio de Jes\u00fas P\u00e9rez y P\u00e9rez, dijo que la convocatoria va dirigida a hombres y mujeres de 18 a 32 a\u00f1os de edad, quienes deber\u00e1n cumplir con los requisitos, como ser de notoria buena conducta, no contar con antecedentes penales y contar con la educaci\u00f3n media superior.<\/p>\n\n\n\n<p>Adem\u00e1s, a\u00f1adi\u00f3, deben presentar documentos personales en original y copia, contar con el perfil f\u00edsico, m\u00e9dico y de personalidad, as\u00ed como deben aprobar los ex\u00e1menes de selecci\u00f3n y el curso de formaci\u00f3n inicial; as\u00ed como aprobar los procesos de evaluaci\u00f3n del Centro de Control de Confianza (C3).<\/p>\n\n\n\n<p>Los aspirantes deber\u00e1n acudir personalmente a entregar la totalidad de los documentos en la oficina de la Academia de Polic\u00eda, ubicada en las instalaciones de la Secretar\u00eda de Seguridad Vecinal, ubicadas en Avenida Jos\u00e9 Mar\u00eda Morelos 108, Centro, en un horario de 08:00 a 16:00 horas, de lunes a viernes, donde les proporcionar\u00e1n m\u00e1s informaci\u00f3n sobre el proceso de los ex\u00e1menes.<\/p>\n\n\n\n<p>En caso de no aprobar la Evaluaci\u00f3n de Control y Confianza que aplica el C-3 Estatal, el tr\u00e1mite de alta del interesado quedar\u00e1 invalidado.<\/p>\n\n\n\n<p>Continuar\u00e1n el proceso e ingresar\u00e1n al Curso de Formaci\u00f3n Inicial, los aspirantes que hayan resultado aptos y aprobados en las evaluaciones realizadas.<\/p>\n\n\n\n<p>El curso tiene una duraci\u00f3n de 580 horas en la modalidad de cadete y cada elemento recibir\u00e1 una beca mensual de 4 mil 217.31 pesos y una vez aprobado, se realizar\u00e1 la contrataci\u00f3n como Polic\u00eda Municipal.<\/p>\n\n\n\n<p>Para mayores informes, dudas y\/o aclaraciones respecto al contenido de la presente convocatoria, comunicarse al tel\u00e9fono 951-516-6878.<\/p>\n","protected":false},"excerpt":{"rendered":"<p>Oaxaca de Ju\u00e1rez, Oax., 12 de marzo de 2025. &#8211; El Ayuntamiento de Oaxaca de&#8230;<\/p>\n","protected":false},"author":4,"featured_media":38397,"comment_status":"","ping_status":"open","sticky":false,"template":"","format":"standard","meta":{"footnotes":""},"categories":[9],"tags":[178,235,234,45],"jetpack_sharing_enabled":true,"featured_image_urls":{"full":["https:\/\/contextoanalisisperiodistico.com\/wp-content\/uploads\/2025\/03\/IMG-20250312-WA0068.jpg",1131,1600,false],"thumbnail":["https:\/\/contextoanalisisperiodistico.com\/wp-content\/uploads\/2025\/03\/IMG-20250312-WA0068-150x150.jpg",150,150,true],"medium":["https:\/\/contextoanalisisperiodistico.com\/wp-content\/uploads\/2025\/03\/IMG-20250312-WA0068-212x300.jpg",212,300,true],"medium_large":["https:\/\/contextoanalisisperiodistico.com\/wp-content\/uploads\/2025\/03\/IMG-20250312-WA0068-768x1086.jpg",640,905,true],"large":["https:\/\/contextoanalisisperiodistico.com\/wp-content\/uploads\/2025\/03\/IMG-20250312-WA0068-724x1024.jpg",640,905,true],"1536x1536":["https:\/\/contextoanalisisperiodistico.com\/wp-content\/uploads\/2025\/03\/IMG-20250312-WA0068-1086x1536.jpg",1086,1536,true],"2048x2048":["https:\/\/contextoanalisisperiodistico.com\/wp-content\/uploads\/2025\/03\/IMG-20250312-WA0068.jpg",1131,1600,false],"covernews-slider-full":["https:\/\/contextoanalisisperiodistico.com\/wp-content\/uploads\/2025\/03\/IMG-20250312-WA0068-1115x715.jpg",1115,715,true],"covernews-slider-center":["https:\/\/contextoanalisisperiodistico.com\/wp-content\/uploads\/2025\/03\/IMG-20250312-WA0068-800x500.jpg",800,500,true],"covernews-featured":["https:\/\/contextoanalisisperiodistico.com\/wp-content\/uploads\/2025\/03\/IMG-20250312-WA0068-1024x1449.jpg",1024,1449,true],"covernews-medium":["https:\/\/contextoanalisisperiodistico.com\/wp-content\/uploads\/2025\/03\/IMG-20250312-WA0068-540x340.jpg",540,340,true],"covernews-medium-square":["https:\/\/contextoanalisisperiodistico.com\/wp-content\/uploads\/2025\/03\/IMG-20250312-WA0068-400x250.jpg",400,250,true]},"author_info":{"display_name":"Mario Gir\u00f3n","author_link":"https:\/\/contextoanalisisperiodistico.com\/index.php\/author\/director\/"},"category_info":"<a href=\"https:\/\/contextoanalisisperiodistico.com\/index.php\/category\/politica\/\" rel=\"category tag\">Pol\u00edtica<\/a>","tag_info":"Pol\u00edtica","comment_count":"0","jetpack_featured_media_url":"https:\/\/contextoanalisisperiodistico.com\/wp-content\/uploads\/2025\/03\/IMG-20250312-WA0068.jpg","_links":{"self":[{"href":"https:\/\/contextoanalisisperiodistico.com\/index.php\/wp-json\/wp\/v2\/posts\/38398"}],"collection":[{"href":"https:\/\/contextoanalisisperiodistico.com\/index.php\/wp-json\/wp\/v2\/posts"}],"about":[{"href":"https:\/\/contextoanalisisperiodistico.com\/index.php\/wp-json\/wp\/v2\/types\/post"}],"author":[{"embeddable":true,"href":"https:\/\/contextoanalisisperiodistico.com\/index.php\/wp-json\/wp\/v2\/users\/4"}],"replies":[{"embeddable":true,"href":"https:\/\/contextoanalisisperiodistico.com\/index.php\/wp-json\/wp\/v2\/comments?post=38398"}],"version-history":[{"count":0,"href":"https:\/\/contextoanalisisperiodistico.com\/index.php\/wp-json\/wp\/v2\/posts\/38398\/revisions"}],"wp:featuredmedia":[{"embeddable":true,"href":"https:\/\/contextoanalisisperiodistico.com\/index.php\/wp-json\/wp\/v2\/media\/38397"}],"wp:attachment":[{"href":"https:\/\/contextoanalisisperiodistico.com\/index.php\/wp-json\/wp\/v2\/media?parent=38398"}],"wp:term":[{"taxonomy":"category","embeddable":true,"href":"https:\/\/contextoanalisisperiodistico.com\/index.php\/wp-json\/wp\/v2\/categories?post=38398"},{"taxonomy":"post_tag","embeddable":true,"href":"https:\/\/contextoanalisisperiodistico.com\/index.php\/wp-json\/wp\/v2\/tags?post=38398"}],"curies":[{"name":"wp","href":"https:\/\/api.w.org\/{rel}","templated":true}]}}