{"id":38395,"date":"2025-03-12T11:21:06","date_gmt":"2025-03-12T17:21:06","guid":{"rendered":"https:\/\/contextoanalisisperiodistico.com\/?p=38395"},"modified":"2025-03-12T11:21:36","modified_gmt":"2025-03-12T17:21:36","slug":"oaxaca-se-suma-a-la-estrategia-vive-saludable-vive-feliz","status":"publish","type":"post","link":"https:\/\/contextoanalisisperiodistico.com\/index.php\/2025\/03\/12\/oaxaca-se-suma-a-la-estrategia-vive-saludable-vive-feliz\/","title":{"rendered":"Oaxaca se suma a la estrategia \u201cVive saludable, Vive feliz\u201d"},"content":{"rendered":"<div id=\"fb-root\"><\/div>\n\n<figure class=\"wp-block-image size-large\"><img fetchpriority=\"high\" decoding=\"async\" width=\"1024\" height=\"682\" src=\"https:\/\/contextoanalisisperiodistico.com\/wp-content\/uploads\/2025\/03\/img-20250312-wa00527327178319407385889-1024x682.jpg\" alt=\"\" class=\"wp-image-38391\" srcset=\"https:\/\/contextoanalisisperiodistico.com\/wp-content\/uploads\/2025\/03\/img-20250312-wa00527327178319407385889-1024x682.jpg 1024w, https:\/\/contextoanalisisperiodistico.com\/wp-content\/uploads\/2025\/03\/img-20250312-wa00527327178319407385889-300x200.jpg 300w, https:\/\/contextoanalisisperiodistico.com\/wp-content\/uploads\/2025\/03\/img-20250312-wa00527327178319407385889-768x512.jpg 768w, https:\/\/contextoanalisisperiodistico.com\/wp-content\/uploads\/2025\/03\/img-20250312-wa00527327178319407385889.jpg 1280w\" sizes=\"(max-width: 1024px) 100vw, 1024px\" \/><\/figure>\n\n\n\n<figure class=\"wp-block-image\"><img decoding=\"async\" width=\"300\" height=\"224\" src=\"https:\/\/contextoanalisisperiodistico.com\/wp-content\/uploads\/2025\/03\/img-20250312-wa00547459301920443750917-300x224.jpg\" alt=\"\" class=\"wp-image-38390\" srcset=\"https:\/\/contextoanalisisperiodistico.com\/wp-content\/uploads\/2025\/03\/img-20250312-wa00547459301920443750917-300x224.jpg 300w, https:\/\/contextoanalisisperiodistico.com\/wp-content\/uploads\/2025\/03\/img-20250312-wa00547459301920443750917-768x572.jpg 768w, https:\/\/contextoanalisisperiodistico.com\/wp-content\/uploads\/2025\/03\/img-20250312-wa00547459301920443750917.jpg 931w\" sizes=\"(max-width: 300px) 100vw, 300px\" \/><\/figure>\n\n\n\n<figure class=\"wp-block-image\"><img decoding=\"async\" width=\"1024\" height=\"682\" src=\"https:\/\/contextoanalisisperiodistico.com\/wp-content\/uploads\/2025\/03\/img-20250312-wa00568231257091466570133-1024x682.jpg\" alt=\"\" class=\"wp-image-38392\" srcset=\"https:\/\/contextoanalisisperiodistico.com\/wp-content\/uploads\/2025\/03\/img-20250312-wa00568231257091466570133-1024x682.jpg 1024w, https:\/\/contextoanalisisperiodistico.com\/wp-content\/uploads\/2025\/03\/img-20250312-wa00568231257091466570133-300x200.jpg 300w, https:\/\/contextoanalisisperiodistico.com\/wp-content\/uploads\/2025\/03\/img-20250312-wa00568231257091466570133-768x512.jpg 768w, https:\/\/contextoanalisisperiodistico.com\/wp-content\/uploads\/2025\/03\/img-20250312-wa00568231257091466570133.jpg 1280w\" sizes=\"(max-width: 1024px) 100vw, 1024px\" \/><\/figure>\n\n\n\n<figure class=\"wp-block-image\"><img loading=\"lazy\" decoding=\"async\" width=\"1024\" height=\"682\" src=\"https:\/\/contextoanalisisperiodistico.com\/wp-content\/uploads\/2025\/03\/img-20250312-wa00574550297745140767980-1024x682.jpg\" alt=\"\" class=\"wp-image-38394\" srcset=\"https:\/\/contextoanalisisperiodistico.com\/wp-content\/uploads\/2025\/03\/img-20250312-wa00574550297745140767980-1024x682.jpg 1024w, https:\/\/contextoanalisisperiodistico.com\/wp-content\/uploads\/2025\/03\/img-20250312-wa00574550297745140767980-300x200.jpg 300w, https:\/\/contextoanalisisperiodistico.com\/wp-content\/uploads\/2025\/03\/img-20250312-wa00574550297745140767980-768x512.jpg 768w, https:\/\/contextoanalisisperiodistico.com\/wp-content\/uploads\/2025\/03\/img-20250312-wa00574550297745140767980.jpg 1280w\" sizes=\"(max-width: 1024px) 100vw, 1024px\" \/><\/figure>\n\n\n\n<figure class=\"wp-block-image\"><img loading=\"lazy\" decoding=\"async\" width=\"1024\" height=\"682\" src=\"https:\/\/contextoanalisisperiodistico.com\/wp-content\/uploads\/2025\/03\/img-20250312-wa00584170041758495869537-1024x682.jpg\" alt=\"\" class=\"wp-image-38393\" srcset=\"https:\/\/contextoanalisisperiodistico.com\/wp-content\/uploads\/2025\/03\/img-20250312-wa00584170041758495869537-1024x682.jpg 1024w, https:\/\/contextoanalisisperiodistico.com\/wp-content\/uploads\/2025\/03\/img-20250312-wa00584170041758495869537-300x200.jpg 300w, https:\/\/contextoanalisisperiodistico.com\/wp-content\/uploads\/2025\/03\/img-20250312-wa00584170041758495869537-768x512.jpg 768w, https:\/\/contextoanalisisperiodistico.com\/wp-content\/uploads\/2025\/03\/img-20250312-wa00584170041758495869537.jpg 1280w\" sizes=\"(max-width: 1024px) 100vw, 1024px\" \/><\/figure>\n\n\n\n<p>\u2022 El Gobernador Salom\u00f3n Jara firm\u00f3 como testigo de honor el convenio de colaboraci\u00f3n y coordinaci\u00f3n interinstitucional para esta acci\u00f3n, entre SSO, el Sistema Estatal DIF y IEEPO<\/p>\n\n\n\n<p>\u2022 A partir del 27 de marzo, la venta de comida chatarra quedar\u00e1 prohibida al interior de las escuelas<\/p>\n\n\n\n<p>Oaxaca de Ju\u00e1rez, Oax. 12 de marzo de 2025.- Para convertir a las escuelas en espacios de prevenci\u00f3n y promoci\u00f3n de la salud, a fin de evitar la venta de comida chatarra y con ello reducir enfermedades como sobrepeso, obesidad y desnutrici\u00f3n en ni\u00f1as y ni\u00f1os, el Gobernador Salom\u00f3n Jara Cruz dio inicio en Oaxaca a la estrategia nacional \u201cVive saludable, vive feliz\u201d.<\/p>\n\n\n\n<p>Al firmar como testigo de honor el convenio de colaboraci\u00f3n y coordinaci\u00f3n interinstitucional para esta acci\u00f3n, entre Servicios de Salud de Oaxaca (SSO), el Sistema para el Desarrollo Integral de la Familia (DIF) Oaxaca y el Instituto Estatal de Educaci\u00f3n P\u00fablica de Oaxaca (IEEPO); Jara Cruz indic\u00f3 que este plan es impulsado por la Presidenta Claudia Sheinbaum, toda vez que M\u00e9xico ocupa el primer lugar en obesidad infantil a nivel mundial.<\/p>\n\n\n\n<p>De esta manera, el Mandatario estatal anunci\u00f3 que, a partir del 27 de marzo, la venta de comida chatarra quedar\u00e1 prohibida al interior de los planteles educativos; sin embargo, las cooperativas podr\u00e1n seguir ofertando productos saludables y nutritivos.<\/p>\n\n\n\n<p>\u201cEsta estrategia consiste en iniciar un censo en todas las escuelas de la entidad y el pa\u00eds, para conocer qu\u00e9 problemas bucales, visuales y auditivos presenta la ni\u00f1ez\u201d, inform\u00f3 durante la actividad realizada en la Primaria Matutina \u201cEnrique Pestalozzi\u201d, de Oaxaca de Ju\u00e1rez.<\/p>\n\n\n\n<p>En su oportunidad, el titular de SSO, Efr\u00e9n Emmanuel Jarqu\u00edn Gonz\u00e1lez dio a conocer que la estrategia concluir\u00e1 el pr\u00f3ximo 17 de diciembre y se desplegar\u00e1 a lo largo de las ocho regiones del estado con 28 brigadas que cubrir\u00e1n 5 mil 577 escuelas, impactando a 454 mil 747 estudiantes.<\/p>\n\n\n\n<p>Entre las principales acciones destacan: promoci\u00f3n de h\u00e1bitos de la salud e higiene y recomendaciones de alimentaci\u00f3n nutritiva, actividades f\u00edsicas y desarrollo de habilidades socioemocionales en el entorno escolar, intervenciones preventivas con pl\u00e1ticas sobre la t\u00e9cnica correcta de cepillado dental, revisi\u00f3n de caries, entre otras.<\/p>\n\n\n\n<p>El funcionario precis\u00f3 que la vigilancia de comida chatarra, se realizar\u00e1 de acuerdo con la Ley de los Derechos de Ni\u00f1as, Ni\u00f1os y Adolescentes para el Estado de Oaxaca (Art\u00edculo 22), con lo cual, el personal de SSO llevar\u00e1 a cabo la supervisi\u00f3n en planteles escolares sobre productos etiquetados bajo la norma 051.<\/p>\n\n\n\n<p>Por su parte, el director general del IEEPO, Emilio Montero P\u00e9rez se\u00f1al\u00f3 que la primera etapa de este plan finalizar\u00e1 el 11 de abril en la entidad y contempla a 437 escuelas, en beneficio de 50 mil 591 alumnas y alumnos.<\/p>\n\n\n\n<p>A\u00f1adi\u00f3 que los censos se realizar\u00e1n a trav\u00e9s de cuatro estaciones: medici\u00f3n de peso y talla, salud visual, salud bucal y promoci\u00f3n de estilos saludables.<\/p>\n\n\n\n<p>La directora general del Sistema DIF Oaxaca, Maribel Salinas Velasco explic\u00f3 que el organismo asistencial participar\u00e1 en las actividades relacionadas con la medici\u00f3n de peso y talla de las y los estudiantes de los centros educativos pertenecientes al IEEPO y al Consejo Nacional de Fomento Educativo (Conafe).<\/p>\n\n\n\n<p>Adem\u00e1s, informar\u00e1 al familiar de la ni\u00f1a o ni\u00f1o, todos los pasos, procedimientos y requerimientos para efectuar las mediciones de peso, de modo que conozcan el proceso y apoyen en la toma de las mediciones.<\/p>\n\n\n\n<p>-0-<\/p>\n","protected":false},"excerpt":{"rendered":"<p>\u2022 El Gobernador Salom\u00f3n Jara firm\u00f3 como testigo de honor el convenio de colaboraci\u00f3n y&#8230;<\/p>\n","protected":false},"author":4,"featured_media":38389,"comment_status":"closed","ping_status":"open","sticky":false,"template":"","format":"standard","meta":{"footnotes":""},"categories":[9],"tags":[],"jetpack_sharing_enabled":true,"featured_image_urls":{"full":["https:\/\/contextoanalisisperiodistico.com\/wp-content\/uploads\/2025\/03\/IMG-20250312-WA0055.jpg",1258,839,false],"thumbnail":["https:\/\/contextoanalisisperiodistico.com\/wp-content\/uploads\/2025\/03\/IMG-20250312-WA0055-150x150.jpg",150,150,true],"medium":["https:\/\/contextoanalisisperiodistico.com\/wp-content\/uploads\/2025\/03\/IMG-20250312-WA0055-300x200.jpg",300,200,true],"medium_large":["https:\/\/contextoanalisisperiodistico.com\/wp-content\/uploads\/2025\/03\/IMG-20250312-WA0055-768x512.jpg",640,427,true],"large":["https:\/\/contextoanalisisperiodistico.com\/wp-content\/uploads\/2025\/03\/IMG-20250312-WA0055-1024x683.jpg",640,427,true],"1536x1536":["https:\/\/contextoanalisisperiodistico.com\/wp-content\/uploads\/2025\/03\/IMG-20250312-WA0055.jpg",1258,839,false],"2048x2048":["https:\/\/contextoanalisisperiodistico.com\/wp-content\/uploads\/2025\/03\/IMG-20250312-WA0055.jpg",1258,839,false],"covernews-slider-full":["https:\/\/contextoanalisisperiodistico.com\/wp-content\/uploads\/2025\/03\/IMG-20250312-WA0055-1115x715.jpg",1115,715,true],"covernews-slider-center":["https:\/\/contextoanalisisperiodistico.com\/wp-content\/uploads\/2025\/03\/IMG-20250312-WA0055-800x500.jpg",800,500,true],"covernews-featured":["https:\/\/contextoanalisisperiodistico.com\/wp-content\/uploads\/2025\/03\/IMG-20250312-WA0055-1024x683.jpg",1024,683,true],"covernews-medium":["https:\/\/contextoanalisisperiodistico.com\/wp-content\/uploads\/2025\/03\/IMG-20250312-WA0055-540x340.jpg",540,340,true],"covernews-medium-square":["https:\/\/contextoanalisisperiodistico.com\/wp-content\/uploads\/2025\/03\/IMG-20250312-WA0055-400x250.jpg",400,250,true]},"author_info":{"display_name":"Mario Gir\u00f3n","author_link":"https:\/\/contextoanalisisperiodistico.com\/index.php\/author\/director\/"},"category_info":"<a href=\"https:\/\/contextoanalisisperiodistico.com\/index.php\/category\/politica\/\" rel=\"category tag\">Pol\u00edtica<\/a>","tag_info":"Pol\u00edtica","comment_count":"0","jetpack_featured_media_url":"https:\/\/contextoanalisisperiodistico.com\/wp-content\/uploads\/2025\/03\/IMG-20250312-WA0055.jpg","_links":{"self":[{"href":"https:\/\/contextoanalisisperiodistico.com\/index.php\/wp-json\/wp\/v2\/posts\/38395"}],"collection":[{"href":"https:\/\/contextoanalisisperiodistico.com\/index.php\/wp-json\/wp\/v2\/posts"}],"about":[{"href":"https:\/\/contextoanalisisperiodistico.com\/index.php\/wp-json\/wp\/v2\/types\/post"}],"author":[{"embeddable":true,"href":"https:\/\/contextoanalisisperiodistico.com\/index.php\/wp-json\/wp\/v2\/users\/4"}],"replies":[{"embeddable":true,"href":"https:\/\/contextoanalisisperiodistico.com\/index.php\/wp-json\/wp\/v2\/comments?post=38395"}],"version-history":[{"count":1,"href":"https:\/\/contextoanalisisperiodistico.com\/index.php\/wp-json\/wp\/v2\/posts\/38395\/revisions"}],"predecessor-version":[{"id":38396,"href":"https:\/\/contextoanalisisperiodistico.com\/index.php\/wp-json\/wp\/v2\/posts\/38395\/revisions\/38396"}],"wp:featuredmedia":[{"embeddable":true,"href":"https:\/\/contextoanalisisperiodistico.com\/index.php\/wp-json\/wp\/v2\/media\/38389"}],"wp:attachment":[{"href":"https:\/\/contextoanalisisperiodistico.com\/index.php\/wp-json\/wp\/v2\/media?parent=38395"}],"wp:term":[{"taxonomy":"category","embeddable":true,"href":"https:\/\/contextoanalisisperiodistico.com\/index.php\/wp-json\/wp\/v2\/categories?post=38395"},{"taxonomy":"post_tag","embeddable":true,"href":"https:\/\/contextoanalisisperiodistico.com\/index.php\/wp-json\/wp\/v2\/tags?post=38395"}],"curies":[{"name":"wp","href":"https:\/\/api.w.org\/{rel}","templated":true}]}}