{"id":38388,"date":"2025-03-12T11:13:38","date_gmt":"2025-03-12T17:13:38","guid":{"rendered":"https:\/\/contextoanalisisperiodistico.com\/index.php\/2025\/03\/12\/mejora-imagen-y-funcionalidad-el-tequio-en-la-central-de-abasto-encabezado-por-ray-chagoya\/"},"modified":"2025-03-12T11:13:38","modified_gmt":"2025-03-12T17:13:38","slug":"mejora-imagen-y-funcionalidad-el-tequio-en-la-central-de-abasto-encabezado-por-ray-chagoya","status":"publish","type":"post","link":"https:\/\/contextoanalisisperiodistico.com\/index.php\/2025\/03\/12\/mejora-imagen-y-funcionalidad-el-tequio-en-la-central-de-abasto-encabezado-por-ray-chagoya\/","title":{"rendered":"Mejora imagen y funcionalidad el tequio en la Central de Abasto encabezado por&nbsp; Ray Chagoya"},"content":{"rendered":"<div id=\"fb-root\"><\/div>\n\n<p>\u2022 Esta ma\u00f1ana, el Presidente Municipal Ray Chagoya particip\u00f3 en un tequio de limpieza, poda de \u00e1rboles y embellecimiento en la Central de Abasto, sumando esfuerzos con comerciantes y el Gobierno del Estado para transformar este importante punto de la ciudad<\/p>\n\n\n\n<figure class=\"wp-block-image size-large\"><img fetchpriority=\"high\" decoding=\"async\" width=\"1024\" height=\"577\" src=\"https:\/\/contextoanalisisperiodistico.com\/wp-content\/uploads\/2025\/03\/img-20250312-wa00478106436924343589212-1024x577.jpg\" alt=\"\" class=\"wp-image-38383\" srcset=\"https:\/\/contextoanalisisperiodistico.com\/wp-content\/uploads\/2025\/03\/img-20250312-wa00478106436924343589212-1024x577.jpg 1024w, https:\/\/contextoanalisisperiodistico.com\/wp-content\/uploads\/2025\/03\/img-20250312-wa00478106436924343589212-300x169.jpg 300w, https:\/\/contextoanalisisperiodistico.com\/wp-content\/uploads\/2025\/03\/img-20250312-wa00478106436924343589212-768x432.jpg 768w, https:\/\/contextoanalisisperiodistico.com\/wp-content\/uploads\/2025\/03\/img-20250312-wa00478106436924343589212-1536x865.jpg 1536w, https:\/\/contextoanalisisperiodistico.com\/wp-content\/uploads\/2025\/03\/img-20250312-wa00478106436924343589212.jpg 2000w\" sizes=\"(max-width: 1024px) 100vw, 1024px\" \/><\/figure>\n\n\n\n<figure class=\"wp-block-image\"><img decoding=\"async\" width=\"1024\" height=\"577\" src=\"https:\/\/contextoanalisisperiodistico.com\/wp-content\/uploads\/2025\/03\/img-20250312-wa00511736831421511200198-1024x577.jpg\" alt=\"\" class=\"wp-image-38384\" srcset=\"https:\/\/contextoanalisisperiodistico.com\/wp-content\/uploads\/2025\/03\/img-20250312-wa00511736831421511200198-1024x577.jpg 1024w, https:\/\/contextoanalisisperiodistico.com\/wp-content\/uploads\/2025\/03\/img-20250312-wa00511736831421511200198-300x169.jpg 300w, https:\/\/contextoanalisisperiodistico.com\/wp-content\/uploads\/2025\/03\/img-20250312-wa00511736831421511200198-768x433.jpg 768w, https:\/\/contextoanalisisperiodistico.com\/wp-content\/uploads\/2025\/03\/img-20250312-wa00511736831421511200198-1536x866.jpg 1536w, https:\/\/contextoanalisisperiodistico.com\/wp-content\/uploads\/2025\/03\/img-20250312-wa00511736831421511200198.jpg 1600w\" sizes=\"(max-width: 1024px) 100vw, 1024px\" \/><\/figure>\n\n\n\n<figure class=\"wp-block-image\"><img decoding=\"async\" width=\"1024\" height=\"683\" src=\"https:\/\/contextoanalisisperiodistico.com\/wp-content\/uploads\/2025\/03\/img-20250312-wa00484423033513070906211-1024x683.jpg\" alt=\"\" class=\"wp-image-38386\" srcset=\"https:\/\/contextoanalisisperiodistico.com\/wp-content\/uploads\/2025\/03\/img-20250312-wa00484423033513070906211-1024x683.jpg 1024w, https:\/\/contextoanalisisperiodistico.com\/wp-content\/uploads\/2025\/03\/img-20250312-wa00484423033513070906211-300x200.jpg 300w, https:\/\/contextoanalisisperiodistico.com\/wp-content\/uploads\/2025\/03\/img-20250312-wa00484423033513070906211-768x512.jpg 768w, https:\/\/contextoanalisisperiodistico.com\/wp-content\/uploads\/2025\/03\/img-20250312-wa00484423033513070906211-1536x1025.jpg 1536w, https:\/\/contextoanalisisperiodistico.com\/wp-content\/uploads\/2025\/03\/img-20250312-wa00484423033513070906211.jpg 2000w\" sizes=\"(max-width: 1024px) 100vw, 1024px\" \/><\/figure>\n\n\n\n<figure class=\"wp-block-image\"><img loading=\"lazy\" decoding=\"async\" width=\"1024\" height=\"577\" src=\"https:\/\/contextoanalisisperiodistico.com\/wp-content\/uploads\/2025\/03\/img-20250312-wa00508564269819196422503-1024x577.jpg\" alt=\"\" class=\"wp-image-38385\" srcset=\"https:\/\/contextoanalisisperiodistico.com\/wp-content\/uploads\/2025\/03\/img-20250312-wa00508564269819196422503-1024x577.jpg 1024w, https:\/\/contextoanalisisperiodistico.com\/wp-content\/uploads\/2025\/03\/img-20250312-wa00508564269819196422503-300x169.jpg 300w, https:\/\/contextoanalisisperiodistico.com\/wp-content\/uploads\/2025\/03\/img-20250312-wa00508564269819196422503-768x432.jpg 768w, https:\/\/contextoanalisisperiodistico.com\/wp-content\/uploads\/2025\/03\/img-20250312-wa00508564269819196422503-1536x865.jpg 1536w, https:\/\/contextoanalisisperiodistico.com\/wp-content\/uploads\/2025\/03\/img-20250312-wa00508564269819196422503.jpg 2000w\" sizes=\"(max-width: 1024px) 100vw, 1024px\" \/><\/figure>\n\n\n\n<figure class=\"wp-block-image\"><img loading=\"lazy\" decoding=\"async\" width=\"1024\" height=\"683\" src=\"https:\/\/contextoanalisisperiodistico.com\/wp-content\/uploads\/2025\/03\/img-20250312-wa0049306845195907792536-1024x683.jpg\" alt=\"\" class=\"wp-image-38387\" srcset=\"https:\/\/contextoanalisisperiodistico.com\/wp-content\/uploads\/2025\/03\/img-20250312-wa0049306845195907792536-1024x683.jpg 1024w, https:\/\/contextoanalisisperiodistico.com\/wp-content\/uploads\/2025\/03\/img-20250312-wa0049306845195907792536-300x200.jpg 300w, https:\/\/contextoanalisisperiodistico.com\/wp-content\/uploads\/2025\/03\/img-20250312-wa0049306845195907792536-768x512.jpg 768w, https:\/\/contextoanalisisperiodistico.com\/wp-content\/uploads\/2025\/03\/img-20250312-wa0049306845195907792536-1536x1025.jpg 1536w, https:\/\/contextoanalisisperiodistico.com\/wp-content\/uploads\/2025\/03\/img-20250312-wa0049306845195907792536.jpg 2000w\" sizes=\"(max-width: 1024px) 100vw, 1024px\" \/><\/figure>\n\n\n\n<p>Oaxaca de Ju\u00e1rez, Oax. 12 de marzo de 2025.- Esta ma\u00f1ana, el Presidente Municipal de Oaxaca de Ju\u00e1rez, Ray Chagoya, particip\u00f3 en un tequio en la Central de Abasto, en coordinaci\u00f3n con la Secretar\u00eda de Bienestar, Tequio e Inclusi\u00f3n del Gobierno del Estado de Oaxaca, con el objetivo de recuperar y embellecer este emblem\u00e1tico espacio de la ciudad.<\/p>\n\n\n\n<p>En esta jornada, locatarios y autoridades trabajaron en equipo en actividades como la poda de \u00e1rboles, la mejora de la iluminaci\u00f3n y la pintura de casetas comerciales, generando un entorno m\u00e1s limpio y ordenado para comerciantes y visitantes.<\/p>\n\n\n\n<p>Acompa\u00f1ado por Vilma Mart\u00ednez Cort\u00e9s, titular de la Secretar\u00eda de Bienestar, Tequio e Inclusi\u00f3n, Ray Chagoya destac\u00f3 la importancia de intervenir la Central de Abasto con acciones concretas que marquen una diferencia.<\/p>\n\n\n\n<p>\u00abLo que antes estaba en el olvido, hoy lo estamos recuperando. La Central de Abasto recibe por fin la atenci\u00f3n que merece\u00bb, afirm\u00f3 el Presidente Municipal, subrayando el compromiso de su administraci\u00f3n con la transformaci\u00f3n de la ciudad.<\/p>\n\n\n\n<p>Con estas acciones, el Municipio de Oaxaca de Ju\u00e1rez refuerza su compromiso con la recuperaci\u00f3n de espacios clave, promoviendo el trabajo colectivo y el bienestar de quienes dependen de este importante centro de comercio y distribuci\u00f3n.<\/p>\n","protected":false},"excerpt":{"rendered":"<p>\u2022 Esta ma\u00f1ana, el Presidente Municipal Ray Chagoya particip\u00f3 en un tequio de limpieza, poda&#8230;<\/p>\n","protected":false},"author":4,"featured_media":38382,"comment_status":"","ping_status":"open","sticky":false,"template":"","format":"standard","meta":{"footnotes":""},"categories":[9],"tags":[178,235,234,45],"jetpack_sharing_enabled":true,"featured_image_urls":{"full":["https:\/\/contextoanalisisperiodistico.com\/wp-content\/uploads\/2025\/03\/IMG-20250312-WA0046-scaled.jpg",2560,1706,false],"thumbnail":["https:\/\/contextoanalisisperiodistico.com\/wp-content\/uploads\/2025\/03\/IMG-20250312-WA0046-150x150.jpg",150,150,true],"medium":["https:\/\/contextoanalisisperiodistico.com\/wp-content\/uploads\/2025\/03\/IMG-20250312-WA0046-300x200.jpg",300,200,true],"medium_large":["https:\/\/contextoanalisisperiodistico.com\/wp-content\/uploads\/2025\/03\/IMG-20250312-WA0046-768x512.jpg",640,427,true],"large":["https:\/\/contextoanalisisperiodistico.com\/wp-content\/uploads\/2025\/03\/IMG-20250312-WA0046-1024x683.jpg",640,427,true],"1536x1536":["https:\/\/contextoanalisisperiodistico.com\/wp-content\/uploads\/2025\/03\/IMG-20250312-WA0046-1536x1024.jpg",1536,1024,true],"2048x2048":["https:\/\/contextoanalisisperiodistico.com\/wp-content\/uploads\/2025\/03\/IMG-20250312-WA0046-2048x1365.jpg",2048,1365,true],"covernews-slider-full":["https:\/\/contextoanalisisperiodistico.com\/wp-content\/uploads\/2025\/03\/IMG-20250312-WA0046-1115x715.jpg",1115,715,true],"covernews-slider-center":["https:\/\/contextoanalisisperiodistico.com\/wp-content\/uploads\/2025\/03\/IMG-20250312-WA0046-800x500.jpg",800,500,true],"covernews-featured":["https:\/\/contextoanalisisperiodistico.com\/wp-content\/uploads\/2025\/03\/IMG-20250312-WA0046-scaled.jpg",1024,682,false],"covernews-medium":["https:\/\/contextoanalisisperiodistico.com\/wp-content\/uploads\/2025\/03\/IMG-20250312-WA0046-scaled.jpg",510,340,false],"covernews-medium-square":["https:\/\/contextoanalisisperiodistico.com\/wp-content\/uploads\/2025\/03\/IMG-20250312-WA0046-scaled.jpg",375,250,false]},"author_info":{"display_name":"Mario Gir\u00f3n","author_link":"https:\/\/contextoanalisisperiodistico.com\/index.php\/author\/director\/"},"category_info":"<a href=\"https:\/\/contextoanalisisperiodistico.com\/index.php\/category\/politica\/\" rel=\"category tag\">Pol\u00edtica<\/a>","tag_info":"Pol\u00edtica","comment_count":"0","jetpack_featured_media_url":"https:\/\/contextoanalisisperiodistico.com\/wp-content\/uploads\/2025\/03\/IMG-20250312-WA0046-scaled.jpg","_links":{"self":[{"href":"https:\/\/contextoanalisisperiodistico.com\/index.php\/wp-json\/wp\/v2\/posts\/38388"}],"collection":[{"href":"https:\/\/contextoanalisisperiodistico.com\/index.php\/wp-json\/wp\/v2\/posts"}],"about":[{"href":"https:\/\/contextoanalisisperiodistico.com\/index.php\/wp-json\/wp\/v2\/types\/post"}],"author":[{"embeddable":true,"href":"https:\/\/contextoanalisisperiodistico.com\/index.php\/wp-json\/wp\/v2\/users\/4"}],"replies":[{"embeddable":true,"href":"https:\/\/contextoanalisisperiodistico.com\/index.php\/wp-json\/wp\/v2\/comments?post=38388"}],"version-history":[{"count":0,"href":"https:\/\/contextoanalisisperiodistico.com\/index.php\/wp-json\/wp\/v2\/posts\/38388\/revisions"}],"wp:featuredmedia":[{"embeddable":true,"href":"https:\/\/contextoanalisisperiodistico.com\/index.php\/wp-json\/wp\/v2\/media\/38382"}],"wp:attachment":[{"href":"https:\/\/contextoanalisisperiodistico.com\/index.php\/wp-json\/wp\/v2\/media?parent=38388"}],"wp:term":[{"taxonomy":"category","embeddable":true,"href":"https:\/\/contextoanalisisperiodistico.com\/index.php\/wp-json\/wp\/v2\/categories?post=38388"},{"taxonomy":"post_tag","embeddable":true,"href":"https:\/\/contextoanalisisperiodistico.com\/index.php\/wp-json\/wp\/v2\/tags?post=38388"}],"curies":[{"name":"wp","href":"https:\/\/api.w.org\/{rel}","templated":true}]}}