{"id":38381,"date":"2025-03-12T10:56:52","date_gmt":"2025-03-12T16:56:52","guid":{"rendered":"https:\/\/contextoanalisisperiodistico.com\/index.php\/2025\/03\/12\/sala-regional-xalapa-del-tepjf-corrige-la-plana-al-teeo-y-ratifica-convocatoria-para-eleccion-capitalina\/"},"modified":"2025-03-12T10:56:52","modified_gmt":"2025-03-12T16:56:52","slug":"sala-regional-xalapa-del-tepjf-corrige-la-plana-al-teeo-y-ratifica-convocatoria-para-eleccion-capitalina","status":"publish","type":"post","link":"https:\/\/contextoanalisisperiodistico.com\/index.php\/2025\/03\/12\/sala-regional-xalapa-del-tepjf-corrige-la-plana-al-teeo-y-ratifica-convocatoria-para-eleccion-capitalina\/","title":{"rendered":"Sala Regional Xalapa del TEPJF corrige la plana al TEEO y ratifica convocatoria para elecci\u00f3n capitalina"},"content":{"rendered":"<div id=\"fb-root\"><\/div>\n\n<p>La Sala Regional Xalapa del Tribunal Electoral del Poder Judicial de la Federaci\u00f3n (TEPJF) revoc\u00f3 la sentencia emitida por el Tribunal Electoral del Estado de Oaxaca (TEEO) en el expediente JDC\/35\/2025, al considerar que el tribunal local incurri\u00f3 en un error procesal al admitir una impugnaci\u00f3n presentada fuera del plazo legal. Con ello, se confirma la validez de la convocatoria y los actos subsecuentes emitidos por el Ayuntamiento de Oaxaca de Ju\u00e1rez para la renovaci\u00f3n de agencias municipales y de polic\u00eda.<\/p>\n\n\n\n<p>El tribunal federal determin\u00f3 que el TEEO debi\u00f3 desechar el recurso desde un inicio, ya que la impugnaci\u00f3n fue presentada de manera extempor\u00e1nea. Seg\u00fan la Sala Regional, la convocatoria del Ayuntamiento se public\u00f3 el 8 de febrero de 2025, estableciendo que el periodo para interponer impugnaciones venc\u00eda el 12 de febrero. Sin embargo, la demanda en cuesti\u00f3n fue presentada hasta el 17 de febrero, lo que la hac\u00eda improcedente.<\/p>\n\n\n\n<p>Asimismo, la Sala Xalapa resalt\u00f3 que la parte actora no reclam\u00f3 de manera puntual la falta de alternancia y paridad de g\u00e9nero en la convocatoria. En este sentido, el tribunal federal confirm\u00f3 que el Ayuntamiento de Oaxaca de Ju\u00e1rez s\u00ed garantiz\u00f3 los principios de equidad de g\u00e9nero y alternancia, ya que la integraci\u00f3n de candidaturas cumpli\u00f3 con ambos criterios.<\/p>\n\n\n\n<p>En consecuencia, la convocatoria original emitida por el Ayuntamiento de Oaxaca de Ju\u00e1rez queda firme, as\u00ed como todos los actos derivados de la misma. Adem\u00e1s, el TEPJF ratific\u00f3 la fecha del 15 de marzo de 2025 para la celebraci\u00f3n de las elecciones en las agencias municipales, asegurando la continuidad del proceso democr\u00e1tico conforme a los principios de certeza y legalidad.<\/p>\n\n\n\n<figure class=\"wp-block-video\"><video controls src=\"https:\/\/contextoanalisisperiodistico.com\/wp-content\/uploads\/2025\/03\/VID-20250312-WA0045.mp4\"><\/video><\/figure>\n","protected":false},"excerpt":{"rendered":"<p>La Sala Regional Xalapa del Tribunal Electoral del Poder Judicial de la Federaci\u00f3n (TEPJF) revoc\u00f3&#8230;<\/p>\n","protected":false},"author":4,"featured_media":38379,"comment_status":"","ping_status":"open","sticky":false,"template":"","format":"standard","meta":{"footnotes":""},"categories":[9],"tags":[],"jetpack_sharing_enabled":true,"featured_image_urls":{"full":["https:\/\/contextoanalisisperiodistico.com\/wp-content\/uploads\/2025\/03\/Screenshot_2025-03-12-10-53-49-41_6012fa4d4ddec268fc5c7112cbb265e7.jpg",720,388,false],"thumbnail":["https:\/\/contextoanalisisperiodistico.com\/wp-content\/uploads\/2025\/03\/Screenshot_2025-03-12-10-53-49-41_6012fa4d4ddec268fc5c7112cbb265e7-150x150.jpg",150,150,true],"medium":["https:\/\/contextoanalisisperiodistico.com\/wp-content\/uploads\/2025\/03\/Screenshot_2025-03-12-10-53-49-41_6012fa4d4ddec268fc5c7112cbb265e7-300x162.jpg",300,162,true],"medium_large":["https:\/\/contextoanalisisperiodistico.com\/wp-content\/uploads\/2025\/03\/Screenshot_2025-03-12-10-53-49-41_6012fa4d4ddec268fc5c7112cbb265e7.jpg",640,345,false],"large":["https:\/\/contextoanalisisperiodistico.com\/wp-content\/uploads\/2025\/03\/Screenshot_2025-03-12-10-53-49-41_6012fa4d4ddec268fc5c7112cbb265e7.jpg",640,345,false],"1536x1536":["https:\/\/contextoanalisisperiodistico.com\/wp-content\/uploads\/2025\/03\/Screenshot_2025-03-12-10-53-49-41_6012fa4d4ddec268fc5c7112cbb265e7.jpg",720,388,false],"2048x2048":["https:\/\/contextoanalisisperiodistico.com\/wp-content\/uploads\/2025\/03\/Screenshot_2025-03-12-10-53-49-41_6012fa4d4ddec268fc5c7112cbb265e7.jpg",720,388,false],"covernews-slider-full":["https:\/\/contextoanalisisperiodistico.com\/wp-content\/uploads\/2025\/03\/Screenshot_2025-03-12-10-53-49-41_6012fa4d4ddec268fc5c7112cbb265e7.jpg",720,388,false],"covernews-slider-center":["https:\/\/contextoanalisisperiodistico.com\/wp-content\/uploads\/2025\/03\/Screenshot_2025-03-12-10-53-49-41_6012fa4d4ddec268fc5c7112cbb265e7.jpg",720,388,false],"covernews-featured":["https:\/\/contextoanalisisperiodistico.com\/wp-content\/uploads\/2025\/03\/Screenshot_2025-03-12-10-53-49-41_6012fa4d4ddec268fc5c7112cbb265e7.jpg",720,388,false],"covernews-medium":["https:\/\/contextoanalisisperiodistico.com\/wp-content\/uploads\/2025\/03\/Screenshot_2025-03-12-10-53-49-41_6012fa4d4ddec268fc5c7112cbb265e7-540x340.jpg",540,340,true],"covernews-medium-square":["https:\/\/contextoanalisisperiodistico.com\/wp-content\/uploads\/2025\/03\/Screenshot_2025-03-12-10-53-49-41_6012fa4d4ddec268fc5c7112cbb265e7-400x250.jpg",400,250,true]},"author_info":{"display_name":"Mario Gir\u00f3n","author_link":"https:\/\/contextoanalisisperiodistico.com\/index.php\/author\/director\/"},"category_info":"<a href=\"https:\/\/contextoanalisisperiodistico.com\/index.php\/category\/politica\/\" rel=\"category tag\">Pol\u00edtica<\/a>","tag_info":"Pol\u00edtica","comment_count":"0","jetpack_featured_media_url":"https:\/\/contextoanalisisperiodistico.com\/wp-content\/uploads\/2025\/03\/Screenshot_2025-03-12-10-53-49-41_6012fa4d4ddec268fc5c7112cbb265e7.jpg","_links":{"self":[{"href":"https:\/\/contextoanalisisperiodistico.com\/index.php\/wp-json\/wp\/v2\/posts\/38381"}],"collection":[{"href":"https:\/\/contextoanalisisperiodistico.com\/index.php\/wp-json\/wp\/v2\/posts"}],"about":[{"href":"https:\/\/contextoanalisisperiodistico.com\/index.php\/wp-json\/wp\/v2\/types\/post"}],"author":[{"embeddable":true,"href":"https:\/\/contextoanalisisperiodistico.com\/index.php\/wp-json\/wp\/v2\/users\/4"}],"replies":[{"embeddable":true,"href":"https:\/\/contextoanalisisperiodistico.com\/index.php\/wp-json\/wp\/v2\/comments?post=38381"}],"version-history":[{"count":0,"href":"https:\/\/contextoanalisisperiodistico.com\/index.php\/wp-json\/wp\/v2\/posts\/38381\/revisions"}],"wp:featuredmedia":[{"embeddable":true,"href":"https:\/\/contextoanalisisperiodistico.com\/index.php\/wp-json\/wp\/v2\/media\/38379"}],"wp:attachment":[{"href":"https:\/\/contextoanalisisperiodistico.com\/index.php\/wp-json\/wp\/v2\/media?parent=38381"}],"wp:term":[{"taxonomy":"category","embeddable":true,"href":"https:\/\/contextoanalisisperiodistico.com\/index.php\/wp-json\/wp\/v2\/categories?post=38381"},{"taxonomy":"post_tag","embeddable":true,"href":"https:\/\/contextoanalisisperiodistico.com\/index.php\/wp-json\/wp\/v2\/tags?post=38381"}],"curies":[{"name":"wp","href":"https:\/\/api.w.org\/{rel}","templated":true}]}}