{"id":38377,"date":"2025-03-11T20:10:57","date_gmt":"2025-03-12T02:10:57","guid":{"rendered":"https:\/\/contextoanalisisperiodistico.com\/index.php\/2025\/03\/11\/sala-regional-xalapa-del-tepjf-revoca-sentencia-del-teeo-y-ordena-continuar-con-la-eleccion-en-santa-rosa-panzacola\/"},"modified":"2025-03-11T20:14:00","modified_gmt":"2025-03-12T02:14:00","slug":"sala-regional-xalapa-del-tepjf-revoca-sentencia-del-teeo-y-ordena-continuar-con-la-eleccion-en-santa-rosa-panzacola","status":"publish","type":"post","link":"https:\/\/contextoanalisisperiodistico.com\/index.php\/2025\/03\/11\/sala-regional-xalapa-del-tepjf-revoca-sentencia-del-teeo-y-ordena-continuar-con-la-eleccion-en-santa-rosa-panzacola\/","title":{"rendered":"Sala Regional Xalapa del TEPJF revoca sentencia del TEEO"},"content":{"rendered":"<div id=\"fb-root\"><\/div>\n\n<p>\u2022 En consecuencia jur\u00eddica electoral, se&nbsp; ordena continuar con la elecci\u00f3n en Santa Rosa Panzacola<\/p>\n\n\n\n<p>La Sala Regional Xalapa del Tribunal Electoral del Poder Judicial de la Federaci\u00f3n (TEPJF) resolvi\u00f3 revocar la sentencia emitida por el Tribunal Electoral del Estado de Oaxaca (TEEO) en el expediente JDC\/35\/2025, que hab\u00eda anulado el dictamen y la convocatoria para la renovaci\u00f3n de agencias municipales y de polic\u00eda en Oaxaca de Ju\u00e1rez, espec\u00edficamente en la agencia municipal de Santa Rosa Panzacola.<\/p>\n\n\n\n<p>El \u00f3rgano jurisdiccional determin\u00f3 que el TEEO incurri\u00f3 en un vicio procesal al admitir el medio de impugnaci\u00f3n presentado, debido a que este no cumpli\u00f3 con el requisito de oportunidad, ya que la demanda fue interpuesta fuera del plazo legalmente establecido. Seg\u00fan el an\u00e1lisis de la Sala Regional, si la convocatoria se hizo p\u00fablica el 8 de febrero de 2025, el periodo para la presentaci\u00f3n de impugnaciones venc\u00eda el 12 de febrero. Sin embargo, la demanda en cuesti\u00f3n fue promovida hasta el 17 de febrero, por lo que el recurso fue declarado extempor\u00e1neo.<\/p>\n\n\n\n<p>En consecuencia, la elecci\u00f3n de la agencia municipal de Santa Rosa Panzacola deber\u00e1 llevarse a cabo con base en los t\u00e9rminos previstos en la convocatoria y el dictamen de registro de candidaturas previamente emitidos. Adem\u00e1s, el Ayuntamiento de Oaxaca de Ju\u00e1rez deber\u00e1 determinar y dar a conocer una nueva fecha para la celebraci\u00f3n del proceso electoral, garantizando as\u00ed la continuidad del ejercicio democr\u00e1tico en estricto apego a la legalidad.<\/p>\n","protected":false},"excerpt":{"rendered":"<p>\u2022 En consecuencia jur\u00eddica electoral, se&nbsp; ordena continuar con la elecci\u00f3n en Santa Rosa Panzacola&#8230;<\/p>\n","protected":false},"author":4,"featured_media":38376,"comment_status":"closed","ping_status":"open","sticky":false,"template":"","format":"standard","meta":{"footnotes":""},"categories":[9],"tags":[],"jetpack_sharing_enabled":true,"featured_image_urls":{"full":["https:\/\/contextoanalisisperiodistico.com\/wp-content\/uploads\/2025\/03\/IMG-20250311-WA0157.jpg",1336,1600,false],"thumbnail":["https:\/\/contextoanalisisperiodistico.com\/wp-content\/uploads\/2025\/03\/IMG-20250311-WA0157-150x150.jpg",150,150,true],"medium":["https:\/\/contextoanalisisperiodistico.com\/wp-content\/uploads\/2025\/03\/IMG-20250311-WA0157-251x300.jpg",251,300,true],"medium_large":["https:\/\/contextoanalisisperiodistico.com\/wp-content\/uploads\/2025\/03\/IMG-20250311-WA0157-768x920.jpg",640,767,true],"large":["https:\/\/contextoanalisisperiodistico.com\/wp-content\/uploads\/2025\/03\/IMG-20250311-WA0157-855x1024.jpg",640,767,true],"1536x1536":["https:\/\/contextoanalisisperiodistico.com\/wp-content\/uploads\/2025\/03\/IMG-20250311-WA0157-1283x1536.jpg",1283,1536,true],"2048x2048":["https:\/\/contextoanalisisperiodistico.com\/wp-content\/uploads\/2025\/03\/IMG-20250311-WA0157.jpg",1336,1600,false],"covernews-slider-full":["https:\/\/contextoanalisisperiodistico.com\/wp-content\/uploads\/2025\/03\/IMG-20250311-WA0157-1115x715.jpg",1115,715,true],"covernews-slider-center":["https:\/\/contextoanalisisperiodistico.com\/wp-content\/uploads\/2025\/03\/IMG-20250311-WA0157-800x500.jpg",800,500,true],"covernews-featured":["https:\/\/contextoanalisisperiodistico.com\/wp-content\/uploads\/2025\/03\/IMG-20250311-WA0157-1024x1226.jpg",1024,1226,true],"covernews-medium":["https:\/\/contextoanalisisperiodistico.com\/wp-content\/uploads\/2025\/03\/IMG-20250311-WA0157-540x340.jpg",540,340,true],"covernews-medium-square":["https:\/\/contextoanalisisperiodistico.com\/wp-content\/uploads\/2025\/03\/IMG-20250311-WA0157-400x250.jpg",400,250,true]},"author_info":{"display_name":"Mario Gir\u00f3n","author_link":"https:\/\/contextoanalisisperiodistico.com\/index.php\/author\/director\/"},"category_info":"<a href=\"https:\/\/contextoanalisisperiodistico.com\/index.php\/category\/politica\/\" rel=\"category tag\">Pol\u00edtica<\/a>","tag_info":"Pol\u00edtica","comment_count":"0","jetpack_featured_media_url":"https:\/\/contextoanalisisperiodistico.com\/wp-content\/uploads\/2025\/03\/IMG-20250311-WA0157.jpg","_links":{"self":[{"href":"https:\/\/contextoanalisisperiodistico.com\/index.php\/wp-json\/wp\/v2\/posts\/38377"}],"collection":[{"href":"https:\/\/contextoanalisisperiodistico.com\/index.php\/wp-json\/wp\/v2\/posts"}],"about":[{"href":"https:\/\/contextoanalisisperiodistico.com\/index.php\/wp-json\/wp\/v2\/types\/post"}],"author":[{"embeddable":true,"href":"https:\/\/contextoanalisisperiodistico.com\/index.php\/wp-json\/wp\/v2\/users\/4"}],"replies":[{"embeddable":true,"href":"https:\/\/contextoanalisisperiodistico.com\/index.php\/wp-json\/wp\/v2\/comments?post=38377"}],"version-history":[{"count":1,"href":"https:\/\/contextoanalisisperiodistico.com\/index.php\/wp-json\/wp\/v2\/posts\/38377\/revisions"}],"predecessor-version":[{"id":38378,"href":"https:\/\/contextoanalisisperiodistico.com\/index.php\/wp-json\/wp\/v2\/posts\/38377\/revisions\/38378"}],"wp:featuredmedia":[{"embeddable":true,"href":"https:\/\/contextoanalisisperiodistico.com\/index.php\/wp-json\/wp\/v2\/media\/38376"}],"wp:attachment":[{"href":"https:\/\/contextoanalisisperiodistico.com\/index.php\/wp-json\/wp\/v2\/media?parent=38377"}],"wp:term":[{"taxonomy":"category","embeddable":true,"href":"https:\/\/contextoanalisisperiodistico.com\/index.php\/wp-json\/wp\/v2\/categories?post=38377"},{"taxonomy":"post_tag","embeddable":true,"href":"https:\/\/contextoanalisisperiodistico.com\/index.php\/wp-json\/wp\/v2\/tags?post=38377"}],"curies":[{"name":"wp","href":"https:\/\/api.w.org\/{rel}","templated":true}]}}