{"id":38360,"date":"2025-03-11T16:08:09","date_gmt":"2025-03-11T22:08:09","guid":{"rendered":"https:\/\/contextoanalisisperiodistico.com\/index.php\/2025\/03\/11\/intensifica-sso-operativo-cuaresma-limpia-y-temporada-de-calor-2025-en-la-mixteca\/"},"modified":"2025-03-11T16:08:09","modified_gmt":"2025-03-11T22:08:09","slug":"intensifica-sso-operativo-cuaresma-limpia-y-temporada-de-calor-2025-en-la-mixteca","status":"publish","type":"post","link":"https:\/\/contextoanalisisperiodistico.com\/index.php\/2025\/03\/11\/intensifica-sso-operativo-cuaresma-limpia-y-temporada-de-calor-2025-en-la-mixteca\/","title":{"rendered":"Intensifica SSO Operativo Cuaresma Limpia y Temporada de Calor 2025 en la Mixteca"},"content":{"rendered":"<div id=\"fb-root\"><\/div>\n\n<p>\u2022 Se supervisar\u00e1n las condiciones sanitarias en m\u00e1s de 100 establecimientos ubicados en la regi\u00f3n<\/p>\n\n\n\n<figure class=\"wp-block-image size-large\"><img fetchpriority=\"high\" decoding=\"async\" width=\"558\" height=\"419\" src=\"https:\/\/contextoanalisisperiodistico.com\/wp-content\/uploads\/2025\/03\/img-20250311-wa01021516458378528958992.jpg\" alt=\"\" class=\"wp-image-38358\" srcset=\"https:\/\/contextoanalisisperiodistico.com\/wp-content\/uploads\/2025\/03\/img-20250311-wa01021516458378528958992.jpg 558w, https:\/\/contextoanalisisperiodistico.com\/wp-content\/uploads\/2025\/03\/img-20250311-wa01021516458378528958992-300x225.jpg 300w\" sizes=\"(max-width: 558px) 100vw, 558px\" \/><\/figure>\n\n\n\n<figure class=\"wp-block-image\"><img decoding=\"async\" width=\"225\" height=\"300\" src=\"https:\/\/contextoanalisisperiodistico.com\/wp-content\/uploads\/2025\/03\/img-20250311-wa01044595377325852691123-225x300.jpg\" alt=\"\" class=\"wp-image-38359\" srcset=\"https:\/\/contextoanalisisperiodistico.com\/wp-content\/uploads\/2025\/03\/img-20250311-wa01044595377325852691123-225x300.jpg 225w, https:\/\/contextoanalisisperiodistico.com\/wp-content\/uploads\/2025\/03\/img-20250311-wa01044595377325852691123.jpg 499w\" sizes=\"(max-width: 225px) 100vw, 225px\" \/><\/figure>\n\n\n\n<p>Heroica Ciudad de Huajuapan de Le\u00f3n, Oax. 11 de marzo de 2025.- Con la firme misi\u00f3n de proteger el bienestar de la poblaci\u00f3n, Servicios de Salud de Oaxaca (SSO) a trav\u00e9s de la Jurisdicci\u00f3n Sanitaria 5 Mixteca, ha intensificado el operativo Cuaresma Limpia y Temporada de Calor 2025.<\/p>\n\n\n\n<p>La iniciativa busca salvaguardar la salud de las y los oaxaque\u00f1os, as\u00ed como garantizar que m\u00e1s de 100 establecimientos en la regi\u00f3n cumplan con las m\u00e1s estrictas condiciones sanitarias, inform\u00f3 la jefa jurisdiccional, Gabriela L\u00e1zaro Mendoza.<\/p>\n\n\n\n<p>Destac\u00f3 que, aunque estas acciones se realizan de manera permanente, se han reforzado en esta \u00e9poca debido al alto movimiento poblacional en diversas localidades de la demarcaci\u00f3n.<\/p>\n\n\n\n<p>Entre las estrategias implementadas se encuentra la inspecci\u00f3n de establecimientos del sector alimentario, con la meta de visitar 35 pescader\u00edas y marisquer\u00edas, adem\u00e1s de cuatro centros comerciales especializados en productos del mar, ubicados en los municipios: Heroica Ciudad de Huajuapan de Le\u00f3n, Asunci\u00f3n Nochixtl\u00e1n, Putla de Villa de Guerrero y Heroica Ciudad de Tlaxiaco.<\/p>\n\n\n\n<p>La funcionaria precis\u00f3 que en caso de detectar productos que representen un riesgo sanitario, el personal experto aplicar\u00e1 medidas de seguridad, incluyendo la destrucci\u00f3n de dichos art\u00edculos.<\/p>\n\n\n\n<p>Aunado a ello, se realizar\u00e1 la inspecci\u00f3n de 21 purificadoras de agua, 10 balnearios, ocho mercados, una f\u00e1brica de hielo, as\u00ed como pozos de abastecimiento y pipas. Asimismo, se brindar\u00e1 informaci\u00f3n a autoridades municipales y comit\u00e9s locales sobre el monitoreo y la cloraci\u00f3n del agua.<\/p>\n\n\n\n<p>L\u00e1zaro Mendoza enfatiz\u00f3 que, con actividades de capacitaci\u00f3n e informaci\u00f3n preventiva, se otorgar\u00e1n pl\u00e1ticas sobre buenas pr\u00e1cticas de higiene dirigidas a quienes preparan platillos en estos giros comerciales. Durante estas jornadas, se distribuir\u00e1n tr\u00edpticos y carteles con medidas preventivas para el consumo seguro de productos del mar.<\/p>\n\n\n\n<p>Asegur\u00f3 que, por instrucciones del secretario de Salud, Emmanuel Jarqu\u00edn Gonz\u00e1lez, y en seguimiento a la pol\u00edtica implementada por el Gobernador Salom\u00f3n Jara Cruz, se ha reforzado la estrategia de vigilancia sanitaria en toda la demarcaci\u00f3n, haciendo especial \u00e9nfasis en las zonas de mayor concentraci\u00f3n poblacional.<\/p>\n\n\n\n<p>La jefa jurisdiccional exhort\u00f3 a la ciudadan\u00eda a revisar, al momento de consumir pescados y mariscos que estos sean: frescos, con buen olor y color, piel firme, escamas bien adheridas, agallas de rojo intenso, olor a mar y debidamente refrigerados.<\/p>\n\n\n\n<p>Se recomienda tambi\u00e9n evitar su consumo crudo y, para mayor seguridad, lavarlos y cocerlos, eliminando as\u00ed bacterias y par\u00e1sitos. Ante s\u00edntomas como adormecimiento en extremidades, palpitaciones, fiebre, diarrea o v\u00f3mito, se aconseja acudir a la unidad m\u00e9dica m\u00e1s cercana y no automedicarse.<\/p>\n\n\n\n<p>Para obtener m\u00e1s informaci\u00f3n, la ciudadan\u00eda puede acercarse a la Coordinaci\u00f3n de Regulaci\u00f3n y Fomento Sanitario, ubicada en Prolongaci\u00f3n de Emiliano Zapata n\u00famero 25, colonia Antonio de Le\u00f3n; o comunicarse al tel\u00e9fono 953 53 2 12 29 en horario de oficina de lunes a viernes.<\/p>\n\n\n\n<p>-0-<\/p>\n","protected":false},"excerpt":{"rendered":"<p>\u2022 Se supervisar\u00e1n las condiciones sanitarias en m\u00e1s de 100 establecimientos ubicados en la regi\u00f3n&#8230;<\/p>\n","protected":false},"author":4,"featured_media":38357,"comment_status":"","ping_status":"open","sticky":false,"template":"","format":"standard","meta":{"footnotes":""},"categories":[92],"tags":[],"jetpack_sharing_enabled":true,"featured_image_urls":{"full":["https:\/\/contextoanalisisperiodistico.com\/wp-content\/uploads\/2025\/03\/IMG-20250311-WA0103.jpg",502,670,false],"thumbnail":["https:\/\/contextoanalisisperiodistico.com\/wp-content\/uploads\/2025\/03\/IMG-20250311-WA0103-150x150.jpg",150,150,true],"medium":["https:\/\/contextoanalisisperiodistico.com\/wp-content\/uploads\/2025\/03\/IMG-20250311-WA0103-225x300.jpg",225,300,true],"medium_large":["https:\/\/contextoanalisisperiodistico.com\/wp-content\/uploads\/2025\/03\/IMG-20250311-WA0103.jpg",502,670,false],"large":["https:\/\/contextoanalisisperiodistico.com\/wp-content\/uploads\/2025\/03\/IMG-20250311-WA0103.jpg",502,670,false],"1536x1536":["https:\/\/contextoanalisisperiodistico.com\/wp-content\/uploads\/2025\/03\/IMG-20250311-WA0103.jpg",502,670,false],"2048x2048":["https:\/\/contextoanalisisperiodistico.com\/wp-content\/uploads\/2025\/03\/IMG-20250311-WA0103.jpg",502,670,false],"covernews-slider-full":["https:\/\/contextoanalisisperiodistico.com\/wp-content\/uploads\/2025\/03\/IMG-20250311-WA0103.jpg",502,670,false],"covernews-slider-center":["https:\/\/contextoanalisisperiodistico.com\/wp-content\/uploads\/2025\/03\/IMG-20250311-WA0103-502x500.jpg",502,500,true],"covernews-featured":["https:\/\/contextoanalisisperiodistico.com\/wp-content\/uploads\/2025\/03\/IMG-20250311-WA0103.jpg",502,670,false],"covernews-medium":["https:\/\/contextoanalisisperiodistico.com\/wp-content\/uploads\/2025\/03\/IMG-20250311-WA0103-502x340.jpg",502,340,true],"covernews-medium-square":["https:\/\/contextoanalisisperiodistico.com\/wp-content\/uploads\/2025\/03\/IMG-20250311-WA0103-400x250.jpg",400,250,true]},"author_info":{"display_name":"Mario Gir\u00f3n","author_link":"https:\/\/contextoanalisisperiodistico.com\/index.php\/author\/director\/"},"category_info":"<a href=\"https:\/\/contextoanalisisperiodistico.com\/index.php\/category\/salud\/\" rel=\"category tag\">Salud<\/a>","tag_info":"Salud","comment_count":"0","jetpack_featured_media_url":"https:\/\/contextoanalisisperiodistico.com\/wp-content\/uploads\/2025\/03\/IMG-20250311-WA0103.jpg","_links":{"self":[{"href":"https:\/\/contextoanalisisperiodistico.com\/index.php\/wp-json\/wp\/v2\/posts\/38360"}],"collection":[{"href":"https:\/\/contextoanalisisperiodistico.com\/index.php\/wp-json\/wp\/v2\/posts"}],"about":[{"href":"https:\/\/contextoanalisisperiodistico.com\/index.php\/wp-json\/wp\/v2\/types\/post"}],"author":[{"embeddable":true,"href":"https:\/\/contextoanalisisperiodistico.com\/index.php\/wp-json\/wp\/v2\/users\/4"}],"replies":[{"embeddable":true,"href":"https:\/\/contextoanalisisperiodistico.com\/index.php\/wp-json\/wp\/v2\/comments?post=38360"}],"version-history":[{"count":0,"href":"https:\/\/contextoanalisisperiodistico.com\/index.php\/wp-json\/wp\/v2\/posts\/38360\/revisions"}],"wp:featuredmedia":[{"embeddable":true,"href":"https:\/\/contextoanalisisperiodistico.com\/index.php\/wp-json\/wp\/v2\/media\/38357"}],"wp:attachment":[{"href":"https:\/\/contextoanalisisperiodistico.com\/index.php\/wp-json\/wp\/v2\/media?parent=38360"}],"wp:term":[{"taxonomy":"category","embeddable":true,"href":"https:\/\/contextoanalisisperiodistico.com\/index.php\/wp-json\/wp\/v2\/categories?post=38360"},{"taxonomy":"post_tag","embeddable":true,"href":"https:\/\/contextoanalisisperiodistico.com\/index.php\/wp-json\/wp\/v2\/tags?post=38360"}],"curies":[{"name":"wp","href":"https:\/\/api.w.org\/{rel}","templated":true}]}}