{"id":38355,"date":"2025-03-11T16:02:17","date_gmt":"2025-03-11T22:02:17","guid":{"rendered":"https:\/\/contextoanalisisperiodistico.com\/index.php\/2025\/03\/11\/continua-abierta-convocatoria-para-seleccionar-a-la-delegacion-que-representara-a-la-capital-en-la-guelaguetza-2025\/"},"modified":"2025-03-11T16:05:15","modified_gmt":"2025-03-11T22:05:15","slug":"continua-abierta-convocatoria-para-seleccionar-a-la-delegacion-que-representara-a-la-capital-en-la-guelaguetza-2025","status":"publish","type":"post","link":"https:\/\/contextoanalisisperiodistico.com\/index.php\/2025\/03\/11\/continua-abierta-convocatoria-para-seleccionar-a-la-delegacion-que-representara-a-la-capital-en-la-guelaguetza-2025\/","title":{"rendered":"Convocatoria abierta para seleccionar a la Delegaci\u00f3n que representar\u00e1 a la capital en la Guelaguetza 2025"},"content":{"rendered":"<div id=\"fb-root\"><\/div>\n\n<p>\u2022 El Ayuntamiento de Oaxaca de Ju\u00e1rez invita a las agrupaciones locales a participar en la elecci\u00f3n para representar al municipio en la m\u00e1xima fiesta oaxaque\u00f1a<\/p>\n\n\n\n<p>Oaxaca de Ju\u00e1rez, Oax. 11 de marzo de 2025.- El Municipio de Oaxaca de Ju\u00e1rez convoca a todas las agrupaciones conformadas por personas originarias y vecinas del municipio a postularse para ser la delegaci\u00f3n que representar\u00e1 a la ciudad en los Lunes del Cerro y su Octava en las actividades de la Guelaguetza 2025.<\/p>\n\n\n\n<p>Esta invitaci\u00f3n se enmarca en la convocatoria emitida por el Gobierno del Estado, y las inscripciones estar\u00e1n abiertas hasta el 12 de marzo de 2025.<\/p>\n\n\n\n<p>Las solicitudes deber\u00e1n ser entregadas en las oficinas de la Secretar\u00eda de Cultura, Educaci\u00f3n y Fomento a la Cultura, ubicadas en la calle 5 de Mayo 114, segundo piso, interior 203, Centro, de lunes a viernes en un horario de 9:00 a 17:00 horas.<\/p>\n\n\n\n<p>Para poder participar, las agrupaciones deben presentar documentaci\u00f3n que respalde su trayectoria en el fomento de las expresiones culturales de Oaxaca, como notas period\u00edsticas, constancias, invitaciones, programas sociales, fotograf\u00edas y material en redes sociales.<\/p>\n\n\n\n<p>Adem\u00e1s, cada grupo deber\u00e1 estar compuesto por un m\u00e1ximo de 40 personas y su presentaci\u00f3n no podr\u00e1 exceder los 12 minutos, incluyendo aspectos como coreograf\u00eda, escenograf\u00eda, narraci\u00f3n, y otros elementos esc\u00e9nicos.<\/p>\n\n\n\n<p>La selecci\u00f3n de la delegaci\u00f3n estar\u00e1 a cargo del Consejo Municipal de Cultura, en coordinaci\u00f3n con la Comisi\u00f3n de Cultura Comunitaria, quienes evaluar\u00e1n todas las postulaciones. El 15 de marzo de 2025 se publicar\u00e1 en la Gaceta Municipal y en las plataformas oficiales del Municipio la agrupaci\u00f3n seleccionada para representar a Oaxaca en la Guelaguetza.<\/p>\n\n\n\n<p>Para m\u00e1s informaci\u00f3n, se puede consultar la convocatoria completa en la p\u00e1gina oficial y redes sociales del Municipio de Oaxaca de Ju\u00e1rez.<\/p>\n","protected":false},"excerpt":{"rendered":"<p>\u2022 El Ayuntamiento de Oaxaca de Ju\u00e1rez invita a las agrupaciones locales a participar en&#8230;<\/p>\n","protected":false},"author":4,"featured_media":38354,"comment_status":"closed","ping_status":"open","sticky":false,"template":"","format":"standard","meta":{"footnotes":""},"categories":[3],"tags":[178,235,234,45],"jetpack_sharing_enabled":true,"featured_image_urls":{"full":["https:\/\/contextoanalisisperiodistico.com\/wp-content\/uploads\/2025\/03\/IMG-20250311-WA0106.jpg",1600,1035,false],"thumbnail":["https:\/\/contextoanalisisperiodistico.com\/wp-content\/uploads\/2025\/03\/IMG-20250311-WA0106-150x150.jpg",150,150,true],"medium":["https:\/\/contextoanalisisperiodistico.com\/wp-content\/uploads\/2025\/03\/IMG-20250311-WA0106-300x194.jpg",300,194,true],"medium_large":["https:\/\/contextoanalisisperiodistico.com\/wp-content\/uploads\/2025\/03\/IMG-20250311-WA0106-768x497.jpg",640,414,true],"large":["https:\/\/contextoanalisisperiodistico.com\/wp-content\/uploads\/2025\/03\/IMG-20250311-WA0106-1024x662.jpg",640,414,true],"1536x1536":["https:\/\/contextoanalisisperiodistico.com\/wp-content\/uploads\/2025\/03\/IMG-20250311-WA0106-1536x994.jpg",1536,994,true],"2048x2048":["https:\/\/contextoanalisisperiodistico.com\/wp-content\/uploads\/2025\/03\/IMG-20250311-WA0106.jpg",1600,1035,false],"covernews-slider-full":["https:\/\/contextoanalisisperiodistico.com\/wp-content\/uploads\/2025\/03\/IMG-20250311-WA0106-1115x715.jpg",1115,715,true],"covernews-slider-center":["https:\/\/contextoanalisisperiodistico.com\/wp-content\/uploads\/2025\/03\/IMG-20250311-WA0106-800x500.jpg",800,500,true],"covernews-featured":["https:\/\/contextoanalisisperiodistico.com\/wp-content\/uploads\/2025\/03\/IMG-20250311-WA0106-1024x662.jpg",1024,662,true],"covernews-medium":["https:\/\/contextoanalisisperiodistico.com\/wp-content\/uploads\/2025\/03\/IMG-20250311-WA0106-540x340.jpg",540,340,true],"covernews-medium-square":["https:\/\/contextoanalisisperiodistico.com\/wp-content\/uploads\/2025\/03\/IMG-20250311-WA0106-400x250.jpg",400,250,true]},"author_info":{"display_name":"Mario Gir\u00f3n","author_link":"https:\/\/contextoanalisisperiodistico.com\/index.php\/author\/director\/"},"category_info":"<a href=\"https:\/\/contextoanalisisperiodistico.com\/index.php\/category\/ciudad\/\" rel=\"category tag\">Ciudad<\/a>","tag_info":"Ciudad","comment_count":"0","jetpack_featured_media_url":"https:\/\/contextoanalisisperiodistico.com\/wp-content\/uploads\/2025\/03\/IMG-20250311-WA0106.jpg","_links":{"self":[{"href":"https:\/\/contextoanalisisperiodistico.com\/index.php\/wp-json\/wp\/v2\/posts\/38355"}],"collection":[{"href":"https:\/\/contextoanalisisperiodistico.com\/index.php\/wp-json\/wp\/v2\/posts"}],"about":[{"href":"https:\/\/contextoanalisisperiodistico.com\/index.php\/wp-json\/wp\/v2\/types\/post"}],"author":[{"embeddable":true,"href":"https:\/\/contextoanalisisperiodistico.com\/index.php\/wp-json\/wp\/v2\/users\/4"}],"replies":[{"embeddable":true,"href":"https:\/\/contextoanalisisperiodistico.com\/index.php\/wp-json\/wp\/v2\/comments?post=38355"}],"version-history":[{"count":1,"href":"https:\/\/contextoanalisisperiodistico.com\/index.php\/wp-json\/wp\/v2\/posts\/38355\/revisions"}],"predecessor-version":[{"id":38356,"href":"https:\/\/contextoanalisisperiodistico.com\/index.php\/wp-json\/wp\/v2\/posts\/38355\/revisions\/38356"}],"wp:featuredmedia":[{"embeddable":true,"href":"https:\/\/contextoanalisisperiodistico.com\/index.php\/wp-json\/wp\/v2\/media\/38354"}],"wp:attachment":[{"href":"https:\/\/contextoanalisisperiodistico.com\/index.php\/wp-json\/wp\/v2\/media?parent=38355"}],"wp:term":[{"taxonomy":"category","embeddable":true,"href":"https:\/\/contextoanalisisperiodistico.com\/index.php\/wp-json\/wp\/v2\/categories?post=38355"},{"taxonomy":"post_tag","embeddable":true,"href":"https:\/\/contextoanalisisperiodistico.com\/index.php\/wp-json\/wp\/v2\/tags?post=38355"}],"curies":[{"name":"wp","href":"https:\/\/api.w.org\/{rel}","templated":true}]}}