{"id":38344,"date":"2025-03-11T14:19:56","date_gmt":"2025-03-11T20:19:56","guid":{"rendered":"https:\/\/contextoanalisisperiodistico.com\/index.php\/2025\/03\/11\/atencion-inmediata-a-personas-lesionadas-del-accidente-carretero-mitla-tehuantepec-sso\/"},"modified":"2025-03-11T14:19:56","modified_gmt":"2025-03-11T20:19:56","slug":"atencion-inmediata-a-personas-lesionadas-del-accidente-carretero-mitla-tehuantepec-sso","status":"publish","type":"post","link":"https:\/\/contextoanalisisperiodistico.com\/index.php\/2025\/03\/11\/atencion-inmediata-a-personas-lesionadas-del-accidente-carretero-mitla-tehuantepec-sso\/","title":{"rendered":"Atenci\u00f3n inmediata a personas lesionadas del accidente carretero Mitla-Tehuantepec: SSO"},"content":{"rendered":"<div id=\"fb-root\"><\/div>\n\n<p>\u2022 Se reportan 42 personas pasajeras que viajaban en el autob\u00fas, de las cuales 24 requirieron hospitalizaci\u00f3n, actualmente, solo ocho permanecen internadas<\/p>\n\n\n\n<p>Oaxaca de Ju\u00e1rez, Oax. 11 de marzo de 2025.- Servicios de Salud de Oaxaca (SSO) informa que, tras el accidente ocurrido en la autopista Mitla-Tehuantepec, se activ\u00f3 de inmediato el Centro Regulador de Urgencias M\u00e9dicas (CRUM), que coordin\u00f3 la recepci\u00f3n y atenci\u00f3n de las personas heridas en la red hospitalaria de la entidad.<\/p>\n\n\n\n<p>El titular de los SSO, Efr\u00e9n Emmanuel Jarqu\u00edn Gonz\u00e1lez destac\u00f3 que, desde el primer momento, equipos m\u00e9dicos acudieron al lugar del incidente para brindar apoyo, en estrecha colaboraci\u00f3n con diversas instituciones.<\/p>\n\n\n\n<p>Balance de la atenci\u00f3n m\u00e9dica<\/p>\n\n\n\n<p>El funcionario precis\u00f3 que en el autob\u00fas accidentado viajaban 42 personas pasajeras, de las cuales 18 lamentablemente perdieron la vida y 24 requirieron hospitalizaci\u00f3n; 16 ya fueron dadas de alta m\u00e9dica, mientras que ocho permanecen internadas y reciben atenci\u00f3n integral.<\/p>\n\n\n\n<p>En el recuento de la atenci\u00f3n brindada, Jarqu\u00edn Gonz\u00e1lez precis\u00f3 que el Hospital General Macedonio Ben\u00edtez Fuentes de Juchit\u00e1n de Zaragoza IMSS-Bienestar, recibi\u00f3 11 personas lesionadas, incluidas dos menores de edad, 10 fueron dadas de alta m\u00e9dica, y un menor de 14 a\u00f1os con traumatismo craneoencef\u00e1lico severo fue referido al Hospital General de Salina Cruz IMSS-Bienestar para su atenci\u00f3n especializada.<\/p>\n\n\n\n<p>De la misma manera en el Hospital General de Santo Domingo Tehuantepec IMSS-Bienestar, se atendi\u00f3 a dos hombres de 30 y 31 a\u00f1os, quienes solicitaron alta voluntaria.<\/p>\n\n\n\n<p>Actualmente en el Hospital General de Salina Cruz IMSS-Bienestar, contin\u00faan hospitalizados una mujer de 16 a\u00f1os y un hombre de 34 a\u00f1os, ambos en estado grave pero estable.<\/p>\n\n\n\n<p>En la Cl\u00ednica Sina\u00ed en Heroica Ciudad de Juchit\u00e1n de Zaragoza, ingresaron ocho personas lesionadas, cuatro fueron dadas de alta m\u00e9dica por mejor\u00eda, tres permanecen hospitalizadas en estado grave pero estable, y un joven de 20 a\u00f1os fue trasladado al Hospital General Doctor Aurelio Valdivieso IMSS-Bienestar para su atenci\u00f3n por un grupo de m\u00e9dicos multidisciplinario.<\/p>\n\n\n\n<p>Adem\u00e1s, un paciente de 44 a\u00f1os con reporte m\u00e9dico politraumatizado, se encuentra en protocolo de estudio y recibiendo atenci\u00f3n m\u00e9dica en la Cl\u00ednica Hospital General del Instituto de Seguridad y Servicios Sociales de los Trabajadores del Estado (ISSSTE) Tehuantepec.<\/p>\n\n\n\n<p>El secretario de Salud reafirm\u00f3 el compromiso del Gobierno del Estado y del sector Salud para garantizar la atenci\u00f3n m\u00e9dica de calidad a las y los pacientes hospitalizados, proporcionando todos los recursos necesarios para su recuperaci\u00f3n.<\/p>\n\n\n\n<p>Finalmente reconoci\u00f3 la labor del personal de salud y de las dependencias que participaron en las labores de rescate para la salvaguarda de vidas en este accidente lamentable; exhort\u00f3 a la poblaci\u00f3n a mantenerse informada a trav\u00e9s de fuentes oficiales.<\/p>\n\n\n\n<p>-0-<\/p>\n\n\n","protected":false},"excerpt":{"rendered":"<p>\u2022 Se reportan 42 personas pasajeras que viajaban en el autob\u00fas, de las cuales 24&#8230;<\/p>\n","protected":false},"author":4,"featured_media":38343,"comment_status":"","ping_status":"open","sticky":false,"template":"","format":"standard","meta":{"footnotes":""},"categories":[9],"tags":[],"jetpack_sharing_enabled":true,"featured_image_urls":{"full":["https:\/\/contextoanalisisperiodistico.com\/wp-content\/uploads\/2025\/03\/IMG-20250311-WA0051.jpg",1600,1067,false],"thumbnail":["https:\/\/contextoanalisisperiodistico.com\/wp-content\/uploads\/2025\/03\/IMG-20250311-WA0051-150x150.jpg",150,150,true],"medium":["https:\/\/contextoanalisisperiodistico.com\/wp-content\/uploads\/2025\/03\/IMG-20250311-WA0051-300x200.jpg",300,200,true],"medium_large":["https:\/\/contextoanalisisperiodistico.com\/wp-content\/uploads\/2025\/03\/IMG-20250311-WA0051-768x512.jpg",640,427,true],"large":["https:\/\/contextoanalisisperiodistico.com\/wp-content\/uploads\/2025\/03\/IMG-20250311-WA0051-1024x683.jpg",640,427,true],"1536x1536":["https:\/\/contextoanalisisperiodistico.com\/wp-content\/uploads\/2025\/03\/IMG-20250311-WA0051-1536x1024.jpg",1536,1024,true],"2048x2048":["https:\/\/contextoanalisisperiodistico.com\/wp-content\/uploads\/2025\/03\/IMG-20250311-WA0051.jpg",1600,1067,false],"covernews-slider-full":["https:\/\/contextoanalisisperiodistico.com\/wp-content\/uploads\/2025\/03\/IMG-20250311-WA0051-1115x715.jpg",1115,715,true],"covernews-slider-center":["https:\/\/contextoanalisisperiodistico.com\/wp-content\/uploads\/2025\/03\/IMG-20250311-WA0051-800x500.jpg",800,500,true],"covernews-featured":["https:\/\/contextoanalisisperiodistico.com\/wp-content\/uploads\/2025\/03\/IMG-20250311-WA0051-1024x683.jpg",1024,683,true],"covernews-medium":["https:\/\/contextoanalisisperiodistico.com\/wp-content\/uploads\/2025\/03\/IMG-20250311-WA0051-540x340.jpg",540,340,true],"covernews-medium-square":["https:\/\/contextoanalisisperiodistico.com\/wp-content\/uploads\/2025\/03\/IMG-20250311-WA0051-400x250.jpg",400,250,true]},"author_info":{"display_name":"Mario Gir\u00f3n","author_link":"https:\/\/contextoanalisisperiodistico.com\/index.php\/author\/director\/"},"category_info":"<a href=\"https:\/\/contextoanalisisperiodistico.com\/index.php\/category\/politica\/\" rel=\"category tag\">Pol\u00edtica<\/a>","tag_info":"Pol\u00edtica","comment_count":"0","jetpack_featured_media_url":"https:\/\/contextoanalisisperiodistico.com\/wp-content\/uploads\/2025\/03\/IMG-20250311-WA0051.jpg","_links":{"self":[{"href":"https:\/\/contextoanalisisperiodistico.com\/index.php\/wp-json\/wp\/v2\/posts\/38344"}],"collection":[{"href":"https:\/\/contextoanalisisperiodistico.com\/index.php\/wp-json\/wp\/v2\/posts"}],"about":[{"href":"https:\/\/contextoanalisisperiodistico.com\/index.php\/wp-json\/wp\/v2\/types\/post"}],"author":[{"embeddable":true,"href":"https:\/\/contextoanalisisperiodistico.com\/index.php\/wp-json\/wp\/v2\/users\/4"}],"replies":[{"embeddable":true,"href":"https:\/\/contextoanalisisperiodistico.com\/index.php\/wp-json\/wp\/v2\/comments?post=38344"}],"version-history":[{"count":0,"href":"https:\/\/contextoanalisisperiodistico.com\/index.php\/wp-json\/wp\/v2\/posts\/38344\/revisions"}],"wp:featuredmedia":[{"embeddable":true,"href":"https:\/\/contextoanalisisperiodistico.com\/index.php\/wp-json\/wp\/v2\/media\/38343"}],"wp:attachment":[{"href":"https:\/\/contextoanalisisperiodistico.com\/index.php\/wp-json\/wp\/v2\/media?parent=38344"}],"wp:term":[{"taxonomy":"category","embeddable":true,"href":"https:\/\/contextoanalisisperiodistico.com\/index.php\/wp-json\/wp\/v2\/categories?post=38344"},{"taxonomy":"post_tag","embeddable":true,"href":"https:\/\/contextoanalisisperiodistico.com\/index.php\/wp-json\/wp\/v2\/tags?post=38344"}],"curies":[{"name":"wp","href":"https:\/\/api.w.org\/{rel}","templated":true}]}}