{"id":38338,"date":"2025-03-11T11:48:02","date_gmt":"2025-03-11T17:48:02","guid":{"rendered":"https:\/\/contextoanalisisperiodistico.com\/index.php\/2025\/03\/11\/consolida-gobierno-de-oaxaca-sistema-de-transporte-urbano-con-binnibus\/"},"modified":"2025-03-11T11:48:02","modified_gmt":"2025-03-11T17:48:02","slug":"consolida-gobierno-de-oaxaca-sistema-de-transporte-urbano-con-binnibus","status":"publish","type":"post","link":"https:\/\/contextoanalisisperiodistico.com\/index.php\/2025\/03\/11\/consolida-gobierno-de-oaxaca-sistema-de-transporte-urbano-con-binnibus\/","title":{"rendered":"Consolida Gobierno de Oaxaca sistema de transporte urbano con BinniBus"},"content":{"rendered":"<div id=\"fb-root\"><\/div>\n\n<p>\u2022 Movilidad para el bienestar <\/p>\n\n\n\n<p>\u2022 El Mandatario Salom\u00f3n Jara inform\u00f3 sobre el cambio de nombre del Sistema de Transporte Colectivo Metropolitano Citybus Oaxaca; la nueva denominaci\u00f3n significa gente o persona<\/p>\n\n\n\n<p>\u2022 Semovi present\u00f3 la nueva identidad de este organismo estatal, que representa la diversidad y la riqueza cultural de la entidad<\/p>\n\n\n\n<p>\u2022 Presentan nuevas rutas de Monte Alb\u00e1n-La Fundici\u00f3n a S\u00edmbolos Patrios y de Viguera al Centro de Rehabilitaci\u00f3n DIF<\/p>\n\n\n\n<p>Oaxaca de Ju\u00e1rez, Oax. 11 de marzo de 2025.- El Gobierno del Estado consolida el Sistema de Transporte Colectivo Metropolitano Citybus Oaxaca, que a partir de hoy cambia de nombre a Binnibus, movilidad para el bienestar; con lo cual se reafirma el compromiso con la ciudadan\u00eda, de brindar un servicio digno y eficiente.<\/p>\n\n\n\n<p>En conferencia de prensa, el Gobernador Salom\u00f3n Jara Cruz detall\u00f3 que, con esta nueva identidad, cuya traducci\u00f3n del zapoteco al espa\u00f1ol significa gente o persona, se les da una denominaci\u00f3n m\u00e1s cercana a las comunidades originarias.<\/p>\n\n\n\n<p>Expuso que adem\u00e1s de este redise\u00f1o institucional, se ampl\u00eda el servicio en la ciudad de Oaxaca y municipios conurbados, con las nuevas rutas de Monte Alb\u00e1n-La Fundici\u00f3n a S\u00edmbolos Patrios y de Viguera al Centro de Rehabilitaci\u00f3n DIF, las cuales beneficiar\u00e1n a casi 250 mil personas usuarias de 11 localidades.<\/p>\n\n\n\n<p>\u201cEl cambio de nombre y el arranque de dos nuevas rutas es solo el pre\u00e1mbulo de un fortalecimiento estructural e integral de este sistema de transporte; pronto haremos nuevos anuncios y comenzaremos una nueva etapa del transporte p\u00fablico a favor de la gente\u201d, dijo el Mandatario estatal.<\/p>\n\n\n\n<p>En este sentido, la titular de la Secretar\u00eda de Movilidad (Semovi), Yesenia Nolasco Ram\u00edrez detall\u00f3 que m\u00e1s all\u00e1 del nombre, esta transformaci\u00f3n es una reivindicaci\u00f3n de las lenguas originarias y que, ahora, le da identidad. \u201cBinniBus no es s\u00f3lo un nombre, es un compromiso. Un transporte p\u00fablico con identidad y con rumbo\u201d, dijo.<\/p>\n\n\n\n<p>Destac\u00f3 que este modelo de transporte que impulsa la Primavera Oaxaque\u00f1a, se caracteriza por contar con unidades nuevas, seguras, c\u00f3modas, con precio accesible, horarios extendidos, rampas y elevadores para personas con discapacidad y paradas especiales para mujeres.<\/p>\n\n\n\n<p><em>Nuevas rutas a favor de 250 mil personas usuarias<\/em><\/p>\n\n\n\n<p>La directora del BinniBus en Oaxaca, Karina G\u00f3mez Esteban inform\u00f3 que la ruta RC05 brinda servicio de Monte Alb\u00e1n- La Fundici\u00f3n hac\u00eda Walmart S\u00edmbolos Patrios, en beneficio de 89 mil 216 personas, de 102 colonias, pertenecientes a los tres municipios de la Zona Metropolitana: Oaxaca de Ju\u00e1rez, San Antonio de la Cal y Santa Cruz Xoxocotl\u00e1n.<\/p>\n\n\n\n<p>Adem\u00e1s, realiza un recorrido de 14.8 kil\u00f3metros en 1 hora con 15 minutos, con 37 paradas oficiales, de las cuales 17 son de ida y 20 de regreso; para ello cuenta con tres unidades en operaci\u00f3n y dos de reserva.<\/p>\n\n\n\n<p>En tanto, la ruta RC06 traslada a las y los usuarios de la terminal de Viguera hacia el Centro de Rehabilitaci\u00f3n DIF, pasando por el Centro de Desarrollo DIF Pilares, Sistema Estatal DIF Oaxaca y el Parque Primavera Oaxaque\u00f1a Cho Ndob\u00e1.<\/p>\n\n\n\n<p>Esta ruta beneficia a 158 mil 407 personas de 213 colonias, pertenecientes a ocho municipios: Oaxaca de Ju\u00e1rez, San Agust\u00edn de las Juntas, San Antonio de la Cal, San Jacinto Amilpas, San Lorenzo Cacaotepec, San Pablo Etla, Santa Cruz Xoxocotl\u00e1n y Santa Mar\u00eda Atzompa.<\/p>\n\n\n\n<p>Realiza un trayecto de 34.50 kil\u00f3metros en un tiempo estimado de 2 horas 40 minutos, con un total de 80 paradas, de las cuales 37 son de ida y 43 de regreso; para ello cuenta con tres unidades en operaci\u00f3n y dos de reserva.<\/p>\n\n\n\n<p>Cabe destacar que ambas rutas inician su servicio de 6:30 a 22:00 horas, de lunes a domingo, mantiene la tarifa general de 8 pesos, y la tarifa social de 4 pesos para personas mayores y estudiantes; en el caso de personas con discapacidad, el servicio es gratuito.<br \/>-0-<\/p>\n\n\n\n<figure class=\"wp-block-image size-large\"><img fetchpriority=\"high\" decoding=\"async\" width=\"682\" height=\"1024\" src=\"https:\/\/contextoanalisisperiodistico.com\/wp-content\/uploads\/2025\/03\/img-20250311-wa00352345244216834674006-682x1024.jpg\" alt=\"\" class=\"wp-image-38335\" srcset=\"https:\/\/contextoanalisisperiodistico.com\/wp-content\/uploads\/2025\/03\/img-20250311-wa00352345244216834674006-682x1024.jpg 682w, https:\/\/contextoanalisisperiodistico.com\/wp-content\/uploads\/2025\/03\/img-20250311-wa00352345244216834674006-200x300.jpg 200w, https:\/\/contextoanalisisperiodistico.com\/wp-content\/uploads\/2025\/03\/img-20250311-wa00352345244216834674006-768x1152.jpg 768w, https:\/\/contextoanalisisperiodistico.com\/wp-content\/uploads\/2025\/03\/img-20250311-wa00352345244216834674006.jpg 853w\" sizes=\"(max-width: 682px) 100vw, 682px\" \/><\/figure>\n\n\n\n<figure class=\"wp-block-image\"><img decoding=\"async\" width=\"300\" height=\"217\" src=\"https:\/\/contextoanalisisperiodistico.com\/wp-content\/uploads\/2025\/03\/img-20250311-wa00375135213930699841531-300x217.jpg\" alt=\"\" class=\"wp-image-38332\" srcset=\"https:\/\/contextoanalisisperiodistico.com\/wp-content\/uploads\/2025\/03\/img-20250311-wa00375135213930699841531-300x217.jpg 300w, https:\/\/contextoanalisisperiodistico.com\/wp-content\/uploads\/2025\/03\/img-20250311-wa00375135213930699841531-768x556.jpg 768w, https:\/\/contextoanalisisperiodistico.com\/wp-content\/uploads\/2025\/03\/img-20250311-wa00375135213930699841531.jpg 900w\" sizes=\"(max-width: 300px) 100vw, 300px\" \/><\/figure>\n\n\n\n<figure class=\"wp-block-image\"><img decoding=\"async\" width=\"300\" height=\"217\" src=\"https:\/\/contextoanalisisperiodistico.com\/wp-content\/uploads\/2025\/03\/img-20250311-wa00387039775514613087983-300x217.jpg\" alt=\"\" class=\"wp-image-38336\" srcset=\"https:\/\/contextoanalisisperiodistico.com\/wp-content\/uploads\/2025\/03\/img-20250311-wa00387039775514613087983-300x217.jpg 300w, https:\/\/contextoanalisisperiodistico.com\/wp-content\/uploads\/2025\/03\/img-20250311-wa00387039775514613087983-768x556.jpg 768w, https:\/\/contextoanalisisperiodistico.com\/wp-content\/uploads\/2025\/03\/img-20250311-wa00387039775514613087983.jpg 900w\" sizes=\"(max-width: 300px) 100vw, 300px\" \/><\/figure>\n\n\n\n<figure class=\"wp-block-image\"><img loading=\"lazy\" decoding=\"async\" width=\"300\" height=\"217\" src=\"https:\/\/contextoanalisisperiodistico.com\/wp-content\/uploads\/2025\/03\/img-20250311-wa00409056430499742604925-300x217.jpg\" alt=\"\" class=\"wp-image-38333\" srcset=\"https:\/\/contextoanalisisperiodistico.com\/wp-content\/uploads\/2025\/03\/img-20250311-wa00409056430499742604925-300x217.jpg 300w, https:\/\/contextoanalisisperiodistico.com\/wp-content\/uploads\/2025\/03\/img-20250311-wa00409056430499742604925-768x556.jpg 768w, https:\/\/contextoanalisisperiodistico.com\/wp-content\/uploads\/2025\/03\/img-20250311-wa00409056430499742604925.jpg 900w\" sizes=\"(max-width: 300px) 100vw, 300px\" \/><\/figure>\n\n\n\n<figure class=\"wp-block-image\"><img loading=\"lazy\" decoding=\"async\" width=\"300\" height=\"217\" src=\"https:\/\/contextoanalisisperiodistico.com\/wp-content\/uploads\/2025\/03\/img-20250311-wa00393193691858301310537-300x217.jpg\" alt=\"\" class=\"wp-image-38334\" srcset=\"https:\/\/contextoanalisisperiodistico.com\/wp-content\/uploads\/2025\/03\/img-20250311-wa00393193691858301310537-300x217.jpg 300w, https:\/\/contextoanalisisperiodistico.com\/wp-content\/uploads\/2025\/03\/img-20250311-wa00393193691858301310537-768x556.jpg 768w, https:\/\/contextoanalisisperiodistico.com\/wp-content\/uploads\/2025\/03\/img-20250311-wa00393193691858301310537.jpg 900w\" sizes=\"(max-width: 300px) 100vw, 300px\" \/><\/figure>\n\n\n\n<figure class=\"wp-block-image\"><img loading=\"lazy\" decoding=\"async\" width=\"1024\" height=\"682\" src=\"https:\/\/contextoanalisisperiodistico.com\/wp-content\/uploads\/2025\/03\/img-20250311-wa00284327424434630695726-1024x682.jpg\" alt=\"\" class=\"wp-image-38337\" srcset=\"https:\/\/contextoanalisisperiodistico.com\/wp-content\/uploads\/2025\/03\/img-20250311-wa00284327424434630695726-1024x682.jpg 1024w, https:\/\/contextoanalisisperiodistico.com\/wp-content\/uploads\/2025\/03\/img-20250311-wa00284327424434630695726-300x200.jpg 300w, https:\/\/contextoanalisisperiodistico.com\/wp-content\/uploads\/2025\/03\/img-20250311-wa00284327424434630695726-768x512.jpg 768w, https:\/\/contextoanalisisperiodistico.com\/wp-content\/uploads\/2025\/03\/img-20250311-wa00284327424434630695726.jpg 1280w\" sizes=\"(max-width: 1024px) 100vw, 1024px\" \/><\/figure>\n","protected":false},"excerpt":{"rendered":"<p>\u2022 Movilidad para el bienestar \u2022 El Mandatario Salom\u00f3n Jara inform\u00f3 sobre el cambio de&#8230;<\/p>\n","protected":false},"author":4,"featured_media":38331,"comment_status":"","ping_status":"open","sticky":false,"template":"","format":"standard","meta":{"footnotes":""},"categories":[9],"tags":[],"jetpack_sharing_enabled":true,"featured_image_urls":{"full":["https:\/\/contextoanalisisperiodistico.com\/wp-content\/uploads\/2025\/03\/IMG-20250311-WA0036.jpg",1280,853,false],"thumbnail":["https:\/\/contextoanalisisperiodistico.com\/wp-content\/uploads\/2025\/03\/IMG-20250311-WA0036-150x150.jpg",150,150,true],"medium":["https:\/\/contextoanalisisperiodistico.com\/wp-content\/uploads\/2025\/03\/IMG-20250311-WA0036-300x200.jpg",300,200,true],"medium_large":["https:\/\/contextoanalisisperiodistico.com\/wp-content\/uploads\/2025\/03\/IMG-20250311-WA0036-768x512.jpg",640,427,true],"large":["https:\/\/contextoanalisisperiodistico.com\/wp-content\/uploads\/2025\/03\/IMG-20250311-WA0036-1024x682.jpg",640,426,true],"1536x1536":["https:\/\/contextoanalisisperiodistico.com\/wp-content\/uploads\/2025\/03\/IMG-20250311-WA0036.jpg",1280,853,false],"2048x2048":["https:\/\/contextoanalisisperiodistico.com\/wp-content\/uploads\/2025\/03\/IMG-20250311-WA0036.jpg",1280,853,false],"covernews-slider-full":["https:\/\/contextoanalisisperiodistico.com\/wp-content\/uploads\/2025\/03\/IMG-20250311-WA0036-1115x715.jpg",1115,715,true],"covernews-slider-center":["https:\/\/contextoanalisisperiodistico.com\/wp-content\/uploads\/2025\/03\/IMG-20250311-WA0036-800x500.jpg",800,500,true],"covernews-featured":["https:\/\/contextoanalisisperiodistico.com\/wp-content\/uploads\/2025\/03\/IMG-20250311-WA0036-1024x682.jpg",1024,682,true],"covernews-medium":["https:\/\/contextoanalisisperiodistico.com\/wp-content\/uploads\/2025\/03\/IMG-20250311-WA0036-540x340.jpg",540,340,true],"covernews-medium-square":["https:\/\/contextoanalisisperiodistico.com\/wp-content\/uploads\/2025\/03\/IMG-20250311-WA0036-400x250.jpg",400,250,true]},"author_info":{"display_name":"Mario Gir\u00f3n","author_link":"https:\/\/contextoanalisisperiodistico.com\/index.php\/author\/director\/"},"category_info":"<a href=\"https:\/\/contextoanalisisperiodistico.com\/index.php\/category\/politica\/\" rel=\"category tag\">Pol\u00edtica<\/a>","tag_info":"Pol\u00edtica","comment_count":"0","jetpack_featured_media_url":"https:\/\/contextoanalisisperiodistico.com\/wp-content\/uploads\/2025\/03\/IMG-20250311-WA0036.jpg","_links":{"self":[{"href":"https:\/\/contextoanalisisperiodistico.com\/index.php\/wp-json\/wp\/v2\/posts\/38338"}],"collection":[{"href":"https:\/\/contextoanalisisperiodistico.com\/index.php\/wp-json\/wp\/v2\/posts"}],"about":[{"href":"https:\/\/contextoanalisisperiodistico.com\/index.php\/wp-json\/wp\/v2\/types\/post"}],"author":[{"embeddable":true,"href":"https:\/\/contextoanalisisperiodistico.com\/index.php\/wp-json\/wp\/v2\/users\/4"}],"replies":[{"embeddable":true,"href":"https:\/\/contextoanalisisperiodistico.com\/index.php\/wp-json\/wp\/v2\/comments?post=38338"}],"version-history":[{"count":0,"href":"https:\/\/contextoanalisisperiodistico.com\/index.php\/wp-json\/wp\/v2\/posts\/38338\/revisions"}],"wp:featuredmedia":[{"embeddable":true,"href":"https:\/\/contextoanalisisperiodistico.com\/index.php\/wp-json\/wp\/v2\/media\/38331"}],"wp:attachment":[{"href":"https:\/\/contextoanalisisperiodistico.com\/index.php\/wp-json\/wp\/v2\/media?parent=38338"}],"wp:term":[{"taxonomy":"category","embeddable":true,"href":"https:\/\/contextoanalisisperiodistico.com\/index.php\/wp-json\/wp\/v2\/categories?post=38338"},{"taxonomy":"post_tag","embeddable":true,"href":"https:\/\/contextoanalisisperiodistico.com\/index.php\/wp-json\/wp\/v2\/tags?post=38338"}],"curies":[{"name":"wp","href":"https:\/\/api.w.org\/{rel}","templated":true}]}}