{"id":38286,"date":"2025-03-10T11:42:34","date_gmt":"2025-03-10T17:42:34","guid":{"rendered":"https:\/\/contextoanalisisperiodistico.com\/index.php\/2025\/03\/10\/municipio-de-oaxaca-de-juarez-dara-seguimiento-a-incidentes-en-la-eleccion-de-agentes-municipales\/"},"modified":"2025-03-10T11:48:26","modified_gmt":"2025-03-10T17:48:26","slug":"municipio-de-oaxaca-de-juarez-dara-seguimiento-a-incidentes-en-la-eleccion-de-agentes-municipales","status":"publish","type":"post","link":"https:\/\/contextoanalisisperiodistico.com\/index.php\/2025\/03\/10\/municipio-de-oaxaca-de-juarez-dara-seguimiento-a-incidentes-en-la-eleccion-de-agentes-municipales\/","title":{"rendered":"Municipio de Oaxaca de Ju\u00e1rez dar\u00e1 seguimiento a incidentes en la elecci\u00f3n de agentes municipales"},"content":{"rendered":"<div id=\"fb-root\"><\/div>\n\n<p>Oaxaca de Ju\u00e1rez, Oax., 10 de marzo de 2025.- El Municipio de Oaxaca de Ju\u00e1rez informa que este domingo se llev\u00f3 a cabo la jornada electoral para la elecci\u00f3n de agentes municipales y de polic\u00eda en las agencias de Trinidad de Viguera, Donaj\u00ed, San Luis Beltr\u00e1n, Guadalupe Victoria y Montoya, en su mayor\u00eda desarrolladas en un ambiente de tranquilidad y respeto a los usos normativos internos.<\/p>\n\n\n\n<p>No obstante, en la agencia de polic\u00eda de Guadalupe Victoria, se registraron incidentes aislados que alteraron el proceso electoral, entre ellos la quema de urnas por parte de un grupo de personas. Ante estos hechos, el Municipio reitera su compromiso con el respeto a los procesos normativos internos y con la preservaci\u00f3n del orden y la paz social.<\/p>\n\n\n\n<p>Asimismo, se dar\u00e1 un seguimiento riguroso a las denuncias presentadas, garantizando un proceso de revisi\u00f3n transparente y apegado a la legalidad, con el objetivo de velar por el correcto desarrollo de los procesos democr\u00e1ticos en la capital.<\/p>\n\n\n\n<p>El Gobierno Municipal reafirma su disposici\u00f3n para trabajar en coordinaci\u00f3n con las agencias municipales y con las instancias competentes, con el prop\u00f3sito de fortalecer la gobernabilidad, la transparencia y el ejercicio democr\u00e1tico en beneficio de la ciudadan\u00eda.<\/p>\n","protected":false},"excerpt":{"rendered":"<p>Oaxaca de Ju\u00e1rez, Oax., 10 de marzo de 2025.- El Municipio de Oaxaca de Ju\u00e1rez&#8230;<\/p>\n","protected":false},"author":4,"featured_media":38288,"comment_status":"closed","ping_status":"open","sticky":false,"template":"","format":"standard","meta":{"footnotes":""},"categories":[9],"tags":[178,235,234,45],"jetpack_sharing_enabled":true,"featured_image_urls":{"full":["https:\/\/contextoanalisisperiodistico.com\/wp-content\/uploads\/2025\/03\/Screenshot_2025-03-10-11-48-01-42_680d03679600f7af0b4c700c6b270fe7.jpg",710,412,false],"thumbnail":["https:\/\/contextoanalisisperiodistico.com\/wp-content\/uploads\/2025\/03\/Screenshot_2025-03-10-11-48-01-42_680d03679600f7af0b4c700c6b270fe7-150x150.jpg",150,150,true],"medium":["https:\/\/contextoanalisisperiodistico.com\/wp-content\/uploads\/2025\/03\/Screenshot_2025-03-10-11-48-01-42_680d03679600f7af0b4c700c6b270fe7-300x174.jpg",300,174,true],"medium_large":["https:\/\/contextoanalisisperiodistico.com\/wp-content\/uploads\/2025\/03\/Screenshot_2025-03-10-11-48-01-42_680d03679600f7af0b4c700c6b270fe7.jpg",640,371,false],"large":["https:\/\/contextoanalisisperiodistico.com\/wp-content\/uploads\/2025\/03\/Screenshot_2025-03-10-11-48-01-42_680d03679600f7af0b4c700c6b270fe7.jpg",640,371,false],"1536x1536":["https:\/\/contextoanalisisperiodistico.com\/wp-content\/uploads\/2025\/03\/Screenshot_2025-03-10-11-48-01-42_680d03679600f7af0b4c700c6b270fe7.jpg",710,412,false],"2048x2048":["https:\/\/contextoanalisisperiodistico.com\/wp-content\/uploads\/2025\/03\/Screenshot_2025-03-10-11-48-01-42_680d03679600f7af0b4c700c6b270fe7.jpg",710,412,false],"covernews-slider-full":["https:\/\/contextoanalisisperiodistico.com\/wp-content\/uploads\/2025\/03\/Screenshot_2025-03-10-11-48-01-42_680d03679600f7af0b4c700c6b270fe7.jpg",710,412,false],"covernews-slider-center":["https:\/\/contextoanalisisperiodistico.com\/wp-content\/uploads\/2025\/03\/Screenshot_2025-03-10-11-48-01-42_680d03679600f7af0b4c700c6b270fe7.jpg",710,412,false],"covernews-featured":["https:\/\/contextoanalisisperiodistico.com\/wp-content\/uploads\/2025\/03\/Screenshot_2025-03-10-11-48-01-42_680d03679600f7af0b4c700c6b270fe7.jpg",710,412,false],"covernews-medium":["https:\/\/contextoanalisisperiodistico.com\/wp-content\/uploads\/2025\/03\/Screenshot_2025-03-10-11-48-01-42_680d03679600f7af0b4c700c6b270fe7-540x340.jpg",540,340,true],"covernews-medium-square":["https:\/\/contextoanalisisperiodistico.com\/wp-content\/uploads\/2025\/03\/Screenshot_2025-03-10-11-48-01-42_680d03679600f7af0b4c700c6b270fe7-400x250.jpg",400,250,true]},"author_info":{"display_name":"Mario Gir\u00f3n","author_link":"https:\/\/contextoanalisisperiodistico.com\/index.php\/author\/director\/"},"category_info":"<a href=\"https:\/\/contextoanalisisperiodistico.com\/index.php\/category\/politica\/\" rel=\"category tag\">Pol\u00edtica<\/a>","tag_info":"Pol\u00edtica","comment_count":"0","jetpack_featured_media_url":"https:\/\/contextoanalisisperiodistico.com\/wp-content\/uploads\/2025\/03\/Screenshot_2025-03-10-11-48-01-42_680d03679600f7af0b4c700c6b270fe7.jpg","_links":{"self":[{"href":"https:\/\/contextoanalisisperiodistico.com\/index.php\/wp-json\/wp\/v2\/posts\/38286"}],"collection":[{"href":"https:\/\/contextoanalisisperiodistico.com\/index.php\/wp-json\/wp\/v2\/posts"}],"about":[{"href":"https:\/\/contextoanalisisperiodistico.com\/index.php\/wp-json\/wp\/v2\/types\/post"}],"author":[{"embeddable":true,"href":"https:\/\/contextoanalisisperiodistico.com\/index.php\/wp-json\/wp\/v2\/users\/4"}],"replies":[{"embeddable":true,"href":"https:\/\/contextoanalisisperiodistico.com\/index.php\/wp-json\/wp\/v2\/comments?post=38286"}],"version-history":[{"count":2,"href":"https:\/\/contextoanalisisperiodistico.com\/index.php\/wp-json\/wp\/v2\/posts\/38286\/revisions"}],"predecessor-version":[{"id":38289,"href":"https:\/\/contextoanalisisperiodistico.com\/index.php\/wp-json\/wp\/v2\/posts\/38286\/revisions\/38289"}],"wp:featuredmedia":[{"embeddable":true,"href":"https:\/\/contextoanalisisperiodistico.com\/index.php\/wp-json\/wp\/v2\/media\/38288"}],"wp:attachment":[{"href":"https:\/\/contextoanalisisperiodistico.com\/index.php\/wp-json\/wp\/v2\/media?parent=38286"}],"wp:term":[{"taxonomy":"category","embeddable":true,"href":"https:\/\/contextoanalisisperiodistico.com\/index.php\/wp-json\/wp\/v2\/categories?post=38286"},{"taxonomy":"post_tag","embeddable":true,"href":"https:\/\/contextoanalisisperiodistico.com\/index.php\/wp-json\/wp\/v2\/tags?post=38286"}],"curies":[{"name":"wp","href":"https:\/\/api.w.org\/{rel}","templated":true}]}}