{"id":38268,"date":"2025-03-09T14:21:26","date_gmt":"2025-03-09T20:21:26","guid":{"rendered":"https:\/\/contextoanalisisperiodistico.com\/index.php\/2025\/03\/09\/refrenda-oaxaca-su-apoyo-a-la-defensa-de-la-soberania-del-pais\/"},"modified":"2025-03-09T14:21:26","modified_gmt":"2025-03-09T20:21:26","slug":"refrenda-oaxaca-su-apoyo-a-la-defensa-de-la-soberania-del-pais","status":"publish","type":"post","link":"https:\/\/contextoanalisisperiodistico.com\/index.php\/2025\/03\/09\/refrenda-oaxaca-su-apoyo-a-la-defensa-de-la-soberania-del-pais\/","title":{"rendered":"Refrenda Oaxaca su apoyo a la defensa de la soberan\u00eda del pa\u00eds"},"content":{"rendered":"<div id=\"fb-root\"><\/div>\n\n<p>\u2022 El Gobernador Salom\u00f3n Jara asisti\u00f3 a la Asamblea Informativa encabezada por la Presidenta Claudia Sheinbaum Pardo en el z\u00f3calo de la Ciudad de M\u00e9xico<\/p>\n\n\n\n<figure class=\"wp-block-image size-large\"><img fetchpriority=\"high\" decoding=\"async\" width=\"1024\" height=\"682\" src=\"https:\/\/contextoanalisisperiodistico.com\/wp-content\/uploads\/2025\/03\/img-20250309-wa00735903937571751138168-1024x682.jpg\" alt=\"\" class=\"wp-image-38263\" srcset=\"https:\/\/contextoanalisisperiodistico.com\/wp-content\/uploads\/2025\/03\/img-20250309-wa00735903937571751138168-1024x682.jpg 1024w, https:\/\/contextoanalisisperiodistico.com\/wp-content\/uploads\/2025\/03\/img-20250309-wa00735903937571751138168-300x200.jpg 300w, https:\/\/contextoanalisisperiodistico.com\/wp-content\/uploads\/2025\/03\/img-20250309-wa00735903937571751138168-768x512.jpg 768w, https:\/\/contextoanalisisperiodistico.com\/wp-content\/uploads\/2025\/03\/img-20250309-wa00735903937571751138168.jpg 1280w\" sizes=\"(max-width: 1024px) 100vw, 1024px\" \/><\/figure>\n\n\n\n<figure class=\"wp-block-image\"><img decoding=\"async\" width=\"975\" height=\"1024\" src=\"https:\/\/contextoanalisisperiodistico.com\/wp-content\/uploads\/2025\/03\/img-20250309-wa00678485000966804230492-975x1024.jpg\" alt=\"\" class=\"wp-image-38262\" srcset=\"https:\/\/contextoanalisisperiodistico.com\/wp-content\/uploads\/2025\/03\/img-20250309-wa00678485000966804230492-975x1024.jpg 975w, https:\/\/contextoanalisisperiodistico.com\/wp-content\/uploads\/2025\/03\/img-20250309-wa00678485000966804230492-286x300.jpg 286w, https:\/\/contextoanalisisperiodistico.com\/wp-content\/uploads\/2025\/03\/img-20250309-wa00678485000966804230492-768x806.jpg 768w, https:\/\/contextoanalisisperiodistico.com\/wp-content\/uploads\/2025\/03\/img-20250309-wa00678485000966804230492-1024x1075.jpg 1024w, https:\/\/contextoanalisisperiodistico.com\/wp-content\/uploads\/2025\/03\/img-20250309-wa00678485000966804230492.jpg 1080w\" sizes=\"(max-width: 975px) 100vw, 975px\" \/><\/figure>\n\n\n\n<figure class=\"wp-block-image\"><img decoding=\"async\" width=\"1024\" height=\"682\" src=\"https:\/\/contextoanalisisperiodistico.com\/wp-content\/uploads\/2025\/03\/img-20250309-wa00705306094377799096154-1024x682.jpg\" alt=\"\" class=\"wp-image-38264\" srcset=\"https:\/\/contextoanalisisperiodistico.com\/wp-content\/uploads\/2025\/03\/img-20250309-wa00705306094377799096154-1024x682.jpg 1024w, https:\/\/contextoanalisisperiodistico.com\/wp-content\/uploads\/2025\/03\/img-20250309-wa00705306094377799096154-300x200.jpg 300w, https:\/\/contextoanalisisperiodistico.com\/wp-content\/uploads\/2025\/03\/img-20250309-wa00705306094377799096154-768x512.jpg 768w, https:\/\/contextoanalisisperiodistico.com\/wp-content\/uploads\/2025\/03\/img-20250309-wa00705306094377799096154.jpg 1280w\" sizes=\"(max-width: 1024px) 100vw, 1024px\" \/><\/figure>\n\n\n\n<figure class=\"wp-block-image\"><img loading=\"lazy\" decoding=\"async\" width=\"1024\" height=\"682\" src=\"https:\/\/contextoanalisisperiodistico.com\/wp-content\/uploads\/2025\/03\/img-20250309-wa00693680132423266697359-1024x682.jpg\" alt=\"\" class=\"wp-image-38266\" srcset=\"https:\/\/contextoanalisisperiodistico.com\/wp-content\/uploads\/2025\/03\/img-20250309-wa00693680132423266697359-1024x682.jpg 1024w, https:\/\/contextoanalisisperiodistico.com\/wp-content\/uploads\/2025\/03\/img-20250309-wa00693680132423266697359-300x200.jpg 300w, https:\/\/contextoanalisisperiodistico.com\/wp-content\/uploads\/2025\/03\/img-20250309-wa00693680132423266697359-768x512.jpg 768w, https:\/\/contextoanalisisperiodistico.com\/wp-content\/uploads\/2025\/03\/img-20250309-wa00693680132423266697359.jpg 1280w\" sizes=\"(max-width: 1024px) 100vw, 1024px\" \/><\/figure>\n\n\n\n<figure class=\"wp-block-image\"><img loading=\"lazy\" decoding=\"async\" width=\"1024\" height=\"682\" src=\"https:\/\/contextoanalisisperiodistico.com\/wp-content\/uploads\/2025\/03\/img-20250309-wa0071703998365446079919-1024x682.jpg\" alt=\"\" class=\"wp-image-38265\" srcset=\"https:\/\/contextoanalisisperiodistico.com\/wp-content\/uploads\/2025\/03\/img-20250309-wa0071703998365446079919-1024x682.jpg 1024w, https:\/\/contextoanalisisperiodistico.com\/wp-content\/uploads\/2025\/03\/img-20250309-wa0071703998365446079919-300x200.jpg 300w, https:\/\/contextoanalisisperiodistico.com\/wp-content\/uploads\/2025\/03\/img-20250309-wa0071703998365446079919-768x512.jpg 768w, https:\/\/contextoanalisisperiodistico.com\/wp-content\/uploads\/2025\/03\/img-20250309-wa0071703998365446079919.jpg 1280w\" sizes=\"(max-width: 1024px) 100vw, 1024px\" \/><\/figure>\n\n\n\n<figure class=\"wp-block-image\"><img loading=\"lazy\" decoding=\"async\" width=\"1024\" height=\"682\" src=\"https:\/\/contextoanalisisperiodistico.com\/wp-content\/uploads\/2025\/03\/img-20250309-wa00685109086554863407667-1024x682.jpg\" alt=\"\" class=\"wp-image-38267\" srcset=\"https:\/\/contextoanalisisperiodistico.com\/wp-content\/uploads\/2025\/03\/img-20250309-wa00685109086554863407667-1024x682.jpg 1024w, https:\/\/contextoanalisisperiodistico.com\/wp-content\/uploads\/2025\/03\/img-20250309-wa00685109086554863407667-300x200.jpg 300w, https:\/\/contextoanalisisperiodistico.com\/wp-content\/uploads\/2025\/03\/img-20250309-wa00685109086554863407667-768x512.jpg 768w, https:\/\/contextoanalisisperiodistico.com\/wp-content\/uploads\/2025\/03\/img-20250309-wa00685109086554863407667.jpg 1280w\" sizes=\"(max-width: 1024px) 100vw, 1024px\" \/><\/figure>\n\n\n\n<p>Ciudad de M\u00e9xico. 9 de marzo de 2025.- En representaci\u00f3n del pueblo de Oaxaca, el Gobernador Salom\u00f3n Jara Cruz refrend\u00f3 el respaldo de su administraci\u00f3n a la Presidenta Claudia Sheinbaum Pardo, quien encabeza la defensa de la soberan\u00eda de M\u00e9xico ante la pol\u00edtica arancelaria del gobierno de los Estados Unidos.<\/p>\n\n\n\n<p>En el marco de la Asamblea Informativa encabezada por la Jefa del Estado Mexicano en el z\u00f3calo capitalino, el Mandatario estatal destac\u00f3 que Oaxaca siempre est\u00e1 presto para responder al llamado de la naci\u00f3n.<\/p>\n\n\n\n<p>\u201cHoy m\u00e1s que nunca vamos a seguir defendiendo nuestra patria\u201d, expres\u00f3 junto a la Presidenta Honoraria del Sistema Estatal para el Desarrollo Integral de la Familia (DIF) Oaxaca, Irma Bola\u00f1os Quijano; e integrantes de su gabinete legal y ampliado, que tambi\u00e9n asistieron a este acto p\u00fablico.<\/p>\n\n\n\n<p>En este sentido, destac\u00f3 la diplomacia de la Presidenta Claudia Sheinbaum Pardo, quien el pasado jueves 6 de marzo logr\u00f3, en un marco de di\u00e1logo y respeto, la suspensi\u00f3n de los aranceles impuestos a los productos mexicanos que se exportan al pa\u00eds vecino.<\/p>\n\n\n\n<p>Jara Cruz se\u00f1al\u00f3 que derivado de ello, ser\u00e1 hasta el 2 de abril cuando Estados Unidos anunciar\u00e1 aranceles rec\u00edprocos para todos los pa\u00edses, los cuales no ser\u00e1n efectivos para M\u00e9xico ya que el pa\u00eds no aplica este impuesto.<\/p>\n\n\n\n<p>De esta manera, se congratul\u00f3 por la estrategia impulsada por el Gobierno de M\u00e9xico que ha permitido tan solo en febrero, una disminuci\u00f3n del 41.5 por ciento en las incautaciones de fentanilo en Estados Unidos, luego del env\u00edo de 10 mil elementos de la Guardia Nacional a la frontera de ambos pa\u00edses; as\u00ed como la decisi\u00f3n del Gabinete de Seguridad de enviar a 29 personas privadas de la libertad a Estados Unidos.<\/p>\n\n\n\n<p>Durante esta Asamblea Informativa, la Presidenta Claudia Sheinbaum destac\u00f3 que M\u00e9xico es un gran pa\u00eds, con un pueblo digno y valeroso, al igual que Estados Unidos, y que ambas son dos naciones en igualdad de circunstancias<\/p>\n\n\n\n<p>\u201cNuestra fuerza es el pueblo y nuestro motivo es su bienestar\u201d, expres\u00f3 al tiempo de refrendar el fortalecimiento de su estrategia de seguridad y de los programas sociales encaminados al desarrollo de las y los mexicanos<\/p>\n\n\n\n<p>A este acto asistieron, tambi\u00e9n, gobernadoras y gobernadores de diferentes estados del pa\u00eds, funcionariado del Gobierno de M\u00e9xico, integrantes de la C\u00e1mara de diputados y del Senado, as\u00ed como, representantes de los pueblos originarios del pa\u00eds.<\/p>\n\n\n\n<p>-0-<\/p>\n\n\n\n<p><\/p>\n\n\n\n<p><\/p>\n","protected":false},"excerpt":{"rendered":"<p>\u2022 El Gobernador Salom\u00f3n Jara asisti\u00f3 a la Asamblea Informativa encabezada por la Presidenta Claudia&#8230;<\/p>\n","protected":false},"author":4,"featured_media":38261,"comment_status":"","ping_status":"open","sticky":false,"template":"","format":"standard","meta":{"footnotes":""},"categories":[9],"tags":[],"jetpack_sharing_enabled":true,"featured_image_urls":{"full":["https:\/\/contextoanalisisperiodistico.com\/wp-content\/uploads\/2025\/03\/IMG-20250309-WA0072.jpg",1280,853,false],"thumbnail":["https:\/\/contextoanalisisperiodistico.com\/wp-content\/uploads\/2025\/03\/IMG-20250309-WA0072-150x150.jpg",150,150,true],"medium":["https:\/\/contextoanalisisperiodistico.com\/wp-content\/uploads\/2025\/03\/IMG-20250309-WA0072-300x200.jpg",300,200,true],"medium_large":["https:\/\/contextoanalisisperiodistico.com\/wp-content\/uploads\/2025\/03\/IMG-20250309-WA0072-768x512.jpg",640,427,true],"large":["https:\/\/contextoanalisisperiodistico.com\/wp-content\/uploads\/2025\/03\/IMG-20250309-WA0072-1024x682.jpg",640,426,true],"1536x1536":["https:\/\/contextoanalisisperiodistico.com\/wp-content\/uploads\/2025\/03\/IMG-20250309-WA0072.jpg",1280,853,false],"2048x2048":["https:\/\/contextoanalisisperiodistico.com\/wp-content\/uploads\/2025\/03\/IMG-20250309-WA0072.jpg",1280,853,false],"covernews-slider-full":["https:\/\/contextoanalisisperiodistico.com\/wp-content\/uploads\/2025\/03\/IMG-20250309-WA0072-1115x715.jpg",1115,715,true],"covernews-slider-center":["https:\/\/contextoanalisisperiodistico.com\/wp-content\/uploads\/2025\/03\/IMG-20250309-WA0072-800x500.jpg",800,500,true],"covernews-featured":["https:\/\/contextoanalisisperiodistico.com\/wp-content\/uploads\/2025\/03\/IMG-20250309-WA0072-1024x682.jpg",1024,682,true],"covernews-medium":["https:\/\/contextoanalisisperiodistico.com\/wp-content\/uploads\/2025\/03\/IMG-20250309-WA0072-540x340.jpg",540,340,true],"covernews-medium-square":["https:\/\/contextoanalisisperiodistico.com\/wp-content\/uploads\/2025\/03\/IMG-20250309-WA0072-400x250.jpg",400,250,true]},"author_info":{"display_name":"Mario Gir\u00f3n","author_link":"https:\/\/contextoanalisisperiodistico.com\/index.php\/author\/director\/"},"category_info":"<a href=\"https:\/\/contextoanalisisperiodistico.com\/index.php\/category\/politica\/\" rel=\"category tag\">Pol\u00edtica<\/a>","tag_info":"Pol\u00edtica","comment_count":"0","jetpack_featured_media_url":"https:\/\/contextoanalisisperiodistico.com\/wp-content\/uploads\/2025\/03\/IMG-20250309-WA0072.jpg","_links":{"self":[{"href":"https:\/\/contextoanalisisperiodistico.com\/index.php\/wp-json\/wp\/v2\/posts\/38268"}],"collection":[{"href":"https:\/\/contextoanalisisperiodistico.com\/index.php\/wp-json\/wp\/v2\/posts"}],"about":[{"href":"https:\/\/contextoanalisisperiodistico.com\/index.php\/wp-json\/wp\/v2\/types\/post"}],"author":[{"embeddable":true,"href":"https:\/\/contextoanalisisperiodistico.com\/index.php\/wp-json\/wp\/v2\/users\/4"}],"replies":[{"embeddable":true,"href":"https:\/\/contextoanalisisperiodistico.com\/index.php\/wp-json\/wp\/v2\/comments?post=38268"}],"version-history":[{"count":0,"href":"https:\/\/contextoanalisisperiodistico.com\/index.php\/wp-json\/wp\/v2\/posts\/38268\/revisions"}],"wp:featuredmedia":[{"embeddable":true,"href":"https:\/\/contextoanalisisperiodistico.com\/index.php\/wp-json\/wp\/v2\/media\/38261"}],"wp:attachment":[{"href":"https:\/\/contextoanalisisperiodistico.com\/index.php\/wp-json\/wp\/v2\/media?parent=38268"}],"wp:term":[{"taxonomy":"category","embeddable":true,"href":"https:\/\/contextoanalisisperiodistico.com\/index.php\/wp-json\/wp\/v2\/categories?post=38268"},{"taxonomy":"post_tag","embeddable":true,"href":"https:\/\/contextoanalisisperiodistico.com\/index.php\/wp-json\/wp\/v2\/tags?post=38268"}],"curies":[{"name":"wp","href":"https:\/\/api.w.org\/{rel}","templated":true}]}}