{"id":38260,"date":"2025-03-09T13:54:59","date_gmt":"2025-03-09T19:54:59","guid":{"rendered":"https:\/\/contextoanalisisperiodistico.com\/index.php\/2025\/03\/09\/promueve-sso-atencion-medica-con-enfoque-intercultural\/"},"modified":"2025-03-09T13:54:59","modified_gmt":"2025-03-09T19:54:59","slug":"promueve-sso-atencion-medica-con-enfoque-intercultural","status":"publish","type":"post","link":"https:\/\/contextoanalisisperiodistico.com\/index.php\/2025\/03\/09\/promueve-sso-atencion-medica-con-enfoque-intercultural\/","title":{"rendered":"Promueve SSO atenci\u00f3n m\u00e9dica con enfoque intercultural"},"content":{"rendered":"<div id=\"fb-root\"><\/div>\n\n<p>\u2022 Alta calidad humana en la prestaci\u00f3n de servicios de salud mental, el objetivo de la capacitaci\u00f3n brindada a personal del Hospital Psiqui\u00e1trico Cruz del Sur<\/p>\n\n\n\n<figure class=\"wp-block-image size-large\"><img fetchpriority=\"high\" decoding=\"async\" width=\"1024\" height=\"461\" src=\"https:\/\/contextoanalisisperiodistico.com\/wp-content\/uploads\/2025\/03\/img-20250309-wa00267827726901057869337-1024x461.jpg\" alt=\"\" class=\"wp-image-38258\" srcset=\"https:\/\/contextoanalisisperiodistico.com\/wp-content\/uploads\/2025\/03\/img-20250309-wa00267827726901057869337-1024x461.jpg 1024w, https:\/\/contextoanalisisperiodistico.com\/wp-content\/uploads\/2025\/03\/img-20250309-wa00267827726901057869337-300x135.jpg 300w, https:\/\/contextoanalisisperiodistico.com\/wp-content\/uploads\/2025\/03\/img-20250309-wa00267827726901057869337-768x346.jpg 768w, https:\/\/contextoanalisisperiodistico.com\/wp-content\/uploads\/2025\/03\/img-20250309-wa00267827726901057869337.jpg 1280w\" sizes=\"(max-width: 1024px) 100vw, 1024px\" \/><\/figure>\n\n\n\n<figure class=\"wp-block-image\"><img decoding=\"async\" width=\"1024\" height=\"461\" src=\"https:\/\/contextoanalisisperiodistico.com\/wp-content\/uploads\/2025\/03\/img-20250309-wa00275019046050163349557-1024x461.jpg\" alt=\"\" class=\"wp-image-38259\" srcset=\"https:\/\/contextoanalisisperiodistico.com\/wp-content\/uploads\/2025\/03\/img-20250309-wa00275019046050163349557-1024x461.jpg 1024w, https:\/\/contextoanalisisperiodistico.com\/wp-content\/uploads\/2025\/03\/img-20250309-wa00275019046050163349557-300x135.jpg 300w, https:\/\/contextoanalisisperiodistico.com\/wp-content\/uploads\/2025\/03\/img-20250309-wa00275019046050163349557-768x346.jpg 768w, https:\/\/contextoanalisisperiodistico.com\/wp-content\/uploads\/2025\/03\/img-20250309-wa00275019046050163349557.jpg 1280w\" sizes=\"(max-width: 1024px) 100vw, 1024px\" \/><\/figure>\n\n\n\n<p>Oaxaca de Ju\u00e1rez, Oax. 9 de marzo de 2025.- Para brindar atenci\u00f3n de calidad y con perspectiva de derechos humanos a las personas usuarias de servicios m\u00e9dicos del Hospital Psiqui\u00e1trico Cruz del Sur, la Unidad de Desarrollo Intercultural y Medicina Tradicional de Servicios de Salud de Oaxaca (SSO), imparti\u00f3 una capacitaci\u00f3n al personal m\u00e9dico, as\u00ed como trabajadoras y trabajadores de la instituci\u00f3n.<\/p>\n\n\n\n<p>Como parte de la pol\u00edtica p\u00fablica implementada por la administraci\u00f3n estatal que encabeza el Gobernador Salom\u00f3n Jara Cruz, la atenci\u00f3n en materia de salud con perspectiva de interculturalidad y g\u00e9nero, forma parte de un nuevo paradigma de prestaci\u00f3n de servicios.<\/p>\n\n\n\n<p>Ante ello, las y los profesionales de la salud que laboran en dicho nosocomio fueron provistos de herramientas para brindar un trato digno basados en los lineamientos interculturales que, como servidoras y servidores p\u00fablicos y con el respeto de los derechos humanos, deben ofrecer, respetando las costumbres de las personas usuarias de la red m\u00e9dica.<\/p>\n\n\n\n<p>En el marco del programa de sensibilizaci\u00f3n de un servicio culturalmente competente, previo al Hospital Psiqui\u00e1trico, se inici\u00f3 con capacitaciones en la Jurisdicci\u00f3n Sanitaria 1 Valles Centrales, en donde se efectuaron procesos formativos con los cursos titulados \u201cInterculturalidad en salud\u201d y \u201cComida, ejercicio y buen humor\u201d, basado este \u00faltimo en la pol\u00edtica p\u00fablica de la dieta de la milpa.<\/p>\n\n\n\n<p>Las y los profesionales capacitados fueron sensibilizados en la importancia de ofrecer un servicio de alta calidad humana, seguro, eficaz y basado en el respeto intercultural, garantizando as\u00ed la competencia en el tema con respeto a otros modelos m\u00e9dicos reconocidos en M\u00e9xico, como lo es la Medicina Tradicional Ind\u00edgena.<\/p>\n\n\n\n<p>Entre las tem\u00e1ticas impartidas por los responsables estatales se encuentran: Servicios de Salud Culturalmente Competentes, Lineamientos Interculturales en la Atenci\u00f3n M\u00e9dica, Medicina Tradicional Ind\u00edgena, Medicinas Complementarias Reconocidas, Marco Legal del reconocimiento y regulaci\u00f3n de dichas medicinas y Derecho de los Pueblos Ind\u00edgenas, entre otros.<\/p>\n\n\n\n<p>-0-<\/p>\n","protected":false},"excerpt":{"rendered":"<p>\u2022 Alta calidad humana en la prestaci\u00f3n de servicios de salud mental, el objetivo de&#8230;<\/p>\n","protected":false},"author":4,"featured_media":38257,"comment_status":"","ping_status":"open","sticky":false,"template":"","format":"standard","meta":{"footnotes":""},"categories":[92],"tags":[],"jetpack_sharing_enabled":true,"featured_image_urls":{"full":["https:\/\/contextoanalisisperiodistico.com\/wp-content\/uploads\/2025\/03\/IMG-20250309-WA0025.jpg",1280,960,false],"thumbnail":["https:\/\/contextoanalisisperiodistico.com\/wp-content\/uploads\/2025\/03\/IMG-20250309-WA0025-150x150.jpg",150,150,true],"medium":["https:\/\/contextoanalisisperiodistico.com\/wp-content\/uploads\/2025\/03\/IMG-20250309-WA0025-300x225.jpg",300,225,true],"medium_large":["https:\/\/contextoanalisisperiodistico.com\/wp-content\/uploads\/2025\/03\/IMG-20250309-WA0025-768x576.jpg",640,480,true],"large":["https:\/\/contextoanalisisperiodistico.com\/wp-content\/uploads\/2025\/03\/IMG-20250309-WA0025-1024x768.jpg",640,480,true],"1536x1536":["https:\/\/contextoanalisisperiodistico.com\/wp-content\/uploads\/2025\/03\/IMG-20250309-WA0025.jpg",1280,960,false],"2048x2048":["https:\/\/contextoanalisisperiodistico.com\/wp-content\/uploads\/2025\/03\/IMG-20250309-WA0025.jpg",1280,960,false],"covernews-slider-full":["https:\/\/contextoanalisisperiodistico.com\/wp-content\/uploads\/2025\/03\/IMG-20250309-WA0025-1115x715.jpg",1115,715,true],"covernews-slider-center":["https:\/\/contextoanalisisperiodistico.com\/wp-content\/uploads\/2025\/03\/IMG-20250309-WA0025-800x500.jpg",800,500,true],"covernews-featured":["https:\/\/contextoanalisisperiodistico.com\/wp-content\/uploads\/2025\/03\/IMG-20250309-WA0025-1024x768.jpg",1024,768,true],"covernews-medium":["https:\/\/contextoanalisisperiodistico.com\/wp-content\/uploads\/2025\/03\/IMG-20250309-WA0025-540x340.jpg",540,340,true],"covernews-medium-square":["https:\/\/contextoanalisisperiodistico.com\/wp-content\/uploads\/2025\/03\/IMG-20250309-WA0025-400x250.jpg",400,250,true]},"author_info":{"display_name":"Mario Gir\u00f3n","author_link":"https:\/\/contextoanalisisperiodistico.com\/index.php\/author\/director\/"},"category_info":"<a href=\"https:\/\/contextoanalisisperiodistico.com\/index.php\/category\/salud\/\" rel=\"category tag\">Salud<\/a>","tag_info":"Salud","comment_count":"0","jetpack_featured_media_url":"https:\/\/contextoanalisisperiodistico.com\/wp-content\/uploads\/2025\/03\/IMG-20250309-WA0025.jpg","_links":{"self":[{"href":"https:\/\/contextoanalisisperiodistico.com\/index.php\/wp-json\/wp\/v2\/posts\/38260"}],"collection":[{"href":"https:\/\/contextoanalisisperiodistico.com\/index.php\/wp-json\/wp\/v2\/posts"}],"about":[{"href":"https:\/\/contextoanalisisperiodistico.com\/index.php\/wp-json\/wp\/v2\/types\/post"}],"author":[{"embeddable":true,"href":"https:\/\/contextoanalisisperiodistico.com\/index.php\/wp-json\/wp\/v2\/users\/4"}],"replies":[{"embeddable":true,"href":"https:\/\/contextoanalisisperiodistico.com\/index.php\/wp-json\/wp\/v2\/comments?post=38260"}],"version-history":[{"count":0,"href":"https:\/\/contextoanalisisperiodistico.com\/index.php\/wp-json\/wp\/v2\/posts\/38260\/revisions"}],"wp:featuredmedia":[{"embeddable":true,"href":"https:\/\/contextoanalisisperiodistico.com\/index.php\/wp-json\/wp\/v2\/media\/38257"}],"wp:attachment":[{"href":"https:\/\/contextoanalisisperiodistico.com\/index.php\/wp-json\/wp\/v2\/media?parent=38260"}],"wp:term":[{"taxonomy":"category","embeddable":true,"href":"https:\/\/contextoanalisisperiodistico.com\/index.php\/wp-json\/wp\/v2\/categories?post=38260"},{"taxonomy":"post_tag","embeddable":true,"href":"https:\/\/contextoanalisisperiodistico.com\/index.php\/wp-json\/wp\/v2\/tags?post=38260"}],"curies":[{"name":"wp","href":"https:\/\/api.w.org\/{rel}","templated":true}]}}