{"id":38239,"date":"2025-03-09T09:07:19","date_gmt":"2025-03-09T15:07:19","guid":{"rendered":"https:\/\/contextoanalisisperiodistico.com\/index.php\/2025\/03\/09\/reporta-gobierno-de-oaxaca-saldo-blanco-en-movilizaciones-con-motivo-del-8m\/"},"modified":"2025-03-09T09:07:19","modified_gmt":"2025-03-09T15:07:19","slug":"reporta-gobierno-de-oaxaca-saldo-blanco-en-movilizaciones-con-motivo-del-8m","status":"publish","type":"post","link":"https:\/\/contextoanalisisperiodistico.com\/index.php\/2025\/03\/09\/reporta-gobierno-de-oaxaca-saldo-blanco-en-movilizaciones-con-motivo-del-8m\/","title":{"rendered":"Reporta Gobierno de Oaxaca saldo blanco en movilizaciones con motivo del 8M"},"content":{"rendered":"<div id=\"fb-root\"><\/div>\n\n<p>\u2022\u2060 \u2060Secretario de Gobierno resalta que cada una de las marchas fueron respetadas y se garantiz\u00f3 la libre manifestaci\u00f3n de las mujeres<\/p>\n\n\n\n<p>\u2022\u2060 \u2060Fiscal\u00eda General del Estado de Oaxaca dictaminar\u00e1 afectaciones al patrimonio p\u00fablico y privado, adem\u00e1s, ubicar\u00e1 a las personas responsables<\/p>\n\n\n\n<p>\u2022 Gobierno del Estado no cay\u00f3 en la confrontaci\u00f3n <\/p>\n\n\n\n<p>Oaxaca de Ju\u00e1rez, Oax. 8 de marzo de 2024.- El Gobierno del Estado de Oaxaca report\u00f3 saldo blanco luego de las movilizaciones que diversos grupos y colectivos de mujeres realizaron este s\u00e1bado 8 de marzo en el marco del D\u00eda Internacional de la Mujer.<\/p>\n\n\n\n<p>El titular de la Secretar\u00eda de Gobierno (Sego), Jes\u00fas Romero hizo un balance de las movilizaciones de mujeres por el 8M que se desarrollaron en las principales avenidas y calles de Oaxaca de Ju\u00e1rez y que concluyeron en el primer cuadro de la capital del estado.<\/p>\n\n\n\n<p>Destac\u00f3 que todas y cada una de las marchas fueron respetadas y se garantiz\u00f3 la libre manifestaci\u00f3n de las mujeres.<\/p>\n\n\n\n<p>Sin embargo, indic\u00f3 que se registraron algunas acciones premeditadas por parte de algunos grupos de choque y de personas infiltradas que afectaron el patrimonio privado y p\u00fablico de la sociedad oaxaque\u00f1a.<\/p>\n\n\n\n<p>En este sentido, inform\u00f3 que se solicit\u00f3 a la Fiscal\u00eda General del Estado de Oaxaca (FGEO) dictaminar las afectaciones al patrimonio p\u00fablico y de empresas privadas, as\u00ed como ubicar a las personas responsables que tuvieron esa actitud.<\/p>\n\n\n\n<p>\u201cFueron marchas con una participaci\u00f3n importante de mujeres, lamentablemente manchada por esta pr\u00e1ctica de buscar la confrontaci\u00f3n; pero, el Gobierno del Estado no cay\u00f3 en ninguna provocaci\u00f3n y los cuerpos de seguridad se mantuvieron al margen y actuaron en el marco del protocolo que la propia Ley establece para proteger al cuerpo de bomberos y Protecci\u00f3n Civil que sofoc\u00f3 el fuego que se intentaba generar en la Catedral Metropolitana de Oaxaca de Ju\u00e1rez y en la puerta del Palacio de Gobierno\u201d, dijo.<\/p>\n\n\n\n<p>El responsable de la pol\u00edtica interna del estado inform\u00f3 que se emplearon extintores para sofocar el fuego que pretend\u00edan iniciar en la puerta principal del Palacio de Gobierno; adem\u00e1s un agente qu\u00edmico para disuadir, y as\u00ed permitir la actuaci\u00f3n de los elementos del Heroico Cuerpo de Bomberos que emplearon polvo seco sobre la madera rociada con gasolina, que ya ard\u00eda.<\/p>\n\n\n\n<p>La Secretar\u00eda de Seguridad y Protecci\u00f3n Ciudadana emple\u00f3 polvo qu\u00edmico a un objeto para disuadir y dispersar a las personas.<\/p>\n\n\n\n<p>Dio a conocer que, al cierre de la jornada, la Cruz Roja Mexicana y los cuerpos de socorro no reportan personas lesionadas o afectadas f\u00edsicamente y esto es resultado del respeto a las protestas pues hubo libre tr\u00e1nsito y libre acci\u00f3n.<\/p>\n\n\n\n<p>Afirm\u00f3 que el Gobierno de la Primavera Oaxaque\u00f1a fue responsable y prudente en respetar la protesta p\u00fablica, por lo que desde el primer momento se plante\u00f3 no usar las fuerzas de seguridad y apegarse al protocolo de actuaci\u00f3n respetando siempre el derecho a la libre manifestaci\u00f3n.<\/p>\n\n\n\n<p>Dijo que, si se hubiera decidido contener a los grupos, se pudo afectar a terceros, por lo cual se actu\u00f3 con prudencia.<\/p>\n","protected":false},"excerpt":{"rendered":"<p>\u2022\u2060 \u2060Secretario de Gobierno resalta que cada una de las marchas fueron respetadas y se&#8230;<\/p>\n","protected":false},"author":4,"featured_media":38238,"comment_status":"","ping_status":"open","sticky":false,"template":"","format":"standard","meta":{"footnotes":""},"categories":[9],"tags":[],"jetpack_sharing_enabled":true,"featured_image_urls":{"full":["https:\/\/contextoanalisisperiodistico.com\/wp-content\/uploads\/2025\/03\/IMG-20250308-WA0165.jpg",960,960,false],"thumbnail":["https:\/\/contextoanalisisperiodistico.com\/wp-content\/uploads\/2025\/03\/IMG-20250308-WA0165-150x150.jpg",150,150,true],"medium":["https:\/\/contextoanalisisperiodistico.com\/wp-content\/uploads\/2025\/03\/IMG-20250308-WA0165-300x300.jpg",300,300,true],"medium_large":["https:\/\/contextoanalisisperiodistico.com\/wp-content\/uploads\/2025\/03\/IMG-20250308-WA0165-768x768.jpg",640,640,true],"large":["https:\/\/contextoanalisisperiodistico.com\/wp-content\/uploads\/2025\/03\/IMG-20250308-WA0165.jpg",640,640,false],"1536x1536":["https:\/\/contextoanalisisperiodistico.com\/wp-content\/uploads\/2025\/03\/IMG-20250308-WA0165.jpg",960,960,false],"2048x2048":["https:\/\/contextoanalisisperiodistico.com\/wp-content\/uploads\/2025\/03\/IMG-20250308-WA0165.jpg",960,960,false],"covernews-slider-full":["https:\/\/contextoanalisisperiodistico.com\/wp-content\/uploads\/2025\/03\/IMG-20250308-WA0165-960x715.jpg",960,715,true],"covernews-slider-center":["https:\/\/contextoanalisisperiodistico.com\/wp-content\/uploads\/2025\/03\/IMG-20250308-WA0165-800x500.jpg",800,500,true],"covernews-featured":["https:\/\/contextoanalisisperiodistico.com\/wp-content\/uploads\/2025\/03\/IMG-20250308-WA0165.jpg",960,960,false],"covernews-medium":["https:\/\/contextoanalisisperiodistico.com\/wp-content\/uploads\/2025\/03\/IMG-20250308-WA0165-540x340.jpg",540,340,true],"covernews-medium-square":["https:\/\/contextoanalisisperiodistico.com\/wp-content\/uploads\/2025\/03\/IMG-20250308-WA0165-400x250.jpg",400,250,true]},"author_info":{"display_name":"Mario Gir\u00f3n","author_link":"https:\/\/contextoanalisisperiodistico.com\/index.php\/author\/director\/"},"category_info":"<a href=\"https:\/\/contextoanalisisperiodistico.com\/index.php\/category\/politica\/\" rel=\"category tag\">Pol\u00edtica<\/a>","tag_info":"Pol\u00edtica","comment_count":"0","jetpack_featured_media_url":"https:\/\/contextoanalisisperiodistico.com\/wp-content\/uploads\/2025\/03\/IMG-20250308-WA0165.jpg","_links":{"self":[{"href":"https:\/\/contextoanalisisperiodistico.com\/index.php\/wp-json\/wp\/v2\/posts\/38239"}],"collection":[{"href":"https:\/\/contextoanalisisperiodistico.com\/index.php\/wp-json\/wp\/v2\/posts"}],"about":[{"href":"https:\/\/contextoanalisisperiodistico.com\/index.php\/wp-json\/wp\/v2\/types\/post"}],"author":[{"embeddable":true,"href":"https:\/\/contextoanalisisperiodistico.com\/index.php\/wp-json\/wp\/v2\/users\/4"}],"replies":[{"embeddable":true,"href":"https:\/\/contextoanalisisperiodistico.com\/index.php\/wp-json\/wp\/v2\/comments?post=38239"}],"version-history":[{"count":0,"href":"https:\/\/contextoanalisisperiodistico.com\/index.php\/wp-json\/wp\/v2\/posts\/38239\/revisions"}],"wp:featuredmedia":[{"embeddable":true,"href":"https:\/\/contextoanalisisperiodistico.com\/index.php\/wp-json\/wp\/v2\/media\/38238"}],"wp:attachment":[{"href":"https:\/\/contextoanalisisperiodistico.com\/index.php\/wp-json\/wp\/v2\/media?parent=38239"}],"wp:term":[{"taxonomy":"category","embeddable":true,"href":"https:\/\/contextoanalisisperiodistico.com\/index.php\/wp-json\/wp\/v2\/categories?post=38239"},{"taxonomy":"post_tag","embeddable":true,"href":"https:\/\/contextoanalisisperiodistico.com\/index.php\/wp-json\/wp\/v2\/tags?post=38239"}],"curies":[{"name":"wp","href":"https:\/\/api.w.org\/{rel}","templated":true}]}}