{"id":38234,"date":"2025-03-08T14:53:40","date_gmt":"2025-03-08T20:53:40","guid":{"rendered":"https:\/\/contextoanalisisperiodistico.com\/index.php\/2025\/03\/08\/entrega-cabildo-de-oaxaca-de-juarez-la-distincion-ciudadana-mujer-oaxaquena-alicia-lilia-porras-mazari\/"},"modified":"2025-03-08T14:53:40","modified_gmt":"2025-03-08T20:53:40","slug":"entrega-cabildo-de-oaxaca-de-juarez-la-distincion-ciudadana-mujer-oaxaquena-alicia-lilia-porras-mazari","status":"publish","type":"post","link":"https:\/\/contextoanalisisperiodistico.com\/index.php\/2025\/03\/08\/entrega-cabildo-de-oaxaca-de-juarez-la-distincion-ciudadana-mujer-oaxaquena-alicia-lilia-porras-mazari\/","title":{"rendered":"Entrega Cabildo de Oaxaca de Ju\u00e1rez la Distinci\u00f3n Ciudadana \u201cMujer Oaxaque\u00f1a Alicia Lilia Porras Mazari\u00bb"},"content":{"rendered":"<div id=\"fb-root\"><\/div>\n\n<p>*El reconocimiento se extendi\u00f3 a todas las vecinas que diariamente se desarrollan en distintos \u00e1mbitos<\/p>\n\n\n\n<figure class=\"wp-block-image size-large\"><img fetchpriority=\"high\" decoding=\"async\" width=\"1024\" height=\"683\" src=\"https:\/\/contextoanalisisperiodistico.com\/wp-content\/uploads\/2025\/03\/img-20250308-wa00623062830669081023551-1024x683.jpg\" alt=\"\" class=\"wp-image-38225\" srcset=\"https:\/\/contextoanalisisperiodistico.com\/wp-content\/uploads\/2025\/03\/img-20250308-wa00623062830669081023551-1024x683.jpg 1024w, https:\/\/contextoanalisisperiodistico.com\/wp-content\/uploads\/2025\/03\/img-20250308-wa00623062830669081023551-300x200.jpg 300w, https:\/\/contextoanalisisperiodistico.com\/wp-content\/uploads\/2025\/03\/img-20250308-wa00623062830669081023551-768x512.jpg 768w, https:\/\/contextoanalisisperiodistico.com\/wp-content\/uploads\/2025\/03\/img-20250308-wa00623062830669081023551-1536x1025.jpg 1536w, https:\/\/contextoanalisisperiodistico.com\/wp-content\/uploads\/2025\/03\/img-20250308-wa00623062830669081023551.jpg 2000w\" sizes=\"(max-width: 1024px) 100vw, 1024px\" \/><\/figure>\n\n\n\n<figure class=\"wp-block-image\"><img decoding=\"async\" width=\"1024\" height=\"683\" src=\"https:\/\/contextoanalisisperiodistico.com\/wp-content\/uploads\/2025\/03\/img-20250308-wa00637347653625070444923-1024x683.jpg\" alt=\"\" class=\"wp-image-38226\" srcset=\"https:\/\/contextoanalisisperiodistico.com\/wp-content\/uploads\/2025\/03\/img-20250308-wa00637347653625070444923-1024x683.jpg 1024w, https:\/\/contextoanalisisperiodistico.com\/wp-content\/uploads\/2025\/03\/img-20250308-wa00637347653625070444923-300x200.jpg 300w, https:\/\/contextoanalisisperiodistico.com\/wp-content\/uploads\/2025\/03\/img-20250308-wa00637347653625070444923-768x512.jpg 768w, https:\/\/contextoanalisisperiodistico.com\/wp-content\/uploads\/2025\/03\/img-20250308-wa00637347653625070444923-1536x1025.jpg 1536w, https:\/\/contextoanalisisperiodistico.com\/wp-content\/uploads\/2025\/03\/img-20250308-wa00637347653625070444923.jpg 2000w\" sizes=\"(max-width: 1024px) 100vw, 1024px\" \/><\/figure>\n\n\n\n<figure class=\"wp-block-image\"><img decoding=\"async\" width=\"1024\" height=\"683\" src=\"https:\/\/contextoanalisisperiodistico.com\/wp-content\/uploads\/2025\/03\/img-20250308-wa00598226698494141963943-1024x683.jpg\" alt=\"\" class=\"wp-image-38227\" srcset=\"https:\/\/contextoanalisisperiodistico.com\/wp-content\/uploads\/2025\/03\/img-20250308-wa00598226698494141963943-1024x683.jpg 1024w, https:\/\/contextoanalisisperiodistico.com\/wp-content\/uploads\/2025\/03\/img-20250308-wa00598226698494141963943-300x200.jpg 300w, https:\/\/contextoanalisisperiodistico.com\/wp-content\/uploads\/2025\/03\/img-20250308-wa00598226698494141963943-768x512.jpg 768w, https:\/\/contextoanalisisperiodistico.com\/wp-content\/uploads\/2025\/03\/img-20250308-wa00598226698494141963943-1536x1025.jpg 1536w, https:\/\/contextoanalisisperiodistico.com\/wp-content\/uploads\/2025\/03\/img-20250308-wa00598226698494141963943.jpg 2000w\" sizes=\"(max-width: 1024px) 100vw, 1024px\" \/><\/figure>\n\n\n\n<figure class=\"wp-block-image\"><img loading=\"lazy\" decoding=\"async\" width=\"768\" height=\"1024\" src=\"https:\/\/contextoanalisisperiodistico.com\/wp-content\/uploads\/2025\/03\/img-20250308-wa00601054922085113469639-768x1024.jpg\" alt=\"\" class=\"wp-image-38228\" srcset=\"https:\/\/contextoanalisisperiodistico.com\/wp-content\/uploads\/2025\/03\/img-20250308-wa00601054922085113469639-768x1024.jpg 768w, https:\/\/contextoanalisisperiodistico.com\/wp-content\/uploads\/2025\/03\/img-20250308-wa00601054922085113469639-225x300.jpg 225w, https:\/\/contextoanalisisperiodistico.com\/wp-content\/uploads\/2025\/03\/img-20250308-wa00601054922085113469639.jpg 960w\" sizes=\"(max-width: 768px) 100vw, 768px\" \/><\/figure>\n\n\n\n<figure class=\"wp-block-image\"><img loading=\"lazy\" decoding=\"async\" width=\"768\" height=\"1024\" src=\"https:\/\/contextoanalisisperiodistico.com\/wp-content\/uploads\/2025\/03\/img-20250308-wa00612688935208076032822-768x1024.jpg\" alt=\"\" class=\"wp-image-38229\" srcset=\"https:\/\/contextoanalisisperiodistico.com\/wp-content\/uploads\/2025\/03\/img-20250308-wa00612688935208076032822-768x1024.jpg 768w, https:\/\/contextoanalisisperiodistico.com\/wp-content\/uploads\/2025\/03\/img-20250308-wa00612688935208076032822-225x300.jpg 225w, https:\/\/contextoanalisisperiodistico.com\/wp-content\/uploads\/2025\/03\/img-20250308-wa00612688935208076032822.jpg 960w\" sizes=\"(max-width: 768px) 100vw, 768px\" \/><\/figure>\n\n\n\n<figure class=\"wp-block-image\"><img loading=\"lazy\" decoding=\"async\" width=\"1024\" height=\"683\" src=\"https:\/\/contextoanalisisperiodistico.com\/wp-content\/uploads\/2025\/03\/img-20250308-wa00647713751711577008345-1024x683.jpg\" alt=\"\" class=\"wp-image-38230\" srcset=\"https:\/\/contextoanalisisperiodistico.com\/wp-content\/uploads\/2025\/03\/img-20250308-wa00647713751711577008345-1024x683.jpg 1024w, https:\/\/contextoanalisisperiodistico.com\/wp-content\/uploads\/2025\/03\/img-20250308-wa00647713751711577008345-300x200.jpg 300w, https:\/\/contextoanalisisperiodistico.com\/wp-content\/uploads\/2025\/03\/img-20250308-wa00647713751711577008345-768x512.jpg 768w, https:\/\/contextoanalisisperiodistico.com\/wp-content\/uploads\/2025\/03\/img-20250308-wa00647713751711577008345-1536x1025.jpg 1536w, https:\/\/contextoanalisisperiodistico.com\/wp-content\/uploads\/2025\/03\/img-20250308-wa00647713751711577008345.jpg 2000w\" sizes=\"(max-width: 1024px) 100vw, 1024px\" \/><\/figure>\n\n\n\n<figure class=\"wp-block-image\"><img loading=\"lazy\" decoding=\"async\" width=\"1024\" height=\"682\" src=\"https:\/\/contextoanalisisperiodistico.com\/wp-content\/uploads\/2025\/03\/img-20250308-wa00674767563579082934059-1024x682.jpg\" alt=\"\" class=\"wp-image-38231\" srcset=\"https:\/\/contextoanalisisperiodistico.com\/wp-content\/uploads\/2025\/03\/img-20250308-wa00674767563579082934059-1024x682.jpg 1024w, https:\/\/contextoanalisisperiodistico.com\/wp-content\/uploads\/2025\/03\/img-20250308-wa00674767563579082934059-300x200.jpg 300w, https:\/\/contextoanalisisperiodistico.com\/wp-content\/uploads\/2025\/03\/img-20250308-wa00674767563579082934059-768x512.jpg 768w, https:\/\/contextoanalisisperiodistico.com\/wp-content\/uploads\/2025\/03\/img-20250308-wa00674767563579082934059-1536x1023.jpg 1536w, https:\/\/contextoanalisisperiodistico.com\/wp-content\/uploads\/2025\/03\/img-20250308-wa00674767563579082934059.jpg 1600w\" sizes=\"(max-width: 1024px) 100vw, 1024px\" \/><\/figure>\n\n\n\n<figure class=\"wp-block-image\"><img loading=\"lazy\" decoding=\"async\" width=\"1024\" height=\"683\" src=\"https:\/\/contextoanalisisperiodistico.com\/wp-content\/uploads\/2025\/03\/img-20250308-wa00665767641566361275165-1024x683.jpg\" alt=\"\" class=\"wp-image-38232\" srcset=\"https:\/\/contextoanalisisperiodistico.com\/wp-content\/uploads\/2025\/03\/img-20250308-wa00665767641566361275165-1024x683.jpg 1024w, https:\/\/contextoanalisisperiodistico.com\/wp-content\/uploads\/2025\/03\/img-20250308-wa00665767641566361275165-300x200.jpg 300w, https:\/\/contextoanalisisperiodistico.com\/wp-content\/uploads\/2025\/03\/img-20250308-wa00665767641566361275165-768x512.jpg 768w, https:\/\/contextoanalisisperiodistico.com\/wp-content\/uploads\/2025\/03\/img-20250308-wa00665767641566361275165-1536x1025.jpg 1536w, https:\/\/contextoanalisisperiodistico.com\/wp-content\/uploads\/2025\/03\/img-20250308-wa00665767641566361275165.jpg 2000w\" sizes=\"(max-width: 1024px) 100vw, 1024px\" \/><\/figure>\n\n\n\n<figure class=\"wp-block-image\"><img loading=\"lazy\" decoding=\"async\" width=\"1024\" height=\"683\" src=\"https:\/\/contextoanalisisperiodistico.com\/wp-content\/uploads\/2025\/03\/img-20250308-wa00657954850644449654979-1024x683.jpg\" alt=\"\" class=\"wp-image-38233\" srcset=\"https:\/\/contextoanalisisperiodistico.com\/wp-content\/uploads\/2025\/03\/img-20250308-wa00657954850644449654979-1024x683.jpg 1024w, https:\/\/contextoanalisisperiodistico.com\/wp-content\/uploads\/2025\/03\/img-20250308-wa00657954850644449654979-300x200.jpg 300w, https:\/\/contextoanalisisperiodistico.com\/wp-content\/uploads\/2025\/03\/img-20250308-wa00657954850644449654979-768x512.jpg 768w, https:\/\/contextoanalisisperiodistico.com\/wp-content\/uploads\/2025\/03\/img-20250308-wa00657954850644449654979-1536x1025.jpg 1536w, https:\/\/contextoanalisisperiodistico.com\/wp-content\/uploads\/2025\/03\/img-20250308-wa00657954850644449654979.jpg 2000w\" sizes=\"(max-width: 1024px) 100vw, 1024px\" \/><\/figure>\n\n\n\n<p>Oaxaca de Ju\u00e1rez, Oax. 8 de marzo de 2025.- En el marco de la conmemoraci\u00f3n del D\u00eda Internacional de la Mujer, el Municipio de Oaxaca de Ju\u00e1rez, encabezado por el presidente municipal Ray Chagoya, llev\u00f3 a cabo la entrega del galard\u00f3n Distinci\u00f3n Ciudadana Mujer Oaxaque\u00f1a \u00abAlicia Lilia Porras Mazari\u00bb en una emotiva sesi\u00f3n solemne celebrada en el Palacio Municipal.<\/p>\n\n\n\n<p>Este reconocimiento busca destacar la labor y el compromiso de las mujeres oaxaque\u00f1as que, con su esfuerzo y dedicaci\u00f3n, contribuyen al desarrollo de la ciudad en diversos \u00e1mbitos, como la cultura, la educaci\u00f3n, la pol\u00edtica, el deporte y la seguridad.<\/p>\n\n\n\n<p>Las galardonadas en esta edici\u00f3n fueron:<\/p>\n\n\n\n<ul class=\"wp-block-list\">\n<li>Yolotzin Cruz Cedillo, fagotista oaxaque\u00f1a, quien comenz\u00f3 sus estudios musicales a temprana edad en Oaxaca y los continu\u00f3 en la Ciudad de M\u00e9xico, Austria y Alemania. Su talento y disciplina la han colocado como una referente en la m\u00fasica cl\u00e1sica internacional.<\/li>\n\n\n\n<li>Paola Lizbeth Leyva Ib\u00e1\u00f1ez, quien ha impulsado a j\u00f3venes en el \u00e1mbito legislativo, desempe\u00f1\u00e1ndose como subdirectora de la Red Juvenil Por M\u00e9xico (2021-2023).<\/li>\n\n\n\n<li>Mar\u00eda Isabel Robles P\u00e9rez, cofundadora y directora de la Red Embajadores Juveniles Oaxaque\u00f1os, que ha capacitado a m\u00e1s de 2 mil j\u00f3venes en derechos humanos y litigaci\u00f3n oral en M\u00e9xico y Latinoam\u00e9rica.<\/li>\n\n\n\n<li>Ana\u00edsa P\u00e9rez Pacheco, atleta paral\u00edmpica de b\u00e1squetbol en silla de ruedas, con m\u00e1s de 17 a\u00f1os de experiencia, medallista paramundialista y parapanamericana, y ganadora del Premio Estatal del Deporte en 2012.<\/li>\n\n\n\n<li>Maricela Mart\u00ednez Felipe, Polic\u00eda Segundo y Comandante de la Zona de Pueblo Nuevo y Viguera en la Direcci\u00f3n de Proximidad Social, adscrita a la Secretar\u00eda de Seguridad Vecinal.<\/li>\n\n\n\n<li>Alejandrina Barrios Ch\u00e1vez, Polic\u00eda Segundo y encargada del primer turno de la Unidad de G\u00e9nero de la Polic\u00eda Municipal de Oaxaca de Ju\u00e1rez.<\/li>\n\n\n\n<li>Gisela Virginia Campos \u00c1ngeles, investigadora y docente en el \u00e1rea de recursos naturales, con una formaci\u00f3n en Ingenier\u00eda Agr\u00f3noma y un doctorado en Ciencias Forestales.<\/li>\n\n\n\n<li>Ana Margarita D\u00edaz Aceves, destacada int\u00e9rprete, compositora y promotora cultural, conocida por fusionar g\u00e9neros como el pop alternativo, jazz, cumbia y m\u00fasica tradicional oaxaque\u00f1a.<\/li>\n\n\n\n<li>Margarita Isela Carballido Canseco, abogada con m\u00e1s de 25 a\u00f1os de experiencia en la defensa de los derechos humanos y la equidad de g\u00e9nero.<\/li>\n\n\n\n<li>Leticia del Consuelo Ric\u00e1rdez Carri\u00f3n, poetisa, escritora y promotora cultural oaxaque\u00f1a, reconocida por su labor en la literatura y la gesti\u00f3n cultural en M\u00e9xico.<\/li>\n\n\n\n<li>Yoani Paola Rodr\u00edguez Villegas, l\u00edder comprometida con la educaci\u00f3n y el desarrollo de las mujeres, promoviendo la igualdad de oportunidades.<\/li>\n<\/ul>\n\n\n\n<p>Adem\u00e1s, se entreg\u00f3 un reconocimiento especial a Cristina Margarita Jim\u00e9nez Garc\u00eda, quien se ha destacado por su labor en el \u00e1mbito sindical, luchando por los derechos de las trabajadoras.<\/p>\n\n\n\n<p>En su mensaje, el presidente municipal Ray Chagoya reafirm\u00f3 el compromiso del gobierno municipal con las mujeres oaxaque\u00f1as y su importante papel en la transformaci\u00f3n de la sociedad.<\/p>\n\n\n\n<p>Subray\u00f3 que, con orgullo, se entrega la distinci\u00f3n Alicia Lilia Porras Mazari en honor a una mujer que trabaj\u00f3 incansablemente por la educaci\u00f3n de las infancias y por el bienestar de las nuevas generaciones de oaxaque\u00f1os.<\/p>\n\n\n\n<p>Este galard\u00f3n no solo es un reconocimiento al esfuerzo y la dedicaci\u00f3n de estas mujeres excepcionales, sino tambi\u00e9n un llamado a seguir luchando por la igualdad de g\u00e9nero y el desarrollo de la ciudad de Oaxaca.<\/p>\n","protected":false},"excerpt":{"rendered":"<p>*El reconocimiento se extendi\u00f3 a todas las vecinas que diariamente se desarrollan en distintos \u00e1mbitos&#8230;<\/p>\n","protected":false},"author":4,"featured_media":38224,"comment_status":"","ping_status":"open","sticky":false,"template":"","format":"standard","meta":{"footnotes":""},"categories":[9],"tags":[178,235,234,45],"jetpack_sharing_enabled":true,"featured_image_urls":{"full":["https:\/\/contextoanalisisperiodistico.com\/wp-content\/uploads\/2025\/03\/IMG-20250308-WA0064-scaled.jpg",2560,1706,false],"thumbnail":["https:\/\/contextoanalisisperiodistico.com\/wp-content\/uploads\/2025\/03\/IMG-20250308-WA0064-150x150.jpg",150,150,true],"medium":["https:\/\/contextoanalisisperiodistico.com\/wp-content\/uploads\/2025\/03\/IMG-20250308-WA0064-300x200.jpg",300,200,true],"medium_large":["https:\/\/contextoanalisisperiodistico.com\/wp-content\/uploads\/2025\/03\/IMG-20250308-WA0064-768x512.jpg",640,427,true],"large":["https:\/\/contextoanalisisperiodistico.com\/wp-content\/uploads\/2025\/03\/IMG-20250308-WA0064-1024x683.jpg",640,427,true],"1536x1536":["https:\/\/contextoanalisisperiodistico.com\/wp-content\/uploads\/2025\/03\/IMG-20250308-WA0064-1536x1024.jpg",1536,1024,true],"2048x2048":["https:\/\/contextoanalisisperiodistico.com\/wp-content\/uploads\/2025\/03\/IMG-20250308-WA0064-2048x1365.jpg",2048,1365,true],"covernews-slider-full":["https:\/\/contextoanalisisperiodistico.com\/wp-content\/uploads\/2025\/03\/IMG-20250308-WA0064-1115x715.jpg",1115,715,true],"covernews-slider-center":["https:\/\/contextoanalisisperiodistico.com\/wp-content\/uploads\/2025\/03\/IMG-20250308-WA0064-800x500.jpg",800,500,true],"covernews-featured":["https:\/\/contextoanalisisperiodistico.com\/wp-content\/uploads\/2025\/03\/IMG-20250308-WA0064-scaled.jpg",1024,682,false],"covernews-medium":["https:\/\/contextoanalisisperiodistico.com\/wp-content\/uploads\/2025\/03\/IMG-20250308-WA0064-scaled.jpg",510,340,false],"covernews-medium-square":["https:\/\/contextoanalisisperiodistico.com\/wp-content\/uploads\/2025\/03\/IMG-20250308-WA0064-scaled.jpg",375,250,false]},"author_info":{"display_name":"Mario Gir\u00f3n","author_link":"https:\/\/contextoanalisisperiodistico.com\/index.php\/author\/director\/"},"category_info":"<a href=\"https:\/\/contextoanalisisperiodistico.com\/index.php\/category\/politica\/\" rel=\"category tag\">Pol\u00edtica<\/a>","tag_info":"Pol\u00edtica","comment_count":"0","jetpack_featured_media_url":"https:\/\/contextoanalisisperiodistico.com\/wp-content\/uploads\/2025\/03\/IMG-20250308-WA0064-scaled.jpg","_links":{"self":[{"href":"https:\/\/contextoanalisisperiodistico.com\/index.php\/wp-json\/wp\/v2\/posts\/38234"}],"collection":[{"href":"https:\/\/contextoanalisisperiodistico.com\/index.php\/wp-json\/wp\/v2\/posts"}],"about":[{"href":"https:\/\/contextoanalisisperiodistico.com\/index.php\/wp-json\/wp\/v2\/types\/post"}],"author":[{"embeddable":true,"href":"https:\/\/contextoanalisisperiodistico.com\/index.php\/wp-json\/wp\/v2\/users\/4"}],"replies":[{"embeddable":true,"href":"https:\/\/contextoanalisisperiodistico.com\/index.php\/wp-json\/wp\/v2\/comments?post=38234"}],"version-history":[{"count":0,"href":"https:\/\/contextoanalisisperiodistico.com\/index.php\/wp-json\/wp\/v2\/posts\/38234\/revisions"}],"wp:featuredmedia":[{"embeddable":true,"href":"https:\/\/contextoanalisisperiodistico.com\/index.php\/wp-json\/wp\/v2\/media\/38224"}],"wp:attachment":[{"href":"https:\/\/contextoanalisisperiodistico.com\/index.php\/wp-json\/wp\/v2\/media?parent=38234"}],"wp:term":[{"taxonomy":"category","embeddable":true,"href":"https:\/\/contextoanalisisperiodistico.com\/index.php\/wp-json\/wp\/v2\/categories?post=38234"},{"taxonomy":"post_tag","embeddable":true,"href":"https:\/\/contextoanalisisperiodistico.com\/index.php\/wp-json\/wp\/v2\/tags?post=38234"}],"curies":[{"name":"wp","href":"https:\/\/api.w.org\/{rel}","templated":true}]}}