{"id":38222,"date":"2025-03-08T14:45:10","date_gmt":"2025-03-08T20:45:10","guid":{"rendered":"https:\/\/contextoanalisisperiodistico.com\/index.php\/2025\/03\/08\/lleva-salomon-jara-soluciones-a-santiago-amoltepec-para-abatir-rezago-historico\/"},"modified":"2025-03-08T14:45:10","modified_gmt":"2025-03-08T20:45:10","slug":"lleva-salomon-jara-soluciones-a-santiago-amoltepec-para-abatir-rezago-historico","status":"publish","type":"post","link":"https:\/\/contextoanalisisperiodistico.com\/index.php\/2025\/03\/08\/lleva-salomon-jara-soluciones-a-santiago-amoltepec-para-abatir-rezago-historico\/","title":{"rendered":"Lleva Salom\u00f3n Jara soluciones a Santiago Amoltepec para abatir rezago hist\u00f3rico"},"content":{"rendered":"<div id=\"fb-root\"><\/div>\n\n<p>\u2022 El Gobernador de Oaxaca acerc\u00f3 a las y los habitantes acciones y programas con la estrategia Trabajo que Transforma tu Municipio, para dejar el sexto lugar de las localidades m\u00e1s pobres del estado<\/p>\n\n\n\n<figure class=\"wp-block-image size-large\"><img fetchpriority=\"high\" decoding=\"async\" width=\"1024\" height=\"682\" src=\"https:\/\/contextoanalisisperiodistico.com\/wp-content\/uploads\/2025\/03\/img-20250308-wa00778151074767037871396-1024x682.jpg\" alt=\"\" class=\"wp-image-38218\" srcset=\"https:\/\/contextoanalisisperiodistico.com\/wp-content\/uploads\/2025\/03\/img-20250308-wa00778151074767037871396-1024x682.jpg 1024w, https:\/\/contextoanalisisperiodistico.com\/wp-content\/uploads\/2025\/03\/img-20250308-wa00778151074767037871396-300x200.jpg 300w, https:\/\/contextoanalisisperiodistico.com\/wp-content\/uploads\/2025\/03\/img-20250308-wa00778151074767037871396-768x512.jpg 768w, https:\/\/contextoanalisisperiodistico.com\/wp-content\/uploads\/2025\/03\/img-20250308-wa00778151074767037871396.jpg 1280w\" sizes=\"(max-width: 1024px) 100vw, 1024px\" \/><\/figure>\n\n\n\n<figure class=\"wp-block-image\"><img decoding=\"async\" width=\"1024\" height=\"682\" src=\"https:\/\/contextoanalisisperiodistico.com\/wp-content\/uploads\/2025\/03\/img-20250308-wa00821879305489111463904-1024x682.jpg\" alt=\"\" class=\"wp-image-38219\" srcset=\"https:\/\/contextoanalisisperiodistico.com\/wp-content\/uploads\/2025\/03\/img-20250308-wa00821879305489111463904-1024x682.jpg 1024w, https:\/\/contextoanalisisperiodistico.com\/wp-content\/uploads\/2025\/03\/img-20250308-wa00821879305489111463904-300x200.jpg 300w, https:\/\/contextoanalisisperiodistico.com\/wp-content\/uploads\/2025\/03\/img-20250308-wa00821879305489111463904-768x512.jpg 768w, https:\/\/contextoanalisisperiodistico.com\/wp-content\/uploads\/2025\/03\/img-20250308-wa00821879305489111463904.jpg 1280w\" sizes=\"(max-width: 1024px) 100vw, 1024px\" \/><\/figure>\n\n\n\n<figure class=\"wp-block-image\"><img decoding=\"async\" width=\"1024\" height=\"682\" src=\"https:\/\/contextoanalisisperiodistico.com\/wp-content\/uploads\/2025\/03\/img-20250308-wa00795338967276775685796-1024x682.jpg\" alt=\"\" class=\"wp-image-38217\" srcset=\"https:\/\/contextoanalisisperiodistico.com\/wp-content\/uploads\/2025\/03\/img-20250308-wa00795338967276775685796-1024x682.jpg 1024w, https:\/\/contextoanalisisperiodistico.com\/wp-content\/uploads\/2025\/03\/img-20250308-wa00795338967276775685796-300x200.jpg 300w, https:\/\/contextoanalisisperiodistico.com\/wp-content\/uploads\/2025\/03\/img-20250308-wa00795338967276775685796-768x512.jpg 768w, https:\/\/contextoanalisisperiodistico.com\/wp-content\/uploads\/2025\/03\/img-20250308-wa00795338967276775685796.jpg 1280w\" sizes=\"(max-width: 1024px) 100vw, 1024px\" \/><\/figure>\n\n\n\n<figure class=\"wp-block-image\"><img loading=\"lazy\" decoding=\"async\" width=\"1024\" height=\"682\" src=\"https:\/\/contextoanalisisperiodistico.com\/wp-content\/uploads\/2025\/03\/img-20250308-wa00818381800738249115607-1024x682.jpg\" alt=\"\" class=\"wp-image-38221\" srcset=\"https:\/\/contextoanalisisperiodistico.com\/wp-content\/uploads\/2025\/03\/img-20250308-wa00818381800738249115607-1024x682.jpg 1024w, https:\/\/contextoanalisisperiodistico.com\/wp-content\/uploads\/2025\/03\/img-20250308-wa00818381800738249115607-300x200.jpg 300w, https:\/\/contextoanalisisperiodistico.com\/wp-content\/uploads\/2025\/03\/img-20250308-wa00818381800738249115607-768x512.jpg 768w, https:\/\/contextoanalisisperiodistico.com\/wp-content\/uploads\/2025\/03\/img-20250308-wa00818381800738249115607.jpg 1280w\" sizes=\"(max-width: 1024px) 100vw, 1024px\" \/><\/figure>\n\n\n\n<figure class=\"wp-block-image\"><img loading=\"lazy\" decoding=\"async\" width=\"1024\" height=\"682\" src=\"https:\/\/contextoanalisisperiodistico.com\/wp-content\/uploads\/2025\/03\/img-20250308-wa00788498363118931340111-1024x682.jpg\" alt=\"\" class=\"wp-image-38220\" srcset=\"https:\/\/contextoanalisisperiodistico.com\/wp-content\/uploads\/2025\/03\/img-20250308-wa00788498363118931340111-1024x682.jpg 1024w, https:\/\/contextoanalisisperiodistico.com\/wp-content\/uploads\/2025\/03\/img-20250308-wa00788498363118931340111-300x200.jpg 300w, https:\/\/contextoanalisisperiodistico.com\/wp-content\/uploads\/2025\/03\/img-20250308-wa00788498363118931340111-768x512.jpg 768w, https:\/\/contextoanalisisperiodistico.com\/wp-content\/uploads\/2025\/03\/img-20250308-wa00788498363118931340111.jpg 1280w\" sizes=\"(max-width: 1024px) 100vw, 1024px\" \/><\/figure>\n\n\n\n<p>Santiago Amoltepec, Oax. 8 de marzo de 2025.- El Gobernador Salom\u00f3n Jara Cruz arrib\u00f3 a esta localidad ubicada en la Sierra Sur, en donde sostuvo un di\u00e1logo cercano y franco con la poblaci\u00f3n, con quien se comprometi\u00f3 a implementar acciones y programas de alimentaci\u00f3n, infraestructura y educaci\u00f3n; que son parte de la estrategia Trabajo que Transforma tu Municipio.<\/p>\n\n\n\n<p>El Mandatario estatal resalt\u00f3 que Santiago Amoltepec se encuentra en el sexto lugar de las municipalidades m\u00e1s pobres del estado y en la onceava posici\u00f3n de las 2 mil 500 del pa\u00eds; por lo que, se\u00f1al\u00f3 que su administraci\u00f3n es cercana al pueblo, y trabaja para mejorar la calidad de vida de las y los habitantes.<\/p>\n\n\n\n<p>\u201cEstamos recorriendo las ocho regiones de Oaxaca, lo hacemos por las carencias y pobreza que hay en la entidad; nosotros representamos a un movimiento social de lucha, que reivindica las necesidades de todos los pueblos\u201d, afirm\u00f3 ante cientos de asistentes.<\/p>\n\n\n\n<p>En este tenor, con un monto de 10 millones de pesos, el programa Pavimentaci\u00f3n a Agencias Municipales que opera Caminos Bienestar (Cabien) iniciar\u00e1 trabajos en la carretera que conduce de Santiago Amoltepec al municipio Llano Grande.<\/p>\n\n\n\n<p>En apoyo a una alimentaci\u00f3n nutricia de los grupos prioritarios, el Sistema Estatal para el Desarrollo Integral de la Familia (DIF) Oaxaca, invierte 9 millones 142 mil 132.13 pesos que beneficia a 3 mil 722 personas, a trav\u00e9s de los programas Desayuno de letritas, Latido nutritivo, Itacate de mi coraz\u00f3n y el subprograma Guisos de mi pueblo.<\/p>\n\n\n\n<p>El Instituto Estatal de Educaci\u00f3n P\u00fablica de Oaxaca (IEEPO) atender\u00e1 inicialmente a 11 instituciones educativas, de las 68 que hay en este municipio, las cuales, ser\u00e1n beneficiadas con equipamiento: pizarrones, computadoras, proyector, impresoras, lotes de mobiliario, material de aseo, deportivo y oficina; lo que representa una inversi\u00f3n de 7 millones 13 mil 905 pesos.<\/p>\n\n\n\n<p>Para dar soluci\u00f3n a la falta de personal docente, se ofreci\u00f3 trabajar en la estructura ocupacional y as\u00ed garantizar la atenci\u00f3n con calidad a la totalidad de la matr\u00edcula escolar compuesta por 3 mil 634 alumnas y alumnos de nivel b\u00e1sico.<\/p>\n\n\n\n<p>Servicios de Salud de Oaxaca (SSO) inform\u00f3 que, con un presupuesto de 2 millones 2 mil 800 pesos, entreg\u00f3 kits de atenci\u00f3n m\u00e9dica a 12 casas de salud; adem\u00e1s, la Unidad M\u00e9dica Rural IMSS-Bienestar se benefici\u00f3 con un mill\u00f3n de pesos a trav\u00e9s del programa La Cl\u00ednica es Nuestra, con los cuales se atendi\u00f3 la rehabilitaci\u00f3n y compra de equipamiento; aunado a ello, las dos unidades m\u00e9dicas tambi\u00e9n fueron apoyadas con 400 mil pesos cada una.<\/p>\n\n\n\n<p>Por otra parte, la Secretar\u00eda de Bienestar, Tequio e Inclusi\u00f3n (Sebienti) da un apoyo bimestral a 34 jefas de familia del programa Tarjeta Margarita Maza, con un monto total de 408 mil pesos.<\/p>\n\n\n\n<p>El Instituto Oaxaque\u00f1o Constructor de Infraestructura Educativa (Iocied) realizar\u00e1 techados, aulas b\u00e1sicas, de medios, audiovisuales y direcciones, sanitarios; tambi\u00e9n, har\u00e1 supervisi\u00f3n t\u00e9cnica para reparaciones y entregar\u00e1 material para la edificaci\u00f3n de aulas, bardas perimetrales, techados, un comedor e impermeabilizante.<\/p>\n\n\n\n<p>Por su parte, la Secretar\u00eda de Infraestructuras y Comunicaciones (SIC) apoyar\u00e1 con material para la construcci\u00f3n de una cancha de b\u00e1squetbol, as\u00ed como la supervisi\u00f3n t\u00e9cnica para la ampliaci\u00f3n de la red de energ\u00eda el\u00e9ctrica.<\/p>\n\n\n\n<p>En su oportunidad, la Secretar\u00eda de Fomento Agroalimentario y Desarrollo Rural (Sefader) explic\u00f3 que contin\u00faa operando en este territorio el programa Autosuficiencia Alimentaria, en favor de m\u00e1s de 115 personas, para garantizar la producci\u00f3n de ma\u00edz y frijol, carne y huevo de gallina. Aunado a ello, instal\u00f3 tres huertos escolares en la localidad.<\/p>\n\n\n\n<p>Finalmente, el Instituto de Planeaci\u00f3n para el Bienestar (Inplan) expuso que acompa\u00f1a y capacita a las autoridades municipales para que administren sus recursos en infraestructura b\u00e1sica, agua, drenaje, luz, vivienda y temas educativos.<\/p>\n\n\n\n<p>-0-<\/p>\n","protected":false},"excerpt":{"rendered":"<p>\u2022 El Gobernador de Oaxaca acerc\u00f3 a las y los habitantes acciones y programas con&#8230;<\/p>\n","protected":false},"author":4,"featured_media":38216,"comment_status":"","ping_status":"open","sticky":false,"template":"","format":"standard","meta":{"footnotes":""},"categories":[9],"tags":[],"jetpack_sharing_enabled":true,"featured_image_urls":{"full":["https:\/\/contextoanalisisperiodistico.com\/wp-content\/uploads\/2025\/03\/IMG-20250308-WA0080.jpg",1280,853,false],"thumbnail":["https:\/\/contextoanalisisperiodistico.com\/wp-content\/uploads\/2025\/03\/IMG-20250308-WA0080-150x150.jpg",150,150,true],"medium":["https:\/\/contextoanalisisperiodistico.com\/wp-content\/uploads\/2025\/03\/IMG-20250308-WA0080-300x200.jpg",300,200,true],"medium_large":["https:\/\/contextoanalisisperiodistico.com\/wp-content\/uploads\/2025\/03\/IMG-20250308-WA0080-768x512.jpg",640,427,true],"large":["https:\/\/contextoanalisisperiodistico.com\/wp-content\/uploads\/2025\/03\/IMG-20250308-WA0080-1024x682.jpg",640,426,true],"1536x1536":["https:\/\/contextoanalisisperiodistico.com\/wp-content\/uploads\/2025\/03\/IMG-20250308-WA0080.jpg",1280,853,false],"2048x2048":["https:\/\/contextoanalisisperiodistico.com\/wp-content\/uploads\/2025\/03\/IMG-20250308-WA0080.jpg",1280,853,false],"covernews-slider-full":["https:\/\/contextoanalisisperiodistico.com\/wp-content\/uploads\/2025\/03\/IMG-20250308-WA0080-1115x715.jpg",1115,715,true],"covernews-slider-center":["https:\/\/contextoanalisisperiodistico.com\/wp-content\/uploads\/2025\/03\/IMG-20250308-WA0080-800x500.jpg",800,500,true],"covernews-featured":["https:\/\/contextoanalisisperiodistico.com\/wp-content\/uploads\/2025\/03\/IMG-20250308-WA0080-1024x682.jpg",1024,682,true],"covernews-medium":["https:\/\/contextoanalisisperiodistico.com\/wp-content\/uploads\/2025\/03\/IMG-20250308-WA0080-540x340.jpg",540,340,true],"covernews-medium-square":["https:\/\/contextoanalisisperiodistico.com\/wp-content\/uploads\/2025\/03\/IMG-20250308-WA0080-400x250.jpg",400,250,true]},"author_info":{"display_name":"Mario Gir\u00f3n","author_link":"https:\/\/contextoanalisisperiodistico.com\/index.php\/author\/director\/"},"category_info":"<a href=\"https:\/\/contextoanalisisperiodistico.com\/index.php\/category\/politica\/\" rel=\"category tag\">Pol\u00edtica<\/a>","tag_info":"Pol\u00edtica","comment_count":"0","jetpack_featured_media_url":"https:\/\/contextoanalisisperiodistico.com\/wp-content\/uploads\/2025\/03\/IMG-20250308-WA0080.jpg","_links":{"self":[{"href":"https:\/\/contextoanalisisperiodistico.com\/index.php\/wp-json\/wp\/v2\/posts\/38222"}],"collection":[{"href":"https:\/\/contextoanalisisperiodistico.com\/index.php\/wp-json\/wp\/v2\/posts"}],"about":[{"href":"https:\/\/contextoanalisisperiodistico.com\/index.php\/wp-json\/wp\/v2\/types\/post"}],"author":[{"embeddable":true,"href":"https:\/\/contextoanalisisperiodistico.com\/index.php\/wp-json\/wp\/v2\/users\/4"}],"replies":[{"embeddable":true,"href":"https:\/\/contextoanalisisperiodistico.com\/index.php\/wp-json\/wp\/v2\/comments?post=38222"}],"version-history":[{"count":0,"href":"https:\/\/contextoanalisisperiodistico.com\/index.php\/wp-json\/wp\/v2\/posts\/38222\/revisions"}],"wp:featuredmedia":[{"embeddable":true,"href":"https:\/\/contextoanalisisperiodistico.com\/index.php\/wp-json\/wp\/v2\/media\/38216"}],"wp:attachment":[{"href":"https:\/\/contextoanalisisperiodistico.com\/index.php\/wp-json\/wp\/v2\/media?parent=38222"}],"wp:term":[{"taxonomy":"category","embeddable":true,"href":"https:\/\/contextoanalisisperiodistico.com\/index.php\/wp-json\/wp\/v2\/categories?post=38222"},{"taxonomy":"post_tag","embeddable":true,"href":"https:\/\/contextoanalisisperiodistico.com\/index.php\/wp-json\/wp\/v2\/tags?post=38222"}],"curies":[{"name":"wp","href":"https:\/\/api.w.org\/{rel}","templated":true}]}}