{"id":38209,"date":"2025-03-07T20:01:32","date_gmt":"2025-03-08T02:01:32","guid":{"rendered":"https:\/\/contextoanalisisperiodistico.com\/index.php\/2025\/03\/07\/impulsa-icapet-insercion-laboral-y-empoderamiento-de-las-oaxaquenas\/"},"modified":"2025-03-07T20:02:09","modified_gmt":"2025-03-08T02:02:09","slug":"impulsa-icapet-insercion-laboral-y-empoderamiento-de-las-oaxaquenas","status":"publish","type":"post","link":"https:\/\/contextoanalisisperiodistico.com\/index.php\/2025\/03\/07\/impulsa-icapet-insercion-laboral-y-empoderamiento-de-las-oaxaquenas\/","title":{"rendered":"Impulsa Icapet inserci\u00f3n laboral y empoderamiento de oaxaque\u00f1as"},"content":{"rendered":"<div id=\"fb-root\"><\/div>\n\n<p>\u2022 La instituci\u00f3n refuerza el compromiso con las mujeres para que se sumen a nuevos empleos y emprendimientos en el estado<\/p>\n\n\n\n<figure class=\"wp-block-image size-large\"><img fetchpriority=\"high\" decoding=\"async\" width=\"1024\" height=\"768\" src=\"https:\/\/contextoanalisisperiodistico.com\/wp-content\/uploads\/2025\/03\/img-20250307-wa01749037983090535172863-1024x768.jpg\" alt=\"\" class=\"wp-image-38207\" srcset=\"https:\/\/contextoanalisisperiodistico.com\/wp-content\/uploads\/2025\/03\/img-20250307-wa01749037983090535172863-1024x768.jpg 1024w, https:\/\/contextoanalisisperiodistico.com\/wp-content\/uploads\/2025\/03\/img-20250307-wa01749037983090535172863-300x225.jpg 300w, https:\/\/contextoanalisisperiodistico.com\/wp-content\/uploads\/2025\/03\/img-20250307-wa01749037983090535172863-768x576.jpg 768w, https:\/\/contextoanalisisperiodistico.com\/wp-content\/uploads\/2025\/03\/img-20250307-wa01749037983090535172863.jpg 1080w\" sizes=\"(max-width: 1024px) 100vw, 1024px\" \/><\/figure>\n\n\n\n<figure class=\"wp-block-image\"><img decoding=\"async\" width=\"771\" height=\"1024\" src=\"https:\/\/contextoanalisisperiodistico.com\/wp-content\/uploads\/2025\/03\/img-20250307-wa01767511794553607990561-771x1024.jpg\" alt=\"\" class=\"wp-image-38208\" srcset=\"https:\/\/contextoanalisisperiodistico.com\/wp-content\/uploads\/2025\/03\/img-20250307-wa01767511794553607990561-771x1024.jpg 771w, https:\/\/contextoanalisisperiodistico.com\/wp-content\/uploads\/2025\/03\/img-20250307-wa01767511794553607990561-226x300.jpg 226w, https:\/\/contextoanalisisperiodistico.com\/wp-content\/uploads\/2025\/03\/img-20250307-wa01767511794553607990561-768x1021.jpg 768w, https:\/\/contextoanalisisperiodistico.com\/wp-content\/uploads\/2025\/03\/img-20250307-wa01767511794553607990561-1156x1536.jpg 1156w, https:\/\/contextoanalisisperiodistico.com\/wp-content\/uploads\/2025\/03\/img-20250307-wa01767511794553607990561-1024x1361.jpg 1024w, https:\/\/contextoanalisisperiodistico.com\/wp-content\/uploads\/2025\/03\/img-20250307-wa01767511794553607990561.jpg 1204w\" sizes=\"(max-width: 771px) 100vw, 771px\" \/><\/figure>\n\n\n\n<p>San Bartolo Coyotepec, Oax. 7 de marzo de 2025.- Como parte del progreso y empoderamiento de las oaxaque\u00f1as, el Instituto de Capacitaci\u00f3n y Productividad para el Trabajo (Icapet) act\u00faa de la mano con diversos municipios de la entidad para avanzar en la transformaci\u00f3n de un estado innovador e incluyente, en el que las mujeres sean el centro de participaci\u00f3n.<\/p>\n\n\n\n<p>Con el objetivo de incidir y fortalecer las habilidades de las mujeres en el mercado laboral y el emprendedurismo, el Icapet impulsa a oaxaque\u00f1as que, despu\u00e9s de capacitarse, deciden emprender con los conocimientos obtenidos para fortalecer sus negocios y contribuir a su econom\u00eda familiar.<\/p>\n\n\n\n<p>Tal es el caso de Esmeralda Mart\u00ednez Villalobos, Andrea V\u00e1squez S\u00e1nchez y Eva Crisanto Z\u00e1rate; mujeres del municipio de Magdalena Tequisistl\u00e1n, Santa Mar\u00eda Mixtequilla y Santo Domingo Tehuantepec, respectivamente; quienes se especializaron en peinados regionales, corte y confecci\u00f3n, as\u00ed como, bordado de ropa t\u00edpica; con la intenci\u00f3n de obtener herramientas necesarias que les ayudar\u00e1 a emprender su propio negocio y ser independientes econ\u00f3micamente.<\/p>\n\n\n\n<p>Esmeralda Mart\u00ednez, quien se capacit\u00f3 en peinados regionales, mencion\u00f3 que gracias a que el Instituto llega a m\u00e1s municipios del estado, ella ha tenido la oportunidad de especializarse sin tener que alejarse de su familia. Adem\u00e1s, desea continuar con la preparaci\u00f3n para profesionalizar su trabajo y ofrecer un servicio de calidad.<\/p>\n\n\n\n<p>Al respecto, la directora del Icapet, Rosalinda L\u00f3pez Garc\u00eda expuso que, de 2024 a la fecha, las mujeres son las m\u00e1s interesadas en capacitarse en esta instituci\u00f3n con el objetivo de fortalecer y desarrollar nuevas habilidades que les ayude a prepararse en diversas especialidades para obtener mayores oportunidades, de manera personal y laboral.<\/p>\n\n\n\n<p>Las personas interesadas en los cursos que brinda el Icapet, pueden comunicarse al n\u00famero 951 501 69 00 extensi\u00f3n 26687, o acudir a una de las 13 unidades, cuatro oficinas de atenci\u00f3n y acciones m\u00f3viles con que se cuenta en la entidad.<\/p>\n\n\n\n<p>-0-<\/p>\n","protected":false},"excerpt":{"rendered":"<p>\u2022 La instituci\u00f3n refuerza el compromiso con las mujeres para que se sumen a nuevos&#8230;<\/p>\n","protected":false},"author":4,"featured_media":38206,"comment_status":"closed","ping_status":"open","sticky":false,"template":"","format":"standard","meta":{"footnotes":""},"categories":[3],"tags":[],"jetpack_sharing_enabled":true,"featured_image_urls":{"full":["https:\/\/contextoanalisisperiodistico.com\/wp-content\/uploads\/2025\/03\/IMG-20250307-WA0175.jpg",739,1268,false],"thumbnail":["https:\/\/contextoanalisisperiodistico.com\/wp-content\/uploads\/2025\/03\/IMG-20250307-WA0175-150x150.jpg",150,150,true],"medium":["https:\/\/contextoanalisisperiodistico.com\/wp-content\/uploads\/2025\/03\/IMG-20250307-WA0175-175x300.jpg",175,300,true],"medium_large":["https:\/\/contextoanalisisperiodistico.com\/wp-content\/uploads\/2025\/03\/IMG-20250307-WA0175.jpg",640,1098,false],"large":["https:\/\/contextoanalisisperiodistico.com\/wp-content\/uploads\/2025\/03\/IMG-20250307-WA0175-597x1024.jpg",597,1024,true],"1536x1536":["https:\/\/contextoanalisisperiodistico.com\/wp-content\/uploads\/2025\/03\/IMG-20250307-WA0175.jpg",739,1268,false],"2048x2048":["https:\/\/contextoanalisisperiodistico.com\/wp-content\/uploads\/2025\/03\/IMG-20250307-WA0175.jpg",739,1268,false],"covernews-slider-full":["https:\/\/contextoanalisisperiodistico.com\/wp-content\/uploads\/2025\/03\/IMG-20250307-WA0175-739x715.jpg",739,715,true],"covernews-slider-center":["https:\/\/contextoanalisisperiodistico.com\/wp-content\/uploads\/2025\/03\/IMG-20250307-WA0175-739x500.jpg",739,500,true],"covernews-featured":["https:\/\/contextoanalisisperiodistico.com\/wp-content\/uploads\/2025\/03\/IMG-20250307-WA0175.jpg",739,1268,false],"covernews-medium":["https:\/\/contextoanalisisperiodistico.com\/wp-content\/uploads\/2025\/03\/IMG-20250307-WA0175-540x340.jpg",540,340,true],"covernews-medium-square":["https:\/\/contextoanalisisperiodistico.com\/wp-content\/uploads\/2025\/03\/IMG-20250307-WA0175-400x250.jpg",400,250,true]},"author_info":{"display_name":"Mario Gir\u00f3n","author_link":"https:\/\/contextoanalisisperiodistico.com\/index.php\/author\/director\/"},"category_info":"<a href=\"https:\/\/contextoanalisisperiodistico.com\/index.php\/category\/ciudad\/\" rel=\"category tag\">Ciudad<\/a>","tag_info":"Ciudad","comment_count":"0","jetpack_featured_media_url":"https:\/\/contextoanalisisperiodistico.com\/wp-content\/uploads\/2025\/03\/IMG-20250307-WA0175.jpg","_links":{"self":[{"href":"https:\/\/contextoanalisisperiodistico.com\/index.php\/wp-json\/wp\/v2\/posts\/38209"}],"collection":[{"href":"https:\/\/contextoanalisisperiodistico.com\/index.php\/wp-json\/wp\/v2\/posts"}],"about":[{"href":"https:\/\/contextoanalisisperiodistico.com\/index.php\/wp-json\/wp\/v2\/types\/post"}],"author":[{"embeddable":true,"href":"https:\/\/contextoanalisisperiodistico.com\/index.php\/wp-json\/wp\/v2\/users\/4"}],"replies":[{"embeddable":true,"href":"https:\/\/contextoanalisisperiodistico.com\/index.php\/wp-json\/wp\/v2\/comments?post=38209"}],"version-history":[{"count":1,"href":"https:\/\/contextoanalisisperiodistico.com\/index.php\/wp-json\/wp\/v2\/posts\/38209\/revisions"}],"predecessor-version":[{"id":38210,"href":"https:\/\/contextoanalisisperiodistico.com\/index.php\/wp-json\/wp\/v2\/posts\/38209\/revisions\/38210"}],"wp:featuredmedia":[{"embeddable":true,"href":"https:\/\/contextoanalisisperiodistico.com\/index.php\/wp-json\/wp\/v2\/media\/38206"}],"wp:attachment":[{"href":"https:\/\/contextoanalisisperiodistico.com\/index.php\/wp-json\/wp\/v2\/media?parent=38209"}],"wp:term":[{"taxonomy":"category","embeddable":true,"href":"https:\/\/contextoanalisisperiodistico.com\/index.php\/wp-json\/wp\/v2\/categories?post=38209"},{"taxonomy":"post_tag","embeddable":true,"href":"https:\/\/contextoanalisisperiodistico.com\/index.php\/wp-json\/wp\/v2\/tags?post=38209"}],"curies":[{"name":"wp","href":"https:\/\/api.w.org\/{rel}","templated":true}]}}