{"id":38205,"date":"2025-03-07T19:56:13","date_gmt":"2025-03-08T01:56:13","guid":{"rendered":"https:\/\/contextoanalisisperiodistico.com\/index.php\/2025\/03\/07\/cumple-expectativas-el-tianguis-violeta-realizado-en-oaxaca-de-juarez\/"},"modified":"2025-03-07T19:56:13","modified_gmt":"2025-03-08T01:56:13","slug":"cumple-expectativas-el-tianguis-violeta-realizado-en-oaxaca-de-juarez","status":"publish","type":"post","link":"https:\/\/contextoanalisisperiodistico.com\/index.php\/2025\/03\/07\/cumple-expectativas-el-tianguis-violeta-realizado-en-oaxaca-de-juarez\/","title":{"rendered":"Cumple expectativas el Tianguis Violeta realizado en Oaxaca de Ju\u00e1rez"},"content":{"rendered":"<div id=\"fb-root\"><\/div>\n\n<ul class=\"wp-block-list\">\n<li>La finalidad fue apoyar a mujeres emprendedoras en la comercializaci\u00f3n de sus productos locales<\/li>\n<\/ul>\n\n\n\n<p>Oaxaca de Ju\u00e1rez, Oax., 7 de marzo de 2025. \u2013 En el marco del D\u00eda Internacional de la Mujer, el Municipio de Oaxaca de Ju\u00e1rez, encabezado por el presidente municipal Ray Chagoya, llev\u00f3 a cabo el Tianguis Violeta durante dos d\u00edas en el Paseo Ju\u00e1rez El Llano. Este evento tuvo como objetivo principal apoyar a mujeres emprendedoras, artesanas y productoras locales, brind\u00e1ndoles un espacio para exponer y comercializar sus productos.<\/p>\n\n\n\n<p>El evento fue organizado en coordinaci\u00f3n con la Secretar\u00eda de Prosperidad Econ\u00f3mica y cont\u00f3 con la participaci\u00f3n de 40 emprendedoras y productoras locales, quienes presentaron una amplia variedad de productos, desde artesan\u00edas hasta art\u00edculos agroindustriales.<\/p>\n\n\n\n<p>Alexia Bonilla, jefa del Departamento de Desarrollo Econ\u00f3mico de la Secretar\u00eda de Prosperidad Econ\u00f3mica, destac\u00f3 la aceptaci\u00f3n positiva del evento y se\u00f1al\u00f3 que la iniciativa no solo impulsa la econom\u00eda local, sino que tambi\u00e9n promueve el crecimiento de las mujeres en el \u00e1mbito econ\u00f3mico, permiti\u00e9ndoles fortalecer sus negocios.<\/p>\n\n\n\n<p>Por su parte, Leticia Bautista, emprendedora textil, expres\u00f3 su agradecimiento, destacando que eventos como este brindan una plataforma donde las mujeres pueden exhibir sus productos, algo que, a menudo, no tienen la oportunidad de hacer.<\/p>\n\n\n\n<p>\u00abNos parece bien porque nos abren un espacio donde podemos exponer, ya que a veces no tenemos la oportunidad de hacerlo\u00bb, coment\u00f3 Bautista.<\/p>\n\n\n\n<p>Asimismo, Candelaria Hern\u00e1ndez, productora de tejate, manifest\u00f3 su satisfacci\u00f3n con la realizaci\u00f3n de este tianguis.<\/p>\n\n\n\n<p>\u00abMe parece muy bonito que nos apoyen y que hagan estos programas, porque a nosotras siempre nos ha gustado continuar con este negocio\u00bb, indic\u00f3 Hern\u00e1ndez, resaltando el valor de estas iniciativas para fortalecer el trabajo de las mujeres en sectores productivos tradicionales.<\/p>\n\n\n\n<p>Este tianguis representa un paso importante para la inclusi\u00f3n econ\u00f3mica de las mujeres en Oaxaca de Ju\u00e1rez, abriendo puertas para su participaci\u00f3n activa en el desarrollo local y la promoci\u00f3n de sus productos y servicios.<\/p>\n\n\n\n<p>El Municipio de Oaxaca de Ju\u00e1rez reafirma su compromiso de seguir impulsando programas de apoyo a las mujeres, promoviendo su empoderamiento y crecimiento en diversos sectores productivos.<\/p>\n\n\n\n<figure class=\"wp-block-image size-large\"><img fetchpriority=\"high\" decoding=\"async\" width=\"1024\" height=\"683\" src=\"https:\/\/contextoanalisisperiodistico.com\/wp-content\/uploads\/2025\/03\/img-20250307-wa01904792636053605505525-1024x683.jpg\" alt=\"\" class=\"wp-image-38201\" srcset=\"https:\/\/contextoanalisisperiodistico.com\/wp-content\/uploads\/2025\/03\/img-20250307-wa01904792636053605505525-1024x683.jpg 1024w, https:\/\/contextoanalisisperiodistico.com\/wp-content\/uploads\/2025\/03\/img-20250307-wa01904792636053605505525-300x200.jpg 300w, https:\/\/contextoanalisisperiodistico.com\/wp-content\/uploads\/2025\/03\/img-20250307-wa01904792636053605505525-768x512.jpg 768w, https:\/\/contextoanalisisperiodistico.com\/wp-content\/uploads\/2025\/03\/img-20250307-wa01904792636053605505525-1536x1025.jpg 1536w, https:\/\/contextoanalisisperiodistico.com\/wp-content\/uploads\/2025\/03\/img-20250307-wa01904792636053605505525.jpg 2000w\" sizes=\"(max-width: 1024px) 100vw, 1024px\" \/><\/figure>\n\n\n\n<figure class=\"wp-block-image\"><img decoding=\"async\" width=\"1024\" height=\"683\" src=\"https:\/\/contextoanalisisperiodistico.com\/wp-content\/uploads\/2025\/03\/img-20250307-wa01934402509518603081384-1024x683.jpg\" alt=\"\" class=\"wp-image-38202\" srcset=\"https:\/\/contextoanalisisperiodistico.com\/wp-content\/uploads\/2025\/03\/img-20250307-wa01934402509518603081384-1024x683.jpg 1024w, https:\/\/contextoanalisisperiodistico.com\/wp-content\/uploads\/2025\/03\/img-20250307-wa01934402509518603081384-300x200.jpg 300w, https:\/\/contextoanalisisperiodistico.com\/wp-content\/uploads\/2025\/03\/img-20250307-wa01934402509518603081384-768x512.jpg 768w, https:\/\/contextoanalisisperiodistico.com\/wp-content\/uploads\/2025\/03\/img-20250307-wa01934402509518603081384-1536x1025.jpg 1536w, https:\/\/contextoanalisisperiodistico.com\/wp-content\/uploads\/2025\/03\/img-20250307-wa01934402509518603081384.jpg 2000w\" sizes=\"(max-width: 1024px) 100vw, 1024px\" \/><\/figure>\n\n\n\n<figure class=\"wp-block-image\"><img decoding=\"async\" width=\"1024\" height=\"683\" src=\"https:\/\/contextoanalisisperiodistico.com\/wp-content\/uploads\/2025\/03\/img-20250307-wa01927217955803529022886-1024x683.jpg\" alt=\"\" class=\"wp-image-38204\" srcset=\"https:\/\/contextoanalisisperiodistico.com\/wp-content\/uploads\/2025\/03\/img-20250307-wa01927217955803529022886-1024x683.jpg 1024w, https:\/\/contextoanalisisperiodistico.com\/wp-content\/uploads\/2025\/03\/img-20250307-wa01927217955803529022886-300x200.jpg 300w, https:\/\/contextoanalisisperiodistico.com\/wp-content\/uploads\/2025\/03\/img-20250307-wa01927217955803529022886-768x512.jpg 768w, https:\/\/contextoanalisisperiodistico.com\/wp-content\/uploads\/2025\/03\/img-20250307-wa01927217955803529022886-1536x1025.jpg 1536w, https:\/\/contextoanalisisperiodistico.com\/wp-content\/uploads\/2025\/03\/img-20250307-wa01927217955803529022886.jpg 2000w\" sizes=\"(max-width: 1024px) 100vw, 1024px\" \/><\/figure>\n\n\n\n<figure class=\"wp-block-image\"><img loading=\"lazy\" decoding=\"async\" width=\"597\" height=\"1024\" src=\"https:\/\/contextoanalisisperiodistico.com\/wp-content\/uploads\/2025\/03\/img-20250307-wa01751633156983874089834-597x1024.jpg\" alt=\"\" class=\"wp-image-38203\" srcset=\"https:\/\/contextoanalisisperiodistico.com\/wp-content\/uploads\/2025\/03\/img-20250307-wa01751633156983874089834-597x1024.jpg 597w, https:\/\/contextoanalisisperiodistico.com\/wp-content\/uploads\/2025\/03\/img-20250307-wa01751633156983874089834-175x300.jpg 175w, https:\/\/contextoanalisisperiodistico.com\/wp-content\/uploads\/2025\/03\/img-20250307-wa01751633156983874089834.jpg 739w\" sizes=\"(max-width: 597px) 100vw, 597px\" \/><\/figure>\n","protected":false},"excerpt":{"rendered":"<p>Oaxaca de Ju\u00e1rez, Oax., 7 de marzo de 2025. \u2013 En el marco del D\u00eda&#8230;<\/p>\n","protected":false},"author":4,"featured_media":38200,"comment_status":"","ping_status":"open","sticky":false,"template":"","format":"standard","meta":{"footnotes":""},"categories":[9],"tags":[178,235,234,45],"jetpack_sharing_enabled":true,"featured_image_urls":{"full":["https:\/\/contextoanalisisperiodistico.com\/wp-content\/uploads\/2025\/03\/IMG-20250307-WA0191-scaled.jpg",2560,1706,false],"thumbnail":["https:\/\/contextoanalisisperiodistico.com\/wp-content\/uploads\/2025\/03\/IMG-20250307-WA0191-150x150.jpg",150,150,true],"medium":["https:\/\/contextoanalisisperiodistico.com\/wp-content\/uploads\/2025\/03\/IMG-20250307-WA0191-300x200.jpg",300,200,true],"medium_large":["https:\/\/contextoanalisisperiodistico.com\/wp-content\/uploads\/2025\/03\/IMG-20250307-WA0191-768x512.jpg",640,427,true],"large":["https:\/\/contextoanalisisperiodistico.com\/wp-content\/uploads\/2025\/03\/IMG-20250307-WA0191-1024x683.jpg",640,427,true],"1536x1536":["https:\/\/contextoanalisisperiodistico.com\/wp-content\/uploads\/2025\/03\/IMG-20250307-WA0191-1536x1024.jpg",1536,1024,true],"2048x2048":["https:\/\/contextoanalisisperiodistico.com\/wp-content\/uploads\/2025\/03\/IMG-20250307-WA0191-2048x1365.jpg",2048,1365,true],"covernews-slider-full":["https:\/\/contextoanalisisperiodistico.com\/wp-content\/uploads\/2025\/03\/IMG-20250307-WA0191-1115x715.jpg",1115,715,true],"covernews-slider-center":["https:\/\/contextoanalisisperiodistico.com\/wp-content\/uploads\/2025\/03\/IMG-20250307-WA0191-800x500.jpg",800,500,true],"covernews-featured":["https:\/\/contextoanalisisperiodistico.com\/wp-content\/uploads\/2025\/03\/IMG-20250307-WA0191-scaled.jpg",1024,682,false],"covernews-medium":["https:\/\/contextoanalisisperiodistico.com\/wp-content\/uploads\/2025\/03\/IMG-20250307-WA0191-scaled.jpg",510,340,false],"covernews-medium-square":["https:\/\/contextoanalisisperiodistico.com\/wp-content\/uploads\/2025\/03\/IMG-20250307-WA0191-scaled.jpg",375,250,false]},"author_info":{"display_name":"Mario Gir\u00f3n","author_link":"https:\/\/contextoanalisisperiodistico.com\/index.php\/author\/director\/"},"category_info":"<a href=\"https:\/\/contextoanalisisperiodistico.com\/index.php\/category\/politica\/\" rel=\"category tag\">Pol\u00edtica<\/a>","tag_info":"Pol\u00edtica","comment_count":"0","jetpack_featured_media_url":"https:\/\/contextoanalisisperiodistico.com\/wp-content\/uploads\/2025\/03\/IMG-20250307-WA0191-scaled.jpg","_links":{"self":[{"href":"https:\/\/contextoanalisisperiodistico.com\/index.php\/wp-json\/wp\/v2\/posts\/38205"}],"collection":[{"href":"https:\/\/contextoanalisisperiodistico.com\/index.php\/wp-json\/wp\/v2\/posts"}],"about":[{"href":"https:\/\/contextoanalisisperiodistico.com\/index.php\/wp-json\/wp\/v2\/types\/post"}],"author":[{"embeddable":true,"href":"https:\/\/contextoanalisisperiodistico.com\/index.php\/wp-json\/wp\/v2\/users\/4"}],"replies":[{"embeddable":true,"href":"https:\/\/contextoanalisisperiodistico.com\/index.php\/wp-json\/wp\/v2\/comments?post=38205"}],"version-history":[{"count":0,"href":"https:\/\/contextoanalisisperiodistico.com\/index.php\/wp-json\/wp\/v2\/posts\/38205\/revisions"}],"wp:featuredmedia":[{"embeddable":true,"href":"https:\/\/contextoanalisisperiodistico.com\/index.php\/wp-json\/wp\/v2\/media\/38200"}],"wp:attachment":[{"href":"https:\/\/contextoanalisisperiodistico.com\/index.php\/wp-json\/wp\/v2\/media?parent=38205"}],"wp:term":[{"taxonomy":"category","embeddable":true,"href":"https:\/\/contextoanalisisperiodistico.com\/index.php\/wp-json\/wp\/v2\/categories?post=38205"},{"taxonomy":"post_tag","embeddable":true,"href":"https:\/\/contextoanalisisperiodistico.com\/index.php\/wp-json\/wp\/v2\/tags?post=38205"}],"curies":[{"name":"wp","href":"https:\/\/api.w.org\/{rel}","templated":true}]}}