{"id":38199,"date":"2025-03-07T15:32:14","date_gmt":"2025-03-07T21:32:14","guid":{"rendered":"https:\/\/contextoanalisisperiodistico.com\/index.php\/2025\/03\/07\/beca-rita-cetina-fortalece-y-garantiza-el-derecho-a-la-educacion-salomon-jara\/"},"modified":"2025-03-07T15:32:14","modified_gmt":"2025-03-07T21:32:14","slug":"beca-rita-cetina-fortalece-y-garantiza-el-derecho-a-la-educacion-salomon-jara","status":"publish","type":"post","link":"https:\/\/contextoanalisisperiodistico.com\/index.php\/2025\/03\/07\/beca-rita-cetina-fortalece-y-garantiza-el-derecho-a-la-educacion-salomon-jara\/","title":{"rendered":"Beca Rita Cetina fortalece y garantiza el derecho a la educaci\u00f3n: Salom\u00f3n Jara"},"content":{"rendered":"<div id=\"fb-root\"><\/div>\n\n<p>\u2022 El Mandatario Estatal y titular de la SEP acuden a asamblea de este programa federal, que inici\u00f3 la entrega de 850 tarjetas en beneficio de igual n\u00famero de estudiantes<br \/>\u2022 Tambi\u00e9n se otorgar\u00e1n 810 pesos correspondientes al uniforme de gala y 405 pesos para el uniforme deportivo<\/p>\n\n\n\n<figure class=\"wp-block-image size-large\"><img fetchpriority=\"high\" decoding=\"async\" width=\"1024\" height=\"682\" src=\"https:\/\/contextoanalisisperiodistico.com\/wp-content\/uploads\/2025\/03\/img-20250307-wa01134821804980203717165-1024x682.jpg\" alt=\"\" class=\"wp-image-38192\" srcset=\"https:\/\/contextoanalisisperiodistico.com\/wp-content\/uploads\/2025\/03\/img-20250307-wa01134821804980203717165-1024x682.jpg 1024w, https:\/\/contextoanalisisperiodistico.com\/wp-content\/uploads\/2025\/03\/img-20250307-wa01134821804980203717165-300x200.jpg 300w, https:\/\/contextoanalisisperiodistico.com\/wp-content\/uploads\/2025\/03\/img-20250307-wa01134821804980203717165-768x512.jpg 768w, https:\/\/contextoanalisisperiodistico.com\/wp-content\/uploads\/2025\/03\/img-20250307-wa01134821804980203717165.jpg 1280w\" sizes=\"(max-width: 1024px) 100vw, 1024px\" \/><\/figure>\n\n\n\n<figure class=\"wp-block-image\"><img decoding=\"async\" width=\"1024\" height=\"682\" src=\"https:\/\/contextoanalisisperiodistico.com\/wp-content\/uploads\/2025\/03\/img-20250307-wa01145077293527318374495-1024x682.jpg\" alt=\"\" class=\"wp-image-38194\" srcset=\"https:\/\/contextoanalisisperiodistico.com\/wp-content\/uploads\/2025\/03\/img-20250307-wa01145077293527318374495-1024x682.jpg 1024w, https:\/\/contextoanalisisperiodistico.com\/wp-content\/uploads\/2025\/03\/img-20250307-wa01145077293527318374495-300x200.jpg 300w, https:\/\/contextoanalisisperiodistico.com\/wp-content\/uploads\/2025\/03\/img-20250307-wa01145077293527318374495-768x512.jpg 768w, https:\/\/contextoanalisisperiodistico.com\/wp-content\/uploads\/2025\/03\/img-20250307-wa01145077293527318374495.jpg 1280w\" sizes=\"(max-width: 1024px) 100vw, 1024px\" \/><\/figure>\n\n\n\n<figure class=\"wp-block-image\"><img decoding=\"async\" width=\"1024\" height=\"682\" src=\"https:\/\/contextoanalisisperiodistico.com\/wp-content\/uploads\/2025\/03\/img-20250307-wa0112666013950895683817-1024x682.jpg\" alt=\"\" class=\"wp-image-38193\" srcset=\"https:\/\/contextoanalisisperiodistico.com\/wp-content\/uploads\/2025\/03\/img-20250307-wa0112666013950895683817-1024x682.jpg 1024w, https:\/\/contextoanalisisperiodistico.com\/wp-content\/uploads\/2025\/03\/img-20250307-wa0112666013950895683817-300x200.jpg 300w, https:\/\/contextoanalisisperiodistico.com\/wp-content\/uploads\/2025\/03\/img-20250307-wa0112666013950895683817-768x512.jpg 768w, https:\/\/contextoanalisisperiodistico.com\/wp-content\/uploads\/2025\/03\/img-20250307-wa0112666013950895683817.jpg 1280w\" sizes=\"(max-width: 1024px) 100vw, 1024px\" \/><\/figure>\n\n\n\n<figure class=\"wp-block-image\"><img loading=\"lazy\" decoding=\"async\" width=\"1024\" height=\"682\" src=\"https:\/\/contextoanalisisperiodistico.com\/wp-content\/uploads\/2025\/03\/img-20250307-wa01166301619027437496551-1024x682.jpg\" alt=\"\" class=\"wp-image-38195\" srcset=\"https:\/\/contextoanalisisperiodistico.com\/wp-content\/uploads\/2025\/03\/img-20250307-wa01166301619027437496551-1024x682.jpg 1024w, https:\/\/contextoanalisisperiodistico.com\/wp-content\/uploads\/2025\/03\/img-20250307-wa01166301619027437496551-300x200.jpg 300w, https:\/\/contextoanalisisperiodistico.com\/wp-content\/uploads\/2025\/03\/img-20250307-wa01166301619027437496551-768x512.jpg 768w, https:\/\/contextoanalisisperiodistico.com\/wp-content\/uploads\/2025\/03\/img-20250307-wa01166301619027437496551.jpg 1280w\" sizes=\"(max-width: 1024px) 100vw, 1024px\" \/><\/figure>\n\n\n\n<figure class=\"wp-block-image\"><img loading=\"lazy\" decoding=\"async\" width=\"1024\" height=\"682\" src=\"https:\/\/contextoanalisisperiodistico.com\/wp-content\/uploads\/2025\/03\/img-20250307-wa01195249215677698943802-1024x682.jpg\" alt=\"\" class=\"wp-image-38196\" srcset=\"https:\/\/contextoanalisisperiodistico.com\/wp-content\/uploads\/2025\/03\/img-20250307-wa01195249215677698943802-1024x682.jpg 1024w, https:\/\/contextoanalisisperiodistico.com\/wp-content\/uploads\/2025\/03\/img-20250307-wa01195249215677698943802-300x200.jpg 300w, https:\/\/contextoanalisisperiodistico.com\/wp-content\/uploads\/2025\/03\/img-20250307-wa01195249215677698943802-768x512.jpg 768w, https:\/\/contextoanalisisperiodistico.com\/wp-content\/uploads\/2025\/03\/img-20250307-wa01195249215677698943802.jpg 1280w\" sizes=\"(max-width: 1024px) 100vw, 1024px\" \/><\/figure>\n\n\n\n<figure class=\"wp-block-image\"><img loading=\"lazy\" decoding=\"async\" width=\"1024\" height=\"682\" src=\"https:\/\/contextoanalisisperiodistico.com\/wp-content\/uploads\/2025\/03\/img-20250307-wa01202249467222001012812-1024x682.jpg\" alt=\"\" class=\"wp-image-38197\" srcset=\"https:\/\/contextoanalisisperiodistico.com\/wp-content\/uploads\/2025\/03\/img-20250307-wa01202249467222001012812-1024x682.jpg 1024w, https:\/\/contextoanalisisperiodistico.com\/wp-content\/uploads\/2025\/03\/img-20250307-wa01202249467222001012812-300x200.jpg 300w, https:\/\/contextoanalisisperiodistico.com\/wp-content\/uploads\/2025\/03\/img-20250307-wa01202249467222001012812-768x512.jpg 768w, https:\/\/contextoanalisisperiodistico.com\/wp-content\/uploads\/2025\/03\/img-20250307-wa01202249467222001012812.jpg 1280w\" sizes=\"(max-width: 1024px) 100vw, 1024px\" \/><\/figure>\n\n\n\n<figure class=\"wp-block-image\"><img loading=\"lazy\" decoding=\"async\" width=\"1024\" height=\"682\" src=\"https:\/\/contextoanalisisperiodistico.com\/wp-content\/uploads\/2025\/03\/img-20250307-wa01156064528237222327874-1024x682.jpg\" alt=\"\" class=\"wp-image-38198\" srcset=\"https:\/\/contextoanalisisperiodistico.com\/wp-content\/uploads\/2025\/03\/img-20250307-wa01156064528237222327874-1024x682.jpg 1024w, https:\/\/contextoanalisisperiodistico.com\/wp-content\/uploads\/2025\/03\/img-20250307-wa01156064528237222327874-300x200.jpg 300w, https:\/\/contextoanalisisperiodistico.com\/wp-content\/uploads\/2025\/03\/img-20250307-wa01156064528237222327874-768x512.jpg 768w, https:\/\/contextoanalisisperiodistico.com\/wp-content\/uploads\/2025\/03\/img-20250307-wa01156064528237222327874.jpg 1280w\" sizes=\"(max-width: 1024px) 100vw, 1024px\" \/><\/figure>\n\n\n\n<p>Santa Cruz Xoxocotl\u00e1n, Oax. 7 marzo de marzo de 2025.- El Gobernador de Oaxaca, Salom\u00f3n Jara Cruz y el titular de la Secretar\u00eda de Educaci\u00f3n P\u00fablica (SEP), Mario Delgado Carrillo, encabezaron la asamblea para la entrega de 850 tarjetas de la Beca Rita Cetina, en beneficio de igual n\u00famero de estudiantes de la escuela secundaria general \u201cGenaro Vicente V\u00e1squez\u201d, situada en este municipio.<\/p>\n\n\n\n<p>El Mandatario Estatal mencion\u00f3 que la Presidenta Claudia Sheinbaum Pardo, dio a conocer esta iniciativa desde el inicio de su campa\u00f1a con el objetivo de que las ni\u00f1as y ni\u00f1os de educaci\u00f3n b\u00e1sica contin\u00faen su formaci\u00f3n escolar; y que en este primer a\u00f1o comienza a implementarse en escuelas secundarias del estado, en beneficio de alrededor de medio mill\u00f3n de estudiantes.<\/p>\n\n\n\n<p>\u201cSe trata de un programa novedoso que fortalece y garantiza el derecho a la educaci\u00f3n, para que ning\u00fan estudiante abandone su escuela por falta de recursos econ\u00f3micos\u201d, afirm\u00f3.<\/p>\n\n\n\n<p>En este sentido, las personas tutoras recibir\u00e1n una tarjeta bancaria a la cual se depositar\u00e1n mil 900 pesos bimestrales en apoyo a un primer estudiante registrado en el programa, y, a partir del segundo, se suministrar\u00e1n 700 pesos.<\/p>\n\n\n\n<p>Jara Cruz dio a conocer que, como resultado del di\u00e1logo entre los gobiernos federal y estatal con la dirigencia de la Secci\u00f3n XXII del Sindicato Nacional de Trabajadores de la Educaci\u00f3n (SNTE), se aportar\u00e1 de manera directa y mediante esta misma tarjeta, 810 pesos para uniformes escolares.<\/p>\n\n\n\n<p>Por su parte, el titular de la SEP, Mario Delgado Carrillo coment\u00f3 que este a\u00f1o se beneficiar\u00e1n a m\u00e1s de 5 millones de estudiantes en el pa\u00eds, quienes recibir\u00e1n en marzo la tarjeta y en la primera semana de abril, el primer dep\u00f3sito.<\/p>\n\n\n\n<p>\u201cLa Presidenta Claudia Sheinbaum enfatiza que la educaci\u00f3n es un derecho, no una mercanc\u00eda y tampoco se trata de un privilegio; de ah\u00ed la importancia que tienen las becas, para que la falta de recursos econ\u00f3micos no sea un impedimento para que las y los ni\u00f1os asistan a la escuela\u201d, indic\u00f3.<\/p>\n\n\n\n<p>El funcionario federal mencion\u00f3 que se ha trabajado de manera cercana con las y los maestros de Oaxaca para dar cumplimiento a este apoyo de uniformes, de tal manera que, adem\u00e1s de los 810 pesos para el atuendo de gala, tambi\u00e9n se dar\u00e1n 405 pesos para el deportivo, montos que dispersar\u00e1n en conjunto con la Beca Rita Cetina.<\/p>\n\n\n\n<p>En cuanto a las personas que no son beneficiadas con esta Beca, Delgado Carrillo inform\u00f3 que se habilitar\u00e1 un sistema a partir del 12 de marzo, para que se inscriban y reciban el monto equivalente a los uniformes escolares en abril.<\/p>\n\n\n\n<p>Rita Cetina Guti\u00e9rrez fue una maestra promotora de la educaci\u00f3n nacida en Yucat\u00e1n en el siglo XIX, \u00e9poca en la que se cre\u00eda que las mujeres no deb\u00edan ir a la escuela ni recibir educaci\u00f3n porque su destino era dedicarse a las labores del hogar. Sin embargo, ella imparti\u00f3 clases de matem\u00e1ticas, poes\u00eda, ciencia, entre otras, a ni\u00f1as hu\u00e9rfanas o de bajos recursos.<\/p>\n\n\n\n<p>La SEP explic\u00f3 que, actualmente, hay una licitaci\u00f3n por m\u00e1s de mil 500 millones de pesos para la adquisici\u00f3n de equipo de c\u00f3mputo y mobiliario escolar, que se entregar\u00e1 en Oaxaca a partir de abril.<\/p>\n\n\n\n<p>Tambi\u00e9n 7 mil 261 instituciones escolares de educaci\u00f3n b\u00e1sica del estado ser\u00e1n beneficiadas con el programa La Escuela es Nuestra, que cuenta con una inversi\u00f3n global por m\u00e1s de 2 mil millones de pesos, de los cuales 600 mil ser\u00e1n para la secundaria general \u201cGenaro Vicente V\u00e1squez\u201d. Tambi\u00e9n, por primera vez, 470 preparatorias y bachilleratos ser\u00e1n favorecidos con esta iniciativa.<\/p>\n\n\n\n<p>-0-<\/p>\n","protected":false},"excerpt":{"rendered":"<p>\u2022 El Mandatario Estatal y titular de la SEP acuden a asamblea de este programa&#8230;<\/p>\n","protected":false},"author":4,"featured_media":38191,"comment_status":"","ping_status":"open","sticky":false,"template":"","format":"standard","meta":{"footnotes":""},"categories":[9],"tags":[],"jetpack_sharing_enabled":true,"featured_image_urls":{"full":["https:\/\/contextoanalisisperiodistico.com\/wp-content\/uploads\/2025\/03\/IMG-20250307-WA0118.jpg",1280,853,false],"thumbnail":["https:\/\/contextoanalisisperiodistico.com\/wp-content\/uploads\/2025\/03\/IMG-20250307-WA0118-150x150.jpg",150,150,true],"medium":["https:\/\/contextoanalisisperiodistico.com\/wp-content\/uploads\/2025\/03\/IMG-20250307-WA0118-300x200.jpg",300,200,true],"medium_large":["https:\/\/contextoanalisisperiodistico.com\/wp-content\/uploads\/2025\/03\/IMG-20250307-WA0118-768x512.jpg",640,427,true],"large":["https:\/\/contextoanalisisperiodistico.com\/wp-content\/uploads\/2025\/03\/IMG-20250307-WA0118-1024x682.jpg",640,426,true],"1536x1536":["https:\/\/contextoanalisisperiodistico.com\/wp-content\/uploads\/2025\/03\/IMG-20250307-WA0118.jpg",1280,853,false],"2048x2048":["https:\/\/contextoanalisisperiodistico.com\/wp-content\/uploads\/2025\/03\/IMG-20250307-WA0118.jpg",1280,853,false],"covernews-slider-full":["https:\/\/contextoanalisisperiodistico.com\/wp-content\/uploads\/2025\/03\/IMG-20250307-WA0118-1115x715.jpg",1115,715,true],"covernews-slider-center":["https:\/\/contextoanalisisperiodistico.com\/wp-content\/uploads\/2025\/03\/IMG-20250307-WA0118-800x500.jpg",800,500,true],"covernews-featured":["https:\/\/contextoanalisisperiodistico.com\/wp-content\/uploads\/2025\/03\/IMG-20250307-WA0118-1024x682.jpg",1024,682,true],"covernews-medium":["https:\/\/contextoanalisisperiodistico.com\/wp-content\/uploads\/2025\/03\/IMG-20250307-WA0118-540x340.jpg",540,340,true],"covernews-medium-square":["https:\/\/contextoanalisisperiodistico.com\/wp-content\/uploads\/2025\/03\/IMG-20250307-WA0118-400x250.jpg",400,250,true]},"author_info":{"display_name":"Mario Gir\u00f3n","author_link":"https:\/\/contextoanalisisperiodistico.com\/index.php\/author\/director\/"},"category_info":"<a href=\"https:\/\/contextoanalisisperiodistico.com\/index.php\/category\/politica\/\" rel=\"category tag\">Pol\u00edtica<\/a>","tag_info":"Pol\u00edtica","comment_count":"0","jetpack_featured_media_url":"https:\/\/contextoanalisisperiodistico.com\/wp-content\/uploads\/2025\/03\/IMG-20250307-WA0118.jpg","_links":{"self":[{"href":"https:\/\/contextoanalisisperiodistico.com\/index.php\/wp-json\/wp\/v2\/posts\/38199"}],"collection":[{"href":"https:\/\/contextoanalisisperiodistico.com\/index.php\/wp-json\/wp\/v2\/posts"}],"about":[{"href":"https:\/\/contextoanalisisperiodistico.com\/index.php\/wp-json\/wp\/v2\/types\/post"}],"author":[{"embeddable":true,"href":"https:\/\/contextoanalisisperiodistico.com\/index.php\/wp-json\/wp\/v2\/users\/4"}],"replies":[{"embeddable":true,"href":"https:\/\/contextoanalisisperiodistico.com\/index.php\/wp-json\/wp\/v2\/comments?post=38199"}],"version-history":[{"count":0,"href":"https:\/\/contextoanalisisperiodistico.com\/index.php\/wp-json\/wp\/v2\/posts\/38199\/revisions"}],"wp:featuredmedia":[{"embeddable":true,"href":"https:\/\/contextoanalisisperiodistico.com\/index.php\/wp-json\/wp\/v2\/media\/38191"}],"wp:attachment":[{"href":"https:\/\/contextoanalisisperiodistico.com\/index.php\/wp-json\/wp\/v2\/media?parent=38199"}],"wp:term":[{"taxonomy":"category","embeddable":true,"href":"https:\/\/contextoanalisisperiodistico.com\/index.php\/wp-json\/wp\/v2\/categories?post=38199"},{"taxonomy":"post_tag","embeddable":true,"href":"https:\/\/contextoanalisisperiodistico.com\/index.php\/wp-json\/wp\/v2\/tags?post=38199"}],"curies":[{"name":"wp","href":"https:\/\/api.w.org\/{rel}","templated":true}]}}