{"id":38190,"date":"2025-03-07T14:52:22","date_gmt":"2025-03-07T20:52:22","guid":{"rendered":"https:\/\/contextoanalisisperiodistico.com\/index.php\/2025\/03\/07\/refuerza-sso-capacitaciones-a-personal-de-centros-de-tatuajes\/"},"modified":"2025-03-07T14:52:22","modified_gmt":"2025-03-07T20:52:22","slug":"refuerza-sso-capacitaciones-a-personal-de-centros-de-tatuajes","status":"publish","type":"post","link":"https:\/\/contextoanalisisperiodistico.com\/index.php\/2025\/03\/07\/refuerza-sso-capacitaciones-a-personal-de-centros-de-tatuajes\/","title":{"rendered":"Refuerza SSO capacitaciones a personal de centros de tatuajes"},"content":{"rendered":"<div id=\"fb-root\"><\/div>\n\n<p>\u2022 Se busca asegurar que estos servicios cumplan con la normatividad vigente y no representen riesgos para la salud<br \/>\u2022 En Oaxaca hay un registro de 153 establecimientos dedicados a tatuajes, micropigmentaci\u00f3n y perforaci\u00f3n<\/p>\n\n\n\n<figure class=\"wp-block-image size-large\"><img fetchpriority=\"high\" decoding=\"async\" width=\"1024\" height=\"682\" src=\"https:\/\/contextoanalisisperiodistico.com\/wp-content\/uploads\/2025\/03\/img-20250307-wa00754667875137236355452-1024x682.jpg\" alt=\"\" class=\"wp-image-38188\" srcset=\"https:\/\/contextoanalisisperiodistico.com\/wp-content\/uploads\/2025\/03\/img-20250307-wa00754667875137236355452-1024x682.jpg 1024w, https:\/\/contextoanalisisperiodistico.com\/wp-content\/uploads\/2025\/03\/img-20250307-wa00754667875137236355452-300x200.jpg 300w, https:\/\/contextoanalisisperiodistico.com\/wp-content\/uploads\/2025\/03\/img-20250307-wa00754667875137236355452-768x512.jpg 768w, https:\/\/contextoanalisisperiodistico.com\/wp-content\/uploads\/2025\/03\/img-20250307-wa00754667875137236355452-1536x1023.jpg 1536w, https:\/\/contextoanalisisperiodistico.com\/wp-content\/uploads\/2025\/03\/img-20250307-wa00754667875137236355452.jpg 1600w\" sizes=\"(max-width: 1024px) 100vw, 1024px\" \/><\/figure>\n\n\n\n<figure class=\"wp-block-image\"><img decoding=\"async\" width=\"1024\" height=\"682\" src=\"https:\/\/contextoanalisisperiodistico.com\/wp-content\/uploads\/2025\/03\/img-20250307-wa00744195019471514779737-1024x682.jpg\" alt=\"\" class=\"wp-image-38189\" srcset=\"https:\/\/contextoanalisisperiodistico.com\/wp-content\/uploads\/2025\/03\/img-20250307-wa00744195019471514779737-1024x682.jpg 1024w, https:\/\/contextoanalisisperiodistico.com\/wp-content\/uploads\/2025\/03\/img-20250307-wa00744195019471514779737-300x200.jpg 300w, https:\/\/contextoanalisisperiodistico.com\/wp-content\/uploads\/2025\/03\/img-20250307-wa00744195019471514779737-768x512.jpg 768w, https:\/\/contextoanalisisperiodistico.com\/wp-content\/uploads\/2025\/03\/img-20250307-wa00744195019471514779737-1536x1023.jpg 1536w, https:\/\/contextoanalisisperiodistico.com\/wp-content\/uploads\/2025\/03\/img-20250307-wa00744195019471514779737.jpg 1600w\" sizes=\"(max-width: 1024px) 100vw, 1024px\" \/><\/figure>\n\n\n\n<p>Oaxaca de Ju\u00e1rez, Oax. 7 de marzo de 2025.- Con el objetivo de fortalecer la regulaci\u00f3n sanitaria y garantizar que los procedimientos de tatuajes, micropigmentaci\u00f3n de cejas y perforaciones se realicen de manera segura, Servicios de Salud de Oaxaca (SSO), a trav\u00e9s de la Direcci\u00f3n de Regulaci\u00f3n y Fomento Sanitario, contin\u00faa con las jornadas de capacitaci\u00f3n dirigidas a estos establecimientos.<\/p>\n\n\n\n<p>La directora de la unidad, Andrea Ram\u00f3n Garc\u00eda, inform\u00f3 que esta estrategia busca orientar a las personas profesionales del sector sobre la normativa vigente, los tr\u00e1mites para la obtenci\u00f3n del aviso de funcionamiento y tarjeta de control sanitario, as\u00ed como los requisitos indispensables para operar dentro del marco legal y sin riesgos para la poblaci\u00f3n.<\/p>\n\n\n\n<p>Por lo que hizo \u00e9nfasis en las medidas sanitarias obligatorias, que deben cumplir con estrictas normas de higiene y seguridad, entre las que destacan: \u00e1rea de lavado con agua corriente, procedimientos de esterilizaci\u00f3n y almacenamiento de material est\u00e9ril, conocimientos de primeros auxilios y dominio de t\u00e9cnicas de asepsia.<\/p>\n\n\n\n<p>Adem\u00e1s, deben contar con un plan de manejo de residuos peligrosos autorizado por la Secretar\u00eda de Medio Ambiente y Recursos Naturales (Semarnat), y realizar los procedimientos con agujas, navajas y material punzocortante desechables y de un solo uso y joyer\u00eda biocompatible con el cuerpo humano, mantenida en envases originales.<\/p>\n\n\n\n<p>Mencion\u00f3 que, en la m\u00e1s reciente inspecci\u00f3n realizada en la Jurisdicci\u00f3n Sanitaria de Valles Centrales, se suspendi\u00f3 un establecimiento y se asegur\u00f3 un producto al detectarse irregularidades en el cumplimiento de la normatividad. Actualmente, la Direcci\u00f3n de Regulaci\u00f3n y Fomento Sanitario tiene registrado un padr\u00f3n de 153 establecimientos que ofrecen estos servicios en Oaxaca.<\/p>\n\n\n\n<p>Para fortalecer la vigilancia, la Comisi\u00f3n Federal para la Protecci\u00f3n Contra Riesgos Sanitarios (Cofepris) exhorta a la ciudadan\u00eda a denunciar cualquier anomal\u00eda a trav\u00e9s el enlace: https:\/\/tramiteselectronicos03.cofepris.gob.mx\/DenunciaExterna\/W\/InicioW.aspx<\/p>\n\n\n\n<p>Tambi\u00e9n las personas pueden acudir a la Direcci\u00f3n de Regulaci\u00f3n y Fomento Sanitario en Col\u00f3n n\u00famero 628, Centro, Oaxaca de Ju\u00e1rez, en horario de 9:00 a 14:00 horas, de lunes a viernes.<\/p>\n\n\n\n<p>Con estas acciones, la administraci\u00f3n estatal encabezada por el Gobernador Salom\u00f3n Jara Cruz y el titular de los SSO, Efr\u00e9n Emmanuel Jarqu\u00edn Gonz\u00e1lez, reafirma su compromiso de velar por la salud y bienestar de las oaxaque\u00f1as y oaxaque\u00f1os.<\/p>\n\n\n\n<p>-0-<\/p>\n","protected":false},"excerpt":{"rendered":"<p>\u2022 Se busca asegurar que estos servicios cumplan con la normatividad vigente y no representen&#8230;<\/p>\n","protected":false},"author":4,"featured_media":38187,"comment_status":"","ping_status":"open","sticky":false,"template":"","format":"standard","meta":{"footnotes":""},"categories":[92],"tags":[],"jetpack_sharing_enabled":true,"featured_image_urls":{"full":["https:\/\/contextoanalisisperiodistico.com\/wp-content\/uploads\/2025\/03\/IMG-20250307-WA0076.jpg",1600,1066,false],"thumbnail":["https:\/\/contextoanalisisperiodistico.com\/wp-content\/uploads\/2025\/03\/IMG-20250307-WA0076-150x150.jpg",150,150,true],"medium":["https:\/\/contextoanalisisperiodistico.com\/wp-content\/uploads\/2025\/03\/IMG-20250307-WA0076-300x200.jpg",300,200,true],"medium_large":["https:\/\/contextoanalisisperiodistico.com\/wp-content\/uploads\/2025\/03\/IMG-20250307-WA0076-768x512.jpg",640,427,true],"large":["https:\/\/contextoanalisisperiodistico.com\/wp-content\/uploads\/2025\/03\/IMG-20250307-WA0076-1024x682.jpg",640,426,true],"1536x1536":["https:\/\/contextoanalisisperiodistico.com\/wp-content\/uploads\/2025\/03\/IMG-20250307-WA0076-1536x1023.jpg",1536,1023,true],"2048x2048":["https:\/\/contextoanalisisperiodistico.com\/wp-content\/uploads\/2025\/03\/IMG-20250307-WA0076.jpg",1600,1066,false],"covernews-slider-full":["https:\/\/contextoanalisisperiodistico.com\/wp-content\/uploads\/2025\/03\/IMG-20250307-WA0076-1115x715.jpg",1115,715,true],"covernews-slider-center":["https:\/\/contextoanalisisperiodistico.com\/wp-content\/uploads\/2025\/03\/IMG-20250307-WA0076-800x500.jpg",800,500,true],"covernews-featured":["https:\/\/contextoanalisisperiodistico.com\/wp-content\/uploads\/2025\/03\/IMG-20250307-WA0076-1024x682.jpg",1024,682,true],"covernews-medium":["https:\/\/contextoanalisisperiodistico.com\/wp-content\/uploads\/2025\/03\/IMG-20250307-WA0076-540x340.jpg",540,340,true],"covernews-medium-square":["https:\/\/contextoanalisisperiodistico.com\/wp-content\/uploads\/2025\/03\/IMG-20250307-WA0076-400x250.jpg",400,250,true]},"author_info":{"display_name":"Mario Gir\u00f3n","author_link":"https:\/\/contextoanalisisperiodistico.com\/index.php\/author\/director\/"},"category_info":"<a href=\"https:\/\/contextoanalisisperiodistico.com\/index.php\/category\/salud\/\" rel=\"category tag\">Salud<\/a>","tag_info":"Salud","comment_count":"0","jetpack_featured_media_url":"https:\/\/contextoanalisisperiodistico.com\/wp-content\/uploads\/2025\/03\/IMG-20250307-WA0076.jpg","_links":{"self":[{"href":"https:\/\/contextoanalisisperiodistico.com\/index.php\/wp-json\/wp\/v2\/posts\/38190"}],"collection":[{"href":"https:\/\/contextoanalisisperiodistico.com\/index.php\/wp-json\/wp\/v2\/posts"}],"about":[{"href":"https:\/\/contextoanalisisperiodistico.com\/index.php\/wp-json\/wp\/v2\/types\/post"}],"author":[{"embeddable":true,"href":"https:\/\/contextoanalisisperiodistico.com\/index.php\/wp-json\/wp\/v2\/users\/4"}],"replies":[{"embeddable":true,"href":"https:\/\/contextoanalisisperiodistico.com\/index.php\/wp-json\/wp\/v2\/comments?post=38190"}],"version-history":[{"count":0,"href":"https:\/\/contextoanalisisperiodistico.com\/index.php\/wp-json\/wp\/v2\/posts\/38190\/revisions"}],"wp:featuredmedia":[{"embeddable":true,"href":"https:\/\/contextoanalisisperiodistico.com\/index.php\/wp-json\/wp\/v2\/media\/38187"}],"wp:attachment":[{"href":"https:\/\/contextoanalisisperiodistico.com\/index.php\/wp-json\/wp\/v2\/media?parent=38190"}],"wp:term":[{"taxonomy":"category","embeddable":true,"href":"https:\/\/contextoanalisisperiodistico.com\/index.php\/wp-json\/wp\/v2\/categories?post=38190"},{"taxonomy":"post_tag","embeddable":true,"href":"https:\/\/contextoanalisisperiodistico.com\/index.php\/wp-json\/wp\/v2\/tags?post=38190"}],"curies":[{"name":"wp","href":"https:\/\/api.w.org\/{rel}","templated":true}]}}