{"id":38175,"date":"2025-03-07T14:33:29","date_gmt":"2025-03-07T20:33:29","guid":{"rendered":"https:\/\/contextoanalisisperiodistico.com\/index.php\/2025\/03\/07\/priorizan-el-bienestar-y-desarrollo-del-cai-iv-centenario-del-gobierno-capitalino\/"},"modified":"2025-03-07T14:36:17","modified_gmt":"2025-03-07T20:36:17","slug":"priorizan-el-bienestar-y-desarrollo-del-cai-iv-centenario-del-gobierno-capitalino","status":"publish","type":"post","link":"https:\/\/contextoanalisisperiodistico.com\/index.php\/2025\/03\/07\/priorizan-el-bienestar-y-desarrollo-del-cai-iv-centenario-del-gobierno-capitalino\/","title":{"rendered":"Priorizan el bienestar y desarrollo del CAI IV Centenario del Gobierno capitalino"},"content":{"rendered":"<div id=\"fb-root\"><\/div>\n\n<p>Oaxaca de Ju\u00e1rez, Oax., 7 de marzo de 2025.- Ante la situaci\u00f3n registrada en el Centro de Atenci\u00f3n Infantil (CAI) IV Centenario, perteneciente al H. Ayuntamiento de Oaxaca de Ju\u00e1rez, la administraci\u00f3n municipal informa que ha atendido de manera puntual las inquietudes de madres y padres de familia, as\u00ed como del personal educativo, priorizando en todo momento el bienestar y desarrollo integral de las infancias que asisten a la instituci\u00f3n.<\/p>\n\n\n\n<p>En este contexto, y en apego a los procedimientos administrativos y normativos vigentes, se determin\u00f3 no renovar la relaci\u00f3n laboral con la C. Macrina Elizabeth Hern\u00e1ndez Chagoya, cuyo contrato concluy\u00f3 el 31 de diciembre de 2024. Durante su periodo como encargada temporal de la direcci\u00f3n, se identificaron diversas irregularidades en la gesti\u00f3n del centro, mismas que fueron evaluadas conforme a los mecanismos establecidos, garantizando siempre un proceso institucional basado en el respeto y la legalidad.<\/p>\n\n\n\n<p>Para asegurar la continuidad y buen funcionamiento del CAI IV Centenario, la Direcci\u00f3n de Fomento a la Lectura, Ciencia y Tecnolog\u00eda design\u00f3 a la Mtra. Paulina Alejandra Flores R\u00edos como responsable de las actividades educativas y administrativas del centro, asegurando que los servicios se mantengan en \u00f3ptimas condiciones para la comunidad estudiantil.<\/p>\n\n\n\n<p>El Gobierno Municipal de Oaxaca de Ju\u00e1rez reitera su compromiso con el di\u00e1logo abierto y la b\u00fasqueda de soluciones institucionales que permitan el correcto funcionamiento de los espacios educativos, bajo principios de equidad, respeto y garant\u00eda de derechos, con la finalidad de fortalecer la educaci\u00f3n en beneficio de la ni\u00f1ez oaxaque\u00f1a.<\/p>\n\n\n\n<p><em>ATENTAMENTE<\/em><br \/><em>H. AYUNTAMIENTO DE OAXACA DE JU\u00c1REZ<\/em><\/p>\n","protected":false},"excerpt":{"rendered":"<p>Oaxaca de Ju\u00e1rez, Oax., 7 de marzo de 2025.- Ante la situaci\u00f3n registrada en el&#8230;<\/p>\n","protected":false},"author":4,"featured_media":37772,"comment_status":"closed","ping_status":"open","sticky":false,"template":"","format":"standard","meta":{"footnotes":""},"categories":[3],"tags":[178,235,234,45],"jetpack_sharing_enabled":true,"featured_image_urls":{"full":["https:\/\/contextoanalisisperiodistico.com\/wp-content\/uploads\/2025\/02\/Screenshot_2025-02-27-10-12-48-60_a23b203fd3aafc6dcb84e438dda678b6.jpg",549,166,false],"thumbnail":["https:\/\/contextoanalisisperiodistico.com\/wp-content\/uploads\/2025\/02\/Screenshot_2025-02-27-10-12-48-60_a23b203fd3aafc6dcb84e438dda678b6-150x150.jpg",150,150,true],"medium":["https:\/\/contextoanalisisperiodistico.com\/wp-content\/uploads\/2025\/02\/Screenshot_2025-02-27-10-12-48-60_a23b203fd3aafc6dcb84e438dda678b6-300x91.jpg",300,91,true],"medium_large":["https:\/\/contextoanalisisperiodistico.com\/wp-content\/uploads\/2025\/02\/Screenshot_2025-02-27-10-12-48-60_a23b203fd3aafc6dcb84e438dda678b6.jpg",549,166,false],"large":["https:\/\/contextoanalisisperiodistico.com\/wp-content\/uploads\/2025\/02\/Screenshot_2025-02-27-10-12-48-60_a23b203fd3aafc6dcb84e438dda678b6.jpg",549,166,false],"1536x1536":["https:\/\/contextoanalisisperiodistico.com\/wp-content\/uploads\/2025\/02\/Screenshot_2025-02-27-10-12-48-60_a23b203fd3aafc6dcb84e438dda678b6.jpg",549,166,false],"2048x2048":["https:\/\/contextoanalisisperiodistico.com\/wp-content\/uploads\/2025\/02\/Screenshot_2025-02-27-10-12-48-60_a23b203fd3aafc6dcb84e438dda678b6.jpg",549,166,false],"covernews-slider-full":["https:\/\/contextoanalisisperiodistico.com\/wp-content\/uploads\/2025\/02\/Screenshot_2025-02-27-10-12-48-60_a23b203fd3aafc6dcb84e438dda678b6.jpg",549,166,false],"covernews-slider-center":["https:\/\/contextoanalisisperiodistico.com\/wp-content\/uploads\/2025\/02\/Screenshot_2025-02-27-10-12-48-60_a23b203fd3aafc6dcb84e438dda678b6.jpg",549,166,false],"covernews-featured":["https:\/\/contextoanalisisperiodistico.com\/wp-content\/uploads\/2025\/02\/Screenshot_2025-02-27-10-12-48-60_a23b203fd3aafc6dcb84e438dda678b6.jpg",549,166,false],"covernews-medium":["https:\/\/contextoanalisisperiodistico.com\/wp-content\/uploads\/2025\/02\/Screenshot_2025-02-27-10-12-48-60_a23b203fd3aafc6dcb84e438dda678b6-540x166.jpg",540,166,true],"covernews-medium-square":["https:\/\/contextoanalisisperiodistico.com\/wp-content\/uploads\/2025\/02\/Screenshot_2025-02-27-10-12-48-60_a23b203fd3aafc6dcb84e438dda678b6-400x166.jpg",400,166,true]},"author_info":{"display_name":"Mario Gir\u00f3n","author_link":"https:\/\/contextoanalisisperiodistico.com\/index.php\/author\/director\/"},"category_info":"<a href=\"https:\/\/contextoanalisisperiodistico.com\/index.php\/category\/ciudad\/\" rel=\"category tag\">Ciudad<\/a>","tag_info":"Ciudad","comment_count":"0","jetpack_featured_media_url":"https:\/\/contextoanalisisperiodistico.com\/wp-content\/uploads\/2025\/02\/Screenshot_2025-02-27-10-12-48-60_a23b203fd3aafc6dcb84e438dda678b6.jpg","_links":{"self":[{"href":"https:\/\/contextoanalisisperiodistico.com\/index.php\/wp-json\/wp\/v2\/posts\/38175"}],"collection":[{"href":"https:\/\/contextoanalisisperiodistico.com\/index.php\/wp-json\/wp\/v2\/posts"}],"about":[{"href":"https:\/\/contextoanalisisperiodistico.com\/index.php\/wp-json\/wp\/v2\/types\/post"}],"author":[{"embeddable":true,"href":"https:\/\/contextoanalisisperiodistico.com\/index.php\/wp-json\/wp\/v2\/users\/4"}],"replies":[{"embeddable":true,"href":"https:\/\/contextoanalisisperiodistico.com\/index.php\/wp-json\/wp\/v2\/comments?post=38175"}],"version-history":[{"count":2,"href":"https:\/\/contextoanalisisperiodistico.com\/index.php\/wp-json\/wp\/v2\/posts\/38175\/revisions"}],"predecessor-version":[{"id":38177,"href":"https:\/\/contextoanalisisperiodistico.com\/index.php\/wp-json\/wp\/v2\/posts\/38175\/revisions\/38177"}],"wp:featuredmedia":[{"embeddable":true,"href":"https:\/\/contextoanalisisperiodistico.com\/index.php\/wp-json\/wp\/v2\/media\/37772"}],"wp:attachment":[{"href":"https:\/\/contextoanalisisperiodistico.com\/index.php\/wp-json\/wp\/v2\/media?parent=38175"}],"wp:term":[{"taxonomy":"category","embeddable":true,"href":"https:\/\/contextoanalisisperiodistico.com\/index.php\/wp-json\/wp\/v2\/categories?post=38175"},{"taxonomy":"post_tag","embeddable":true,"href":"https:\/\/contextoanalisisperiodistico.com\/index.php\/wp-json\/wp\/v2\/tags?post=38175"}],"curies":[{"name":"wp","href":"https:\/\/api.w.org\/{rel}","templated":true}]}}