{"id":38174,"date":"2025-03-07T14:22:25","date_gmt":"2025-03-07T20:22:25","guid":{"rendered":"https:\/\/contextoanalisisperiodistico.com\/index.php\/2025\/03\/07\/mujeres-oaxaquenas-seran-galardonadas-en-sesion-solemne-de-cabildo\/"},"modified":"2025-03-07T14:22:25","modified_gmt":"2025-03-07T20:22:25","slug":"mujeres-oaxaquenas-seran-galardonadas-en-sesion-solemne-de-cabildo","status":"publish","type":"post","link":"https:\/\/contextoanalisisperiodistico.com\/index.php\/2025\/03\/07\/mujeres-oaxaquenas-seran-galardonadas-en-sesion-solemne-de-cabildo\/","title":{"rendered":"Mujeres oaxaque\u00f1as ser\u00e1n galardonadas en Sesi\u00f3n Solemne de Cabildo"},"content":{"rendered":"<div id=\"fb-root\"><\/div>\n\n<p>\u2022El Presidente Municipal de Oaxaca de Ju\u00e1rez, Ray Chagoya, reafirma su compromiso con la igualdad de g\u00e9nero<\/p>\n\n\n\n<p>Oaxaca de Ju\u00e1rez, Oax., 7 de marzo de 2025.\u2013 En el marco del D\u00eda Internacional de la Mujer, el Municipio de Oaxaca de Ju\u00e1rez llevar\u00e1 a cabo una Sesi\u00f3n Solemne de Cabildo el pr\u00f3ximo 8 de marzo, en la que se otorgar\u00e1 la Distinci\u00f3n Ciudadana Mujer Oaxaque\u00f1a \u201cAlicia Lilia Porras Mazari\u201d 2025.<\/p>\n\n\n\n<p>Este reconocimiento tiene como prop\u00f3sito destacar el esfuerzo, talento y compromiso de mujeres oaxaque\u00f1as que han dejado una huella significativa en la historia y el presente de nuestra ciudad.<\/p>\n\n\n\n<p>La ceremonia se llevar\u00e1 a cabo a las 9:00 horas en el Primer Patio del Palacio Municipal y contar\u00e1 con la participaci\u00f3n del Presidente Municipal, Ray Chagoya, quien reafirma su compromiso con la igualdad de g\u00e9nero y con la promoci\u00f3n de la participaci\u00f3n activa de las mujeres en la transformaci\u00f3n de Oaxaca de Ju\u00e1rez.<\/p>\n\n\n\n<p>Las galardonadas con este importante reconocimiento son:<\/p>\n\n\n\n<p>\u2022Yoltzin Cruz Cedillo<\/p>\n\n\n\n<p>\u2022Paola Lizbeth Leyva Ib\u00e1\u00f1ez<\/p>\n\n\n\n<p>\u2022Mar\u00eda Isabel Robles P\u00e9rez<\/p>\n\n\n\n<p>\u2022Ana\u00edsa P\u00e9rez Pacheco<\/p>\n\n\n\n<p>\u2022Maricela Mart\u00ednez Felipe<\/p>\n\n\n\n<p>\u2022Alejandrina Barrios Ch\u00e1vez<\/p>\n\n\n\n<p>\u2022Gisela Virginia Campos \u00c1ngeles<\/p>\n\n\n\n<p>\u2022Ana Margarita D\u00edaz Aceves<\/p>\n\n\n\n<p>\u2022Margarita Isela Carballido Canseco<\/p>\n\n\n\n<p>\u2022Leticia del Consuelo Ric\u00e1rdez Carri\u00f3n<\/p>\n\n\n\n<p>\u2022Yoani Paola Rodr\u00edguez Villegas<\/p>\n\n\n\n<p>El Gobierno Municipal invita a las vecinas y vecinos a acompa\u00f1ar esta celebraci\u00f3n del talento, la dedicaci\u00f3n y la fortaleza de las mujeres oaxaque\u00f1as, quienes, con su labor, contin\u00faan construyendo un futuro mejor para nuestra ciudad.<\/p>\n","protected":false},"excerpt":{"rendered":"<p>\u2022El Presidente Municipal de Oaxaca de Ju\u00e1rez, Ray Chagoya, reafirma su compromiso con la igualdad&#8230;<\/p>\n","protected":false},"author":4,"featured_media":38173,"comment_status":"","ping_status":"open","sticky":false,"template":"","format":"standard","meta":{"footnotes":""},"categories":[9],"tags":[178,235,234,45],"jetpack_sharing_enabled":true,"featured_image_urls":{"full":["https:\/\/contextoanalisisperiodistico.com\/wp-content\/uploads\/2025\/03\/IMG-20250307-WA0071.jpg",1080,810,false],"thumbnail":["https:\/\/contextoanalisisperiodistico.com\/wp-content\/uploads\/2025\/03\/IMG-20250307-WA0071-150x150.jpg",150,150,true],"medium":["https:\/\/contextoanalisisperiodistico.com\/wp-content\/uploads\/2025\/03\/IMG-20250307-WA0071-300x225.jpg",300,225,true],"medium_large":["https:\/\/contextoanalisisperiodistico.com\/wp-content\/uploads\/2025\/03\/IMG-20250307-WA0071-768x576.jpg",640,480,true],"large":["https:\/\/contextoanalisisperiodistico.com\/wp-content\/uploads\/2025\/03\/IMG-20250307-WA0071-1024x768.jpg",640,480,true],"1536x1536":["https:\/\/contextoanalisisperiodistico.com\/wp-content\/uploads\/2025\/03\/IMG-20250307-WA0071.jpg",1080,810,false],"2048x2048":["https:\/\/contextoanalisisperiodistico.com\/wp-content\/uploads\/2025\/03\/IMG-20250307-WA0071.jpg",1080,810,false],"covernews-slider-full":["https:\/\/contextoanalisisperiodistico.com\/wp-content\/uploads\/2025\/03\/IMG-20250307-WA0071-1080x715.jpg",1080,715,true],"covernews-slider-center":["https:\/\/contextoanalisisperiodistico.com\/wp-content\/uploads\/2025\/03\/IMG-20250307-WA0071-800x500.jpg",800,500,true],"covernews-featured":["https:\/\/contextoanalisisperiodistico.com\/wp-content\/uploads\/2025\/03\/IMG-20250307-WA0071-1024x768.jpg",1024,768,true],"covernews-medium":["https:\/\/contextoanalisisperiodistico.com\/wp-content\/uploads\/2025\/03\/IMG-20250307-WA0071-540x340.jpg",540,340,true],"covernews-medium-square":["https:\/\/contextoanalisisperiodistico.com\/wp-content\/uploads\/2025\/03\/IMG-20250307-WA0071-400x250.jpg",400,250,true]},"author_info":{"display_name":"Mario Gir\u00f3n","author_link":"https:\/\/contextoanalisisperiodistico.com\/index.php\/author\/director\/"},"category_info":"<a href=\"https:\/\/contextoanalisisperiodistico.com\/index.php\/category\/politica\/\" rel=\"category tag\">Pol\u00edtica<\/a>","tag_info":"Pol\u00edtica","comment_count":"0","jetpack_featured_media_url":"https:\/\/contextoanalisisperiodistico.com\/wp-content\/uploads\/2025\/03\/IMG-20250307-WA0071.jpg","_links":{"self":[{"href":"https:\/\/contextoanalisisperiodistico.com\/index.php\/wp-json\/wp\/v2\/posts\/38174"}],"collection":[{"href":"https:\/\/contextoanalisisperiodistico.com\/index.php\/wp-json\/wp\/v2\/posts"}],"about":[{"href":"https:\/\/contextoanalisisperiodistico.com\/index.php\/wp-json\/wp\/v2\/types\/post"}],"author":[{"embeddable":true,"href":"https:\/\/contextoanalisisperiodistico.com\/index.php\/wp-json\/wp\/v2\/users\/4"}],"replies":[{"embeddable":true,"href":"https:\/\/contextoanalisisperiodistico.com\/index.php\/wp-json\/wp\/v2\/comments?post=38174"}],"version-history":[{"count":0,"href":"https:\/\/contextoanalisisperiodistico.com\/index.php\/wp-json\/wp\/v2\/posts\/38174\/revisions"}],"wp:featuredmedia":[{"embeddable":true,"href":"https:\/\/contextoanalisisperiodistico.com\/index.php\/wp-json\/wp\/v2\/media\/38173"}],"wp:attachment":[{"href":"https:\/\/contextoanalisisperiodistico.com\/index.php\/wp-json\/wp\/v2\/media?parent=38174"}],"wp:term":[{"taxonomy":"category","embeddable":true,"href":"https:\/\/contextoanalisisperiodistico.com\/index.php\/wp-json\/wp\/v2\/categories?post=38174"},{"taxonomy":"post_tag","embeddable":true,"href":"https:\/\/contextoanalisisperiodistico.com\/index.php\/wp-json\/wp\/v2\/tags?post=38174"}],"curies":[{"name":"wp","href":"https:\/\/api.w.org\/{rel}","templated":true}]}}