{"id":38148,"date":"2025-03-06T17:42:34","date_gmt":"2025-03-06T23:42:34","guid":{"rendered":"https:\/\/contextoanalisisperiodistico.com\/index.php\/2025\/03\/06\/gobierno-de-oaxaca-trabaja-para-mejorar-condiciones-laborales-de-elementos-policiacos\/"},"modified":"2025-03-06T17:42:34","modified_gmt":"2025-03-06T23:42:34","slug":"gobierno-de-oaxaca-trabaja-para-mejorar-condiciones-laborales-de-elementos-policiacos","status":"publish","type":"post","link":"https:\/\/contextoanalisisperiodistico.com\/index.php\/2025\/03\/06\/gobierno-de-oaxaca-trabaja-para-mejorar-condiciones-laborales-de-elementos-policiacos\/","title":{"rendered":"Gobierno de Oaxaca trabaja para mejorar condiciones laborales de elementos policiacos"},"content":{"rendered":"<div id=\"fb-root\"><\/div>\n\n<p>\u2022 Se realiz\u00f3 una reuni\u00f3n con integrantes de la PABIC para conocer sus inquietudes en aspectos profesionales, operativos y administrativos<\/p>\n\n\n\n<figure class=\"wp-block-image size-large\"><img fetchpriority=\"high\" decoding=\"async\" width=\"1024\" height=\"768\" src=\"https:\/\/contextoanalisisperiodistico.com\/wp-content\/uploads\/2025\/03\/img-20250306-wa009336230927435519169-1024x768.jpg\" alt=\"\" class=\"wp-image-38147\" srcset=\"https:\/\/contextoanalisisperiodistico.com\/wp-content\/uploads\/2025\/03\/img-20250306-wa009336230927435519169-1024x768.jpg 1024w, https:\/\/contextoanalisisperiodistico.com\/wp-content\/uploads\/2025\/03\/img-20250306-wa009336230927435519169-300x225.jpg 300w, https:\/\/contextoanalisisperiodistico.com\/wp-content\/uploads\/2025\/03\/img-20250306-wa009336230927435519169-768x576.jpg 768w, https:\/\/contextoanalisisperiodistico.com\/wp-content\/uploads\/2025\/03\/img-20250306-wa009336230927435519169-1536x1152.jpg 1536w, https:\/\/contextoanalisisperiodistico.com\/wp-content\/uploads\/2025\/03\/img-20250306-wa009336230927435519169.jpg 1600w\" sizes=\"(max-width: 1024px) 100vw, 1024px\" \/><\/figure>\n\n\n\n<figure class=\"wp-block-image\"><img decoding=\"async\" width=\"1024\" height=\"576\" src=\"https:\/\/contextoanalisisperiodistico.com\/wp-content\/uploads\/2025\/03\/img-20250306-wa00922621498478912471039-1024x576.jpg\" alt=\"\" class=\"wp-image-38146\" srcset=\"https:\/\/contextoanalisisperiodistico.com\/wp-content\/uploads\/2025\/03\/img-20250306-wa00922621498478912471039-1024x576.jpg 1024w, https:\/\/contextoanalisisperiodistico.com\/wp-content\/uploads\/2025\/03\/img-20250306-wa00922621498478912471039-300x169.jpg 300w, https:\/\/contextoanalisisperiodistico.com\/wp-content\/uploads\/2025\/03\/img-20250306-wa00922621498478912471039-768x432.jpg 768w, https:\/\/contextoanalisisperiodistico.com\/wp-content\/uploads\/2025\/03\/img-20250306-wa00922621498478912471039-1536x864.jpg 1536w, https:\/\/contextoanalisisperiodistico.com\/wp-content\/uploads\/2025\/03\/img-20250306-wa00922621498478912471039.jpg 1600w\" sizes=\"(max-width: 1024px) 100vw, 1024px\" \/><\/figure>\n\n\n\n<p>Oaxaca de Ju\u00e1rez, Oax., 6 de marzo de 2025.- El Director de la Polic\u00eda Auxiliar, Bancaria, Industrial y Comercial (PABIC), Alejandro Tejada Morales sostuvo un di\u00e1logo abierto y respetuoso con elementos de esta corporaci\u00f3n, a fin de atender puntualmente sus planteamientos y propuestas dirigidas a mejorar sus condiciones laborales.<\/p>\n\n\n\n<p>Durante el encuentro, las y los elementos de la PABIC expusieron diversas inquietudes relacionadas con aspectos laborales, operativos y administrativos. En respuesta, el Director de la corporaci\u00f3n reiter\u00f3 la apertura de la instituci\u00f3n para analizar cada punto de manera responsable, privilegiando siempre el di\u00e1logo y la cooperaci\u00f3n.<\/p>\n\n\n\n<p>A esta reuni\u00f3n de trabajo, previamente pactada, asisti\u00f3 el subsecretario de Desarrollo Democr\u00e1tico de la Secretar\u00eda de Gobierno (Sego), Carlos Perezcampos Mayoral, quien atestigu\u00f3 los acuerdos alcanzados y reafirm\u00f3 la voluntad de la administraci\u00f3n estatal para construir soluciones en beneficio de la corporaci\u00f3n y la poblaci\u00f3n.<\/p>\n\n\n\n<p>La Secretar\u00eda de Seguridad y Protecci\u00f3n Ciudadana (SSPC) a cargo de Iv\u00e1n Garc\u00eda \u00c1lvarez, reconoce la labor fundamental que desempe\u00f1a la PABIC en la construcci\u00f3n de la paz en Oaxaca, por lo que continuar\u00e1 impulsando espacios de comunicaci\u00f3n efectiva y trabajo conjunto que contribuyan a fortalecer a los cuerpos de seguridad.<\/p>\n\n\n\n<p>El Gobierno de la Primavera Oaxaque\u00f1a reafirma su compromiso de mantener el di\u00e1logo permanente y constructivo con todas y todos los integrantes de la corporaci\u00f3n, con el prop\u00f3sito de consolidar condiciones laborales dignas y eficientes, que permita seguir brindando un servicio de calidad a la sociedad.<\/p>\n\n\n\n<p>-0-<\/p>\n","protected":false},"excerpt":{"rendered":"<p>\u2022 Se realiz\u00f3 una reuni\u00f3n con integrantes de la PABIC para conocer sus inquietudes en&#8230;<\/p>\n","protected":false},"author":4,"featured_media":38145,"comment_status":"","ping_status":"open","sticky":false,"template":"","format":"standard","meta":{"footnotes":""},"categories":[9],"tags":[],"jetpack_sharing_enabled":true,"featured_image_urls":{"full":["https:\/\/contextoanalisisperiodistico.com\/wp-content\/uploads\/2025\/03\/IMG-20250306-WA0091.jpg",1600,1200,false],"thumbnail":["https:\/\/contextoanalisisperiodistico.com\/wp-content\/uploads\/2025\/03\/IMG-20250306-WA0091-150x150.jpg",150,150,true],"medium":["https:\/\/contextoanalisisperiodistico.com\/wp-content\/uploads\/2025\/03\/IMG-20250306-WA0091-300x225.jpg",300,225,true],"medium_large":["https:\/\/contextoanalisisperiodistico.com\/wp-content\/uploads\/2025\/03\/IMG-20250306-WA0091-768x576.jpg",640,480,true],"large":["https:\/\/contextoanalisisperiodistico.com\/wp-content\/uploads\/2025\/03\/IMG-20250306-WA0091-1024x768.jpg",640,480,true],"1536x1536":["https:\/\/contextoanalisisperiodistico.com\/wp-content\/uploads\/2025\/03\/IMG-20250306-WA0091-1536x1152.jpg",1536,1152,true],"2048x2048":["https:\/\/contextoanalisisperiodistico.com\/wp-content\/uploads\/2025\/03\/IMG-20250306-WA0091.jpg",1600,1200,false],"covernews-slider-full":["https:\/\/contextoanalisisperiodistico.com\/wp-content\/uploads\/2025\/03\/IMG-20250306-WA0091-1115x715.jpg",1115,715,true],"covernews-slider-center":["https:\/\/contextoanalisisperiodistico.com\/wp-content\/uploads\/2025\/03\/IMG-20250306-WA0091-800x500.jpg",800,500,true],"covernews-featured":["https:\/\/contextoanalisisperiodistico.com\/wp-content\/uploads\/2025\/03\/IMG-20250306-WA0091-1024x768.jpg",1024,768,true],"covernews-medium":["https:\/\/contextoanalisisperiodistico.com\/wp-content\/uploads\/2025\/03\/IMG-20250306-WA0091-540x340.jpg",540,340,true],"covernews-medium-square":["https:\/\/contextoanalisisperiodistico.com\/wp-content\/uploads\/2025\/03\/IMG-20250306-WA0091-400x250.jpg",400,250,true]},"author_info":{"display_name":"Mario Gir\u00f3n","author_link":"https:\/\/contextoanalisisperiodistico.com\/index.php\/author\/director\/"},"category_info":"<a href=\"https:\/\/contextoanalisisperiodistico.com\/index.php\/category\/politica\/\" rel=\"category tag\">Pol\u00edtica<\/a>","tag_info":"Pol\u00edtica","comment_count":"0","jetpack_featured_media_url":"https:\/\/contextoanalisisperiodistico.com\/wp-content\/uploads\/2025\/03\/IMG-20250306-WA0091.jpg","_links":{"self":[{"href":"https:\/\/contextoanalisisperiodistico.com\/index.php\/wp-json\/wp\/v2\/posts\/38148"}],"collection":[{"href":"https:\/\/contextoanalisisperiodistico.com\/index.php\/wp-json\/wp\/v2\/posts"}],"about":[{"href":"https:\/\/contextoanalisisperiodistico.com\/index.php\/wp-json\/wp\/v2\/types\/post"}],"author":[{"embeddable":true,"href":"https:\/\/contextoanalisisperiodistico.com\/index.php\/wp-json\/wp\/v2\/users\/4"}],"replies":[{"embeddable":true,"href":"https:\/\/contextoanalisisperiodistico.com\/index.php\/wp-json\/wp\/v2\/comments?post=38148"}],"version-history":[{"count":0,"href":"https:\/\/contextoanalisisperiodistico.com\/index.php\/wp-json\/wp\/v2\/posts\/38148\/revisions"}],"wp:featuredmedia":[{"embeddable":true,"href":"https:\/\/contextoanalisisperiodistico.com\/index.php\/wp-json\/wp\/v2\/media\/38145"}],"wp:attachment":[{"href":"https:\/\/contextoanalisisperiodistico.com\/index.php\/wp-json\/wp\/v2\/media?parent=38148"}],"wp:term":[{"taxonomy":"category","embeddable":true,"href":"https:\/\/contextoanalisisperiodistico.com\/index.php\/wp-json\/wp\/v2\/categories?post=38148"},{"taxonomy":"post_tag","embeddable":true,"href":"https:\/\/contextoanalisisperiodistico.com\/index.php\/wp-json\/wp\/v2\/tags?post=38148"}],"curies":[{"name":"wp","href":"https:\/\/api.w.org\/{rel}","templated":true}]}}