{"id":38133,"date":"2025-03-05T20:57:35","date_gmt":"2025-03-06T02:57:35","guid":{"rendered":"https:\/\/contextoanalisisperiodistico.com\/index.php\/2025\/03\/05\/detienen-a-3-personas-en-juchitan-por-portacion-ilegal-de-arma-de-fuego-y-municiones\/"},"modified":"2025-03-05T20:57:35","modified_gmt":"2025-03-06T02:57:35","slug":"detienen-a-3-personas-en-juchitan-por-portacion-ilegal-de-arma-de-fuego-y-municiones","status":"publish","type":"post","link":"https:\/\/contextoanalisisperiodistico.com\/index.php\/2025\/03\/05\/detienen-a-3-personas-en-juchitan-por-portacion-ilegal-de-arma-de-fuego-y-municiones\/","title":{"rendered":"Detienen a 3 personas en Juchit\u00e1n por portaci\u00f3n ilegal de arma de fuego y municiones"},"content":{"rendered":"<div id=\"fb-root\"><\/div>\n\n<p>\u2022 Se trata de dos hombres y una mujer que fueron puestos a disposici\u00f3n de la Fiscal\u00eda General de la Rep\u00fablica<\/p>\n\n\n\n<figure class=\"wp-block-image size-large\"><img fetchpriority=\"high\" decoding=\"async\" width=\"520\" height=\"1024\" src=\"https:\/\/contextoanalisisperiodistico.com\/wp-content\/uploads\/2025\/03\/img-20250305-wa01341959141960870835305-520x1024.jpg\" alt=\"\" class=\"wp-image-38131\" srcset=\"https:\/\/contextoanalisisperiodistico.com\/wp-content\/uploads\/2025\/03\/img-20250305-wa01341959141960870835305-520x1024.jpg 520w, https:\/\/contextoanalisisperiodistico.com\/wp-content\/uploads\/2025\/03\/img-20250305-wa01341959141960870835305-152x300.jpg 152w, https:\/\/contextoanalisisperiodistico.com\/wp-content\/uploads\/2025\/03\/img-20250305-wa01341959141960870835305-768x1513.jpg 768w, https:\/\/contextoanalisisperiodistico.com\/wp-content\/uploads\/2025\/03\/img-20250305-wa01341959141960870835305-780x1536.jpg 780w, https:\/\/contextoanalisisperiodistico.com\/wp-content\/uploads\/2025\/03\/img-20250305-wa01341959141960870835305.jpg 812w\" sizes=\"(max-width: 520px) 100vw, 520px\" \/><\/figure>\n\n\n\n<figure class=\"wp-block-image\"><img decoding=\"async\" width=\"491\" height=\"1024\" src=\"https:\/\/contextoanalisisperiodistico.com\/wp-content\/uploads\/2025\/03\/img-20250305-wa01338461587355053558952-491x1024.jpg\" alt=\"\" class=\"wp-image-38132\" srcset=\"https:\/\/contextoanalisisperiodistico.com\/wp-content\/uploads\/2025\/03\/img-20250305-wa01338461587355053558952-491x1024.jpg 491w, https:\/\/contextoanalisisperiodistico.com\/wp-content\/uploads\/2025\/03\/img-20250305-wa01338461587355053558952-144x300.jpg 144w, https:\/\/contextoanalisisperiodistico.com\/wp-content\/uploads\/2025\/03\/img-20250305-wa01338461587355053558952-736x1536.jpg 736w, https:\/\/contextoanalisisperiodistico.com\/wp-content\/uploads\/2025\/03\/img-20250305-wa01338461587355053558952.jpg 767w\" sizes=\"(max-width: 491px) 100vw, 491px\" \/><\/figure>\n\n\n\n<p>Oaxaca de Ju\u00e1rez, Oax. 5 de marzo de 2025.- Como parte de las acciones estrat\u00e9gicas de combate al delito que realizan fuerzas de seguridad coordinadas en el Istmo de Tehuantepec, este martes se realiz\u00f3 la detenci\u00f3n de tres personas, dos hombres y una mujer, por la portaci\u00f3n ilegal de un arma de fuego calibre .40 con al menos 40 cartuchos y cuatro cargadores.<\/p>\n\n\n\n<p>La Secretar\u00eda de Seguridad y Protecci\u00f3n Ciudadana (SSPC) detall\u00f3 que la intervenci\u00f3n tuvo lugar en la carretera local Ixtepec-Juchit\u00e1n, a la altura del paraje El Pimpollo.<\/p>\n\n\n\n<p>Las personas detenidas fueron identificadas como J. A. G. F., J. M. A. T. y D. G. J. de 32, 41 y 21 a\u00f1os, respectivamente; mismos que llevaban consigo la referida arma de fuego, seis cartuchos de punta hueca y 34 de punta plana, al igual que cuatro cargadores met\u00e1licos.<\/p>\n\n\n\n<p>Finalmente, las personas detenidas, junto con un veh\u00edculo Renault Duster color guinda, fueron puestos a disposici\u00f3n de la Fiscal\u00eda General de la Rep\u00fablica (FGR) para los efectos legales correspondientes.<\/p>\n\n\n\n<p>-0-<\/p>\n","protected":false},"excerpt":{"rendered":"<p>\u2022 Se trata de dos hombres y una mujer que fueron puestos a disposici\u00f3n de&#8230;<\/p>\n","protected":false},"author":4,"featured_media":38130,"comment_status":"","ping_status":"open","sticky":false,"template":"","format":"standard","meta":{"footnotes":""},"categories":[10],"tags":[],"jetpack_sharing_enabled":true,"featured_image_urls":{"full":["https:\/\/contextoanalisisperiodistico.com\/wp-content\/uploads\/2025\/03\/IMG-20250305-WA0135.jpg",851,1600,false],"thumbnail":["https:\/\/contextoanalisisperiodistico.com\/wp-content\/uploads\/2025\/03\/IMG-20250305-WA0135-150x150.jpg",150,150,true],"medium":["https:\/\/contextoanalisisperiodistico.com\/wp-content\/uploads\/2025\/03\/IMG-20250305-WA0135-160x300.jpg",160,300,true],"medium_large":["https:\/\/contextoanalisisperiodistico.com\/wp-content\/uploads\/2025\/03\/IMG-20250305-WA0135-768x1444.jpg",640,1203,true],"large":["https:\/\/contextoanalisisperiodistico.com\/wp-content\/uploads\/2025\/03\/IMG-20250305-WA0135-545x1024.jpg",545,1024,true],"1536x1536":["https:\/\/contextoanalisisperiodistico.com\/wp-content\/uploads\/2025\/03\/IMG-20250305-WA0135-817x1536.jpg",817,1536,true],"2048x2048":["https:\/\/contextoanalisisperiodistico.com\/wp-content\/uploads\/2025\/03\/IMG-20250305-WA0135.jpg",851,1600,false],"covernews-slider-full":["https:\/\/contextoanalisisperiodistico.com\/wp-content\/uploads\/2025\/03\/IMG-20250305-WA0135-851x715.jpg",851,715,true],"covernews-slider-center":["https:\/\/contextoanalisisperiodistico.com\/wp-content\/uploads\/2025\/03\/IMG-20250305-WA0135-800x500.jpg",800,500,true],"covernews-featured":["https:\/\/contextoanalisisperiodistico.com\/wp-content\/uploads\/2025\/03\/IMG-20250305-WA0135.jpg",851,1600,false],"covernews-medium":["https:\/\/contextoanalisisperiodistico.com\/wp-content\/uploads\/2025\/03\/IMG-20250305-WA0135-540x340.jpg",540,340,true],"covernews-medium-square":["https:\/\/contextoanalisisperiodistico.com\/wp-content\/uploads\/2025\/03\/IMG-20250305-WA0135-400x250.jpg",400,250,true]},"author_info":{"display_name":"Mario Gir\u00f3n","author_link":"https:\/\/contextoanalisisperiodistico.com\/index.php\/author\/director\/"},"category_info":"<a href=\"https:\/\/contextoanalisisperiodistico.com\/index.php\/category\/seguridad\/\" rel=\"category tag\">Seguridad<\/a>","tag_info":"Seguridad","comment_count":"0","jetpack_featured_media_url":"https:\/\/contextoanalisisperiodistico.com\/wp-content\/uploads\/2025\/03\/IMG-20250305-WA0135.jpg","_links":{"self":[{"href":"https:\/\/contextoanalisisperiodistico.com\/index.php\/wp-json\/wp\/v2\/posts\/38133"}],"collection":[{"href":"https:\/\/contextoanalisisperiodistico.com\/index.php\/wp-json\/wp\/v2\/posts"}],"about":[{"href":"https:\/\/contextoanalisisperiodistico.com\/index.php\/wp-json\/wp\/v2\/types\/post"}],"author":[{"embeddable":true,"href":"https:\/\/contextoanalisisperiodistico.com\/index.php\/wp-json\/wp\/v2\/users\/4"}],"replies":[{"embeddable":true,"href":"https:\/\/contextoanalisisperiodistico.com\/index.php\/wp-json\/wp\/v2\/comments?post=38133"}],"version-history":[{"count":0,"href":"https:\/\/contextoanalisisperiodistico.com\/index.php\/wp-json\/wp\/v2\/posts\/38133\/revisions"}],"wp:featuredmedia":[{"embeddable":true,"href":"https:\/\/contextoanalisisperiodistico.com\/index.php\/wp-json\/wp\/v2\/media\/38130"}],"wp:attachment":[{"href":"https:\/\/contextoanalisisperiodistico.com\/index.php\/wp-json\/wp\/v2\/media?parent=38133"}],"wp:term":[{"taxonomy":"category","embeddable":true,"href":"https:\/\/contextoanalisisperiodistico.com\/index.php\/wp-json\/wp\/v2\/categories?post=38133"},{"taxonomy":"post_tag","embeddable":true,"href":"https:\/\/contextoanalisisperiodistico.com\/index.php\/wp-json\/wp\/v2\/tags?post=38133"}],"curies":[{"name":"wp","href":"https:\/\/api.w.org\/{rel}","templated":true}]}}