{"id":38123,"date":"2025-03-05T16:37:12","date_gmt":"2025-03-05T22:37:12","guid":{"rendered":"https:\/\/contextoanalisisperiodistico.com\/index.php\/2025\/03\/05\/en-ciclismo-de-montana-clasifica-a-la-fase-nacional-conade-2025-valeria-bencomo-pereira-alumna-del-cobao\/"},"modified":"2025-03-05T16:37:12","modified_gmt":"2025-03-05T22:37:12","slug":"en-ciclismo-de-montana-clasifica-a-la-fase-nacional-conade-2025-valeria-bencomo-pereira-alumna-del-cobao","status":"publish","type":"post","link":"https:\/\/contextoanalisisperiodistico.com\/index.php\/2025\/03\/05\/en-ciclismo-de-montana-clasifica-a-la-fase-nacional-conade-2025-valeria-bencomo-pereira-alumna-del-cobao\/","title":{"rendered":"En ciclismo de monta\u00f1a clasifica a la fase nacional CONADE 2025, Valeria Bencomo Pereira, alumna del COBAO"},"content":{"rendered":"<div id=\"fb-root\"><\/div>\n\n<p>De fiesta y reconocimiento el mejor sistema p\u00fablico educativo de nivel medio superior, dirigido por la Mtra, Ang\u00e9lica Garc\u00eda P\u00e9rez. \u00bfEl motivo?, la clasificaci\u00f3n a la etapa nacional de los Juegos CONADE 2025, en&nbsp; ciclismo de monta\u00f1a, de la alumna Valeria Bencomo Pereira, del COBAO 05 de Mat\u00edas Romero<\/p>\n\n\n\n<p>La gesta deportiva de la bachiller fue reconocida por su casa de estudios como ejemplo de constancia y dedicaci\u00f3n en el deporte. <\/p>\n\n\n\n<p>La pedalista obtuvo el tercer lugar en la categor\u00eda Juvenil C de la prueba de ciclismo de monta\u00f1a, con un tiempo de 1&#8217;44&#8243;18, para lograr su pase la fase nacional de los Juegos CONADE 2025.<\/p>\n\n\n\n<p>\u00a1Felicidades Valeria!, se convirti\u00f3 en coro en el campus COBAO.<\/p>\n\n\n\n<p><\/p>\n","protected":false},"excerpt":{"rendered":"<p>De fiesta y reconocimiento el mejor sistema p\u00fablico educativo de nivel medio superior, dirigido por&#8230;<\/p>\n","protected":false},"author":4,"featured_media":38122,"comment_status":"","ping_status":"open","sticky":false,"template":"","format":"standard","meta":{"footnotes":""},"categories":[5],"tags":[262,266,264,265],"jetpack_sharing_enabled":true,"featured_image_urls":{"full":["https:\/\/contextoanalisisperiodistico.com\/wp-content\/uploads\/2025\/03\/FB_IMG_1741213174096.jpg",720,899,false],"thumbnail":["https:\/\/contextoanalisisperiodistico.com\/wp-content\/uploads\/2025\/03\/FB_IMG_1741213174096-150x150.jpg",150,150,true],"medium":["https:\/\/contextoanalisisperiodistico.com\/wp-content\/uploads\/2025\/03\/FB_IMG_1741213174096-240x300.jpg",240,300,true],"medium_large":["https:\/\/contextoanalisisperiodistico.com\/wp-content\/uploads\/2025\/03\/FB_IMG_1741213174096.jpg",640,799,false],"large":["https:\/\/contextoanalisisperiodistico.com\/wp-content\/uploads\/2025\/03\/FB_IMG_1741213174096.jpg",640,799,false],"1536x1536":["https:\/\/contextoanalisisperiodistico.com\/wp-content\/uploads\/2025\/03\/FB_IMG_1741213174096.jpg",720,899,false],"2048x2048":["https:\/\/contextoanalisisperiodistico.com\/wp-content\/uploads\/2025\/03\/FB_IMG_1741213174096.jpg",720,899,false],"covernews-slider-full":["https:\/\/contextoanalisisperiodistico.com\/wp-content\/uploads\/2025\/03\/FB_IMG_1741213174096-720x715.jpg",720,715,true],"covernews-slider-center":["https:\/\/contextoanalisisperiodistico.com\/wp-content\/uploads\/2025\/03\/FB_IMG_1741213174096-720x500.jpg",720,500,true],"covernews-featured":["https:\/\/contextoanalisisperiodistico.com\/wp-content\/uploads\/2025\/03\/FB_IMG_1741213174096.jpg",720,899,false],"covernews-medium":["https:\/\/contextoanalisisperiodistico.com\/wp-content\/uploads\/2025\/03\/FB_IMG_1741213174096-540x340.jpg",540,340,true],"covernews-medium-square":["https:\/\/contextoanalisisperiodistico.com\/wp-content\/uploads\/2025\/03\/FB_IMG_1741213174096-400x250.jpg",400,250,true]},"author_info":{"display_name":"Mario Gir\u00f3n","author_link":"https:\/\/contextoanalisisperiodistico.com\/index.php\/author\/director\/"},"category_info":"<a href=\"https:\/\/contextoanalisisperiodistico.com\/index.php\/category\/deportes\/\" rel=\"category tag\">Deportes<\/a>","tag_info":"Deportes","comment_count":"0","jetpack_featured_media_url":"https:\/\/contextoanalisisperiodistico.com\/wp-content\/uploads\/2025\/03\/FB_IMG_1741213174096.jpg","_links":{"self":[{"href":"https:\/\/contextoanalisisperiodistico.com\/index.php\/wp-json\/wp\/v2\/posts\/38123"}],"collection":[{"href":"https:\/\/contextoanalisisperiodistico.com\/index.php\/wp-json\/wp\/v2\/posts"}],"about":[{"href":"https:\/\/contextoanalisisperiodistico.com\/index.php\/wp-json\/wp\/v2\/types\/post"}],"author":[{"embeddable":true,"href":"https:\/\/contextoanalisisperiodistico.com\/index.php\/wp-json\/wp\/v2\/users\/4"}],"replies":[{"embeddable":true,"href":"https:\/\/contextoanalisisperiodistico.com\/index.php\/wp-json\/wp\/v2\/comments?post=38123"}],"version-history":[{"count":0,"href":"https:\/\/contextoanalisisperiodistico.com\/index.php\/wp-json\/wp\/v2\/posts\/38123\/revisions"}],"wp:featuredmedia":[{"embeddable":true,"href":"https:\/\/contextoanalisisperiodistico.com\/index.php\/wp-json\/wp\/v2\/media\/38122"}],"wp:attachment":[{"href":"https:\/\/contextoanalisisperiodistico.com\/index.php\/wp-json\/wp\/v2\/media?parent=38123"}],"wp:term":[{"taxonomy":"category","embeddable":true,"href":"https:\/\/contextoanalisisperiodistico.com\/index.php\/wp-json\/wp\/v2\/categories?post=38123"},{"taxonomy":"post_tag","embeddable":true,"href":"https:\/\/contextoanalisisperiodistico.com\/index.php\/wp-json\/wp\/v2\/tags?post=38123"}],"curies":[{"name":"wp","href":"https:\/\/api.w.org\/{rel}","templated":true}]}}