{"id":38115,"date":"2025-03-05T15:59:45","date_gmt":"2025-03-05T21:59:45","guid":{"rendered":"https:\/\/contextoanalisisperiodistico.com\/index.php\/2025\/03\/05\/se-suma-citybus-oaxaca-a-la-prevencion-del-acoso-escolar-en-la-entidad\/"},"modified":"2025-03-05T15:59:45","modified_gmt":"2025-03-05T21:59:45","slug":"se-suma-citybus-oaxaca-a-la-prevencion-del-acoso-escolar-en-la-entidad","status":"publish","type":"post","link":"https:\/\/contextoanalisisperiodistico.com\/index.php\/2025\/03\/05\/se-suma-citybus-oaxaca-a-la-prevencion-del-acoso-escolar-en-la-entidad\/","title":{"rendered":"Se suma Citybus Oaxaca a la prevenci\u00f3n del acoso escolar en la entidad"},"content":{"rendered":"<div id=\"fb-root\"><\/div>\n\n<p>\u2022 A trav\u00e9s de ocho unidades de transporte de la dependencia se difundir\u00e1n mensajes de concientizaci\u00f3n en sus cuatro rutas<\/p>\n\n\n\n<figure class=\"wp-block-image size-large\"><img fetchpriority=\"high\" decoding=\"async\" width=\"1024\" height=\"682\" src=\"https:\/\/contextoanalisisperiodistico.com\/wp-content\/uploads\/2025\/03\/img-20250305-wa01216396723926287256534-1024x682.jpg\" alt=\"\" class=\"wp-image-38111\" srcset=\"https:\/\/contextoanalisisperiodistico.com\/wp-content\/uploads\/2025\/03\/img-20250305-wa01216396723926287256534-1024x682.jpg 1024w, https:\/\/contextoanalisisperiodistico.com\/wp-content\/uploads\/2025\/03\/img-20250305-wa01216396723926287256534-300x200.jpg 300w, https:\/\/contextoanalisisperiodistico.com\/wp-content\/uploads\/2025\/03\/img-20250305-wa01216396723926287256534-768x512.jpg 768w, https:\/\/contextoanalisisperiodistico.com\/wp-content\/uploads\/2025\/03\/img-20250305-wa01216396723926287256534-1536x1023.jpg 1536w, https:\/\/contextoanalisisperiodistico.com\/wp-content\/uploads\/2025\/03\/img-20250305-wa01216396723926287256534.jpg 1600w\" sizes=\"(max-width: 1024px) 100vw, 1024px\" \/><\/figure>\n\n\n\n<figure class=\"wp-block-image\"><img decoding=\"async\" width=\"1024\" height=\"682\" src=\"https:\/\/contextoanalisisperiodistico.com\/wp-content\/uploads\/2025\/03\/img-20250305-wa01221962063230155344481-1024x682.jpg\" alt=\"\" class=\"wp-image-38112\" srcset=\"https:\/\/contextoanalisisperiodistico.com\/wp-content\/uploads\/2025\/03\/img-20250305-wa01221962063230155344481-1024x682.jpg 1024w, https:\/\/contextoanalisisperiodistico.com\/wp-content\/uploads\/2025\/03\/img-20250305-wa01221962063230155344481-300x200.jpg 300w, https:\/\/contextoanalisisperiodistico.com\/wp-content\/uploads\/2025\/03\/img-20250305-wa01221962063230155344481-768x512.jpg 768w, https:\/\/contextoanalisisperiodistico.com\/wp-content\/uploads\/2025\/03\/img-20250305-wa01221962063230155344481-1536x1023.jpg 1536w, https:\/\/contextoanalisisperiodistico.com\/wp-content\/uploads\/2025\/03\/img-20250305-wa01221962063230155344481.jpg 1600w\" sizes=\"(max-width: 1024px) 100vw, 1024px\" \/><\/figure>\n\n\n\n<figure class=\"wp-block-image\"><img decoding=\"async\" width=\"1024\" height=\"682\" src=\"https:\/\/contextoanalisisperiodistico.com\/wp-content\/uploads\/2025\/03\/img-20250305-wa01202133334303063634012-1024x682.jpg\" alt=\"\" class=\"wp-image-38113\" srcset=\"https:\/\/contextoanalisisperiodistico.com\/wp-content\/uploads\/2025\/03\/img-20250305-wa01202133334303063634012-1024x682.jpg 1024w, https:\/\/contextoanalisisperiodistico.com\/wp-content\/uploads\/2025\/03\/img-20250305-wa01202133334303063634012-300x200.jpg 300w, https:\/\/contextoanalisisperiodistico.com\/wp-content\/uploads\/2025\/03\/img-20250305-wa01202133334303063634012-768x512.jpg 768w, https:\/\/contextoanalisisperiodistico.com\/wp-content\/uploads\/2025\/03\/img-20250305-wa01202133334303063634012-1536x1023.jpg 1536w, https:\/\/contextoanalisisperiodistico.com\/wp-content\/uploads\/2025\/03\/img-20250305-wa01202133334303063634012.jpg 1600w\" sizes=\"(max-width: 1024px) 100vw, 1024px\" \/><\/figure>\n\n\n\n<figure class=\"wp-block-image\"><img loading=\"lazy\" decoding=\"async\" width=\"1024\" height=\"576\" src=\"https:\/\/contextoanalisisperiodistico.com\/wp-content\/uploads\/2025\/03\/img-20250305-wa01234507187954797377628-1024x576.jpg\" alt=\"\" class=\"wp-image-38110\" srcset=\"https:\/\/contextoanalisisperiodistico.com\/wp-content\/uploads\/2025\/03\/img-20250305-wa01234507187954797377628-1024x576.jpg 1024w, https:\/\/contextoanalisisperiodistico.com\/wp-content\/uploads\/2025\/03\/img-20250305-wa01234507187954797377628-300x169.jpg 300w, https:\/\/contextoanalisisperiodistico.com\/wp-content\/uploads\/2025\/03\/img-20250305-wa01234507187954797377628-768x432.jpg 768w, https:\/\/contextoanalisisperiodistico.com\/wp-content\/uploads\/2025\/03\/img-20250305-wa01234507187954797377628-1536x864.jpg 1536w, https:\/\/contextoanalisisperiodistico.com\/wp-content\/uploads\/2025\/03\/img-20250305-wa01234507187954797377628.jpg 1600w\" sizes=\"(max-width: 1024px) 100vw, 1024px\" \/><\/figure>\n\n\n\n<figure class=\"wp-block-image\"><img loading=\"lazy\" decoding=\"async\" width=\"1024\" height=\"576\" src=\"https:\/\/contextoanalisisperiodistico.com\/wp-content\/uploads\/2025\/03\/img-20250305-wa01241434376439376849947-1024x576.jpg\" alt=\"\" class=\"wp-image-38114\" srcset=\"https:\/\/contextoanalisisperiodistico.com\/wp-content\/uploads\/2025\/03\/img-20250305-wa01241434376439376849947-1024x576.jpg 1024w, https:\/\/contextoanalisisperiodistico.com\/wp-content\/uploads\/2025\/03\/img-20250305-wa01241434376439376849947-300x169.jpg 300w, https:\/\/contextoanalisisperiodistico.com\/wp-content\/uploads\/2025\/03\/img-20250305-wa01241434376439376849947-768x432.jpg 768w, https:\/\/contextoanalisisperiodistico.com\/wp-content\/uploads\/2025\/03\/img-20250305-wa01241434376439376849947-1536x864.jpg 1536w, https:\/\/contextoanalisisperiodistico.com\/wp-content\/uploads\/2025\/03\/img-20250305-wa01241434376439376849947.jpg 1600w\" sizes=\"(max-width: 1024px) 100vw, 1024px\" \/><\/figure>\n\n\n\n<p>Oaxaca de Ju\u00e1rez. Oax. 5 de marzo de 2025.- El Sistema de Transporte Colectivo Metropolitano Citybus reafirm\u00f3 su compromiso con la prevenci\u00f3n del acoso escolar y la violencia, al participar en el banderazo de la campa\u00f1a \u201cEntre Broma y Broma el Acoso se Asoma\u201d del Sistema para el Desarrollo Integral de la Familia (DIF) Oaxaca.<\/p>\n\n\n\n<p>En un acto interinstitucional efectuado en el Parque Primavera Cho Ndob\u00e1, ocho unidades de Citybus fueron ploteadas con mensajes alusivos a la campa\u00f1a; con el objetivo de sensibilizar a la poblaci\u00f3n sobre la importancia de erradicar este fen\u00f3meno que afecta a miles de ni\u00f1as, ni\u00f1os y adolescentes en la entidad.<\/p>\n\n\n\n<p>La directora del Citybus Oaxaca, Karina G\u00f3mez Esteban destac\u00f3 la importancia de este trabajo de prevenci\u00f3n en equipo, para fomentar una cultura de respeto y empat\u00eda en todos los sectores de la sociedad, especialmente desde una edad temprana.<\/p>\n\n\n\n<p>\u201cEn Citybus nos comprometemos con la ni\u00f1ez oaxaque\u00f1a, es un honor aportar de nuestra parte para concientizar sobre esta problem\u00e1tica porque la violencia escolar se previene con educaci\u00f3n, y este es un paso fundamental en ese proceso\u201d, afirm\u00f3.<\/p>\n\n\n\n<p>El programa \u201cEntre Broma y Broma, el Acoso se Asoma\u201d tiene como objetivo sensibilizar principalmente a ni\u00f1as y ni\u00f1os, madres y padres de familia, docentes y a la comunidad sobre los riesgos del acoso escolar, a fin de fomentar la convivencia pac\u00edfica en entornos educativos.<\/p>\n\n\n\n<p>G\u00f3mez Esteban resalt\u00f3 que la actividad llevada a cabo este d\u00eda, se alinea con los valores de la dependencia, que no solo ofrece un servicio de transporte de calidad, sino que contribuye de manera activa a la construcci\u00f3n de una sociedad m\u00e1s consciente y responsable.<\/p>\n\n\n\n<p>De igual manera realiz\u00f3 un llamado a la ciudadan\u00eda para sumarse a esta causa, afirmando que, en conjunto, se pueden transformar las realidades de la ni\u00f1ez y adolescencia para garantizarles un futuro libre de violencia y acoso.<\/p>\n\n\n\n<p>Las ocho unidades ploteadas cubren las rutas: RC01 que brinda servicio de Viguera hacia San Sebasti\u00e1n Tutla; la RC02, de Walmart S\u00edmbolos Patrios al Fovissste; RC03, de Tlalixtac de Cabrera a rotonda de La Lib\u00e9lula; la RC04, Walmart S\u00edmbolos Patrios al Hospital General de la Mujer y el Ni\u00f1o Oaxaque\u00f1o.<\/p>\n\n\n\n<p>Con estas acciones, la Primavera Oaxaque\u00f1a en conjunto con el Citybus, contin\u00faa trabajando por el bienestar de las infancias oaxaque\u00f1as, promoviendo valores como el respeto, empat\u00eda y convivencia pac\u00edfica; fundamentales para erradicar la violencia escolar y crear un entorno seguro para las nuevas generaciones.<br \/>-0-<\/p>\n","protected":false},"excerpt":{"rendered":"<p>\u2022 A trav\u00e9s de ocho unidades de transporte de la dependencia se difundir\u00e1n mensajes de&#8230;<\/p>\n","protected":false},"author":4,"featured_media":38109,"comment_status":"","ping_status":"open","sticky":false,"template":"","format":"standard","meta":{"footnotes":""},"categories":[3],"tags":[],"jetpack_sharing_enabled":true,"featured_image_urls":{"full":["https:\/\/contextoanalisisperiodistico.com\/wp-content\/uploads\/2025\/03\/IMG-20250305-WA0125.jpg",1280,960,false],"thumbnail":["https:\/\/contextoanalisisperiodistico.com\/wp-content\/uploads\/2025\/03\/IMG-20250305-WA0125-150x150.jpg",150,150,true],"medium":["https:\/\/contextoanalisisperiodistico.com\/wp-content\/uploads\/2025\/03\/IMG-20250305-WA0125-300x225.jpg",300,225,true],"medium_large":["https:\/\/contextoanalisisperiodistico.com\/wp-content\/uploads\/2025\/03\/IMG-20250305-WA0125-768x576.jpg",640,480,true],"large":["https:\/\/contextoanalisisperiodistico.com\/wp-content\/uploads\/2025\/03\/IMG-20250305-WA0125-1024x768.jpg",640,480,true],"1536x1536":["https:\/\/contextoanalisisperiodistico.com\/wp-content\/uploads\/2025\/03\/IMG-20250305-WA0125.jpg",1280,960,false],"2048x2048":["https:\/\/contextoanalisisperiodistico.com\/wp-content\/uploads\/2025\/03\/IMG-20250305-WA0125.jpg",1280,960,false],"covernews-slider-full":["https:\/\/contextoanalisisperiodistico.com\/wp-content\/uploads\/2025\/03\/IMG-20250305-WA0125-1115x715.jpg",1115,715,true],"covernews-slider-center":["https:\/\/contextoanalisisperiodistico.com\/wp-content\/uploads\/2025\/03\/IMG-20250305-WA0125-800x500.jpg",800,500,true],"covernews-featured":["https:\/\/contextoanalisisperiodistico.com\/wp-content\/uploads\/2025\/03\/IMG-20250305-WA0125-1024x768.jpg",1024,768,true],"covernews-medium":["https:\/\/contextoanalisisperiodistico.com\/wp-content\/uploads\/2025\/03\/IMG-20250305-WA0125-540x340.jpg",540,340,true],"covernews-medium-square":["https:\/\/contextoanalisisperiodistico.com\/wp-content\/uploads\/2025\/03\/IMG-20250305-WA0125-400x250.jpg",400,250,true]},"author_info":{"display_name":"Mario Gir\u00f3n","author_link":"https:\/\/contextoanalisisperiodistico.com\/index.php\/author\/director\/"},"category_info":"<a href=\"https:\/\/contextoanalisisperiodistico.com\/index.php\/category\/ciudad\/\" rel=\"category tag\">Ciudad<\/a>","tag_info":"Ciudad","comment_count":"0","jetpack_featured_media_url":"https:\/\/contextoanalisisperiodistico.com\/wp-content\/uploads\/2025\/03\/IMG-20250305-WA0125.jpg","_links":{"self":[{"href":"https:\/\/contextoanalisisperiodistico.com\/index.php\/wp-json\/wp\/v2\/posts\/38115"}],"collection":[{"href":"https:\/\/contextoanalisisperiodistico.com\/index.php\/wp-json\/wp\/v2\/posts"}],"about":[{"href":"https:\/\/contextoanalisisperiodistico.com\/index.php\/wp-json\/wp\/v2\/types\/post"}],"author":[{"embeddable":true,"href":"https:\/\/contextoanalisisperiodistico.com\/index.php\/wp-json\/wp\/v2\/users\/4"}],"replies":[{"embeddable":true,"href":"https:\/\/contextoanalisisperiodistico.com\/index.php\/wp-json\/wp\/v2\/comments?post=38115"}],"version-history":[{"count":0,"href":"https:\/\/contextoanalisisperiodistico.com\/index.php\/wp-json\/wp\/v2\/posts\/38115\/revisions"}],"wp:featuredmedia":[{"embeddable":true,"href":"https:\/\/contextoanalisisperiodistico.com\/index.php\/wp-json\/wp\/v2\/media\/38109"}],"wp:attachment":[{"href":"https:\/\/contextoanalisisperiodistico.com\/index.php\/wp-json\/wp\/v2\/media?parent=38115"}],"wp:term":[{"taxonomy":"category","embeddable":true,"href":"https:\/\/contextoanalisisperiodistico.com\/index.php\/wp-json\/wp\/v2\/categories?post=38115"},{"taxonomy":"post_tag","embeddable":true,"href":"https:\/\/contextoanalisisperiodistico.com\/index.php\/wp-json\/wp\/v2\/tags?post=38115"}],"curies":[{"name":"wp","href":"https:\/\/api.w.org\/{rel}","templated":true}]}}