{"id":38106,"date":"2025-03-05T13:50:14","date_gmt":"2025-03-05T19:50:14","guid":{"rendered":"https:\/\/contextoanalisisperiodistico.com\/index.php\/2025\/03\/05\/recibe-ceabien-flotilla-de-10-nuevas-pipas-para-enfrentar-temporada-de-estiaje\/"},"modified":"2025-03-05T13:50:14","modified_gmt":"2025-03-05T19:50:14","slug":"recibe-ceabien-flotilla-de-10-nuevas-pipas-para-enfrentar-temporada-de-estiaje","status":"publish","type":"post","link":"https:\/\/contextoanalisisperiodistico.com\/index.php\/2025\/03\/05\/recibe-ceabien-flotilla-de-10-nuevas-pipas-para-enfrentar-temporada-de-estiaje\/","title":{"rendered":"Recibe Ceabien flotilla de 10 nuevas pipas para enfrentar temporada de estiaje"},"content":{"rendered":"<div id=\"fb-root\"><\/div>\n\n<p>\u2022 Las unidades contribuir\u00e1n a distribuir el vital l\u00edquido en 9 mil tinacos y 68 hidrantes m\u00f3viles, como parte del programa \u201cAgua para Todas y Todos 2025\u201d<\/p>\n\n\n\n<figure class=\"wp-block-image size-large\"><img fetchpriority=\"high\" decoding=\"async\" width=\"1024\" height=\"682\" src=\"https:\/\/contextoanalisisperiodistico.com\/wp-content\/uploads\/2025\/03\/img-20250305-wa00622133050743120527490-1024x682.jpg\" alt=\"\" class=\"wp-image-38105\" srcset=\"https:\/\/contextoanalisisperiodistico.com\/wp-content\/uploads\/2025\/03\/img-20250305-wa00622133050743120527490-1024x682.jpg 1024w, https:\/\/contextoanalisisperiodistico.com\/wp-content\/uploads\/2025\/03\/img-20250305-wa00622133050743120527490-300x200.jpg 300w, https:\/\/contextoanalisisperiodistico.com\/wp-content\/uploads\/2025\/03\/img-20250305-wa00622133050743120527490-768x512.jpg 768w, https:\/\/contextoanalisisperiodistico.com\/wp-content\/uploads\/2025\/03\/img-20250305-wa00622133050743120527490-1536x1023.jpg 1536w, https:\/\/contextoanalisisperiodistico.com\/wp-content\/uploads\/2025\/03\/img-20250305-wa00622133050743120527490.jpg 1600w\" sizes=\"(max-width: 1024px) 100vw, 1024px\" \/><\/figure>\n\n\n\n<p>Oaxaca de Ju\u00e1rez, Oax. 5 de marzo de 2025.- En el marco del arranque del programa \u201cAgua para Todas y Todos 2025\u201d, el Gobernador Salom\u00f3n Jara Cruz entreg\u00f3 a la Comisi\u00f3n Estatal del Agua para el Bienestar (Ceabien), 10 pipas para enfrentar la temporada de estiaje y garantizar el acceso al vital l\u00edquido de las familias de la capital de Oaxaca y municipios conurbados.<\/p>\n\n\n\n<p>Durante el acto realizado en el Parque Primavera Cho Ndob\u00e1, el director general de la Ceabien, Neftal\u00ed Amigdael L\u00f3pez Hern\u00e1ndez destac\u00f3 que con estas unidades se duplica la flotilla a 20 pipas, que ser\u00e1n utilizadas para la distribuci\u00f3n de agua en los 68 hidrantes m\u00f3viles instalados en las colonias m\u00e1s marginadas, que beneficiar\u00e1n a m\u00e1s de 3 mil 400 familias.<\/p>\n\n\n\n<p>As\u00ed como de los 9 mil tinacos que el Gobierno del Estado y el municipio de Oaxaca de Ju\u00e1rez entregar\u00e1n a las familias m\u00e1s vulnerables.<\/p>\n\n\n\n<p>\u201cEsta entrega es reflejo del compromiso del Gobernador con quienes m\u00e1s lo necesitan, y muestra una estrategia integral para garantizar el acceso del vital l\u00edquido a las familias oaxaque\u00f1as\u201d, expres\u00f3.<\/p>\n\n\n\n<p>El funcionario estatal resalt\u00f3 que el programa \u201cAgua para Todas y Todos 2025\u201d, marcar\u00e1 una diferencia significativa en la calidad de vida de muchas familias.<\/p>\n\n\n\n<p>\u201cCon este gran esfuerzo, estoy convencido de que juntas y juntos, podremos construir un entorno donde el acceso al agua no sea un privilegio, sino un derecho garantizado\u201d, se\u00f1al\u00f3.<\/p>\n\n\n\n<p>Finalmente, L\u00f3pez Hern\u00e1ndez asegur\u00f3 que el acceso al agua es primordial, y no debe subestimarse, porque es fundamental para la salud, la agricultura y el desarrollo sostenible de la sociedad.<\/p>\n\n\n\n<p>-0-<\/p>\n","protected":false},"excerpt":{"rendered":"<p>\u2022 Las unidades contribuir\u00e1n a distribuir el vital l\u00edquido en 9 mil tinacos y 68&#8230;<\/p>\n","protected":false},"author":4,"featured_media":38104,"comment_status":"","ping_status":"open","sticky":false,"template":"","format":"standard","meta":{"footnotes":""},"categories":[9],"tags":[],"jetpack_sharing_enabled":true,"featured_image_urls":{"full":["https:\/\/contextoanalisisperiodistico.com\/wp-content\/uploads\/2025\/03\/IMG-20250305-WA0063.jpg",1600,1067,false],"thumbnail":["https:\/\/contextoanalisisperiodistico.com\/wp-content\/uploads\/2025\/03\/IMG-20250305-WA0063-150x150.jpg",150,150,true],"medium":["https:\/\/contextoanalisisperiodistico.com\/wp-content\/uploads\/2025\/03\/IMG-20250305-WA0063-300x200.jpg",300,200,true],"medium_large":["https:\/\/contextoanalisisperiodistico.com\/wp-content\/uploads\/2025\/03\/IMG-20250305-WA0063-768x512.jpg",640,427,true],"large":["https:\/\/contextoanalisisperiodistico.com\/wp-content\/uploads\/2025\/03\/IMG-20250305-WA0063-1024x683.jpg",640,427,true],"1536x1536":["https:\/\/contextoanalisisperiodistico.com\/wp-content\/uploads\/2025\/03\/IMG-20250305-WA0063-1536x1024.jpg",1536,1024,true],"2048x2048":["https:\/\/contextoanalisisperiodistico.com\/wp-content\/uploads\/2025\/03\/IMG-20250305-WA0063.jpg",1600,1067,false],"covernews-slider-full":["https:\/\/contextoanalisisperiodistico.com\/wp-content\/uploads\/2025\/03\/IMG-20250305-WA0063-1115x715.jpg",1115,715,true],"covernews-slider-center":["https:\/\/contextoanalisisperiodistico.com\/wp-content\/uploads\/2025\/03\/IMG-20250305-WA0063-800x500.jpg",800,500,true],"covernews-featured":["https:\/\/contextoanalisisperiodistico.com\/wp-content\/uploads\/2025\/03\/IMG-20250305-WA0063-1024x683.jpg",1024,683,true],"covernews-medium":["https:\/\/contextoanalisisperiodistico.com\/wp-content\/uploads\/2025\/03\/IMG-20250305-WA0063-540x340.jpg",540,340,true],"covernews-medium-square":["https:\/\/contextoanalisisperiodistico.com\/wp-content\/uploads\/2025\/03\/IMG-20250305-WA0063-400x250.jpg",400,250,true]},"author_info":{"display_name":"Mario Gir\u00f3n","author_link":"https:\/\/contextoanalisisperiodistico.com\/index.php\/author\/director\/"},"category_info":"<a href=\"https:\/\/contextoanalisisperiodistico.com\/index.php\/category\/politica\/\" rel=\"category tag\">Pol\u00edtica<\/a>","tag_info":"Pol\u00edtica","comment_count":"0","jetpack_featured_media_url":"https:\/\/contextoanalisisperiodistico.com\/wp-content\/uploads\/2025\/03\/IMG-20250305-WA0063.jpg","_links":{"self":[{"href":"https:\/\/contextoanalisisperiodistico.com\/index.php\/wp-json\/wp\/v2\/posts\/38106"}],"collection":[{"href":"https:\/\/contextoanalisisperiodistico.com\/index.php\/wp-json\/wp\/v2\/posts"}],"about":[{"href":"https:\/\/contextoanalisisperiodistico.com\/index.php\/wp-json\/wp\/v2\/types\/post"}],"author":[{"embeddable":true,"href":"https:\/\/contextoanalisisperiodistico.com\/index.php\/wp-json\/wp\/v2\/users\/4"}],"replies":[{"embeddable":true,"href":"https:\/\/contextoanalisisperiodistico.com\/index.php\/wp-json\/wp\/v2\/comments?post=38106"}],"version-history":[{"count":0,"href":"https:\/\/contextoanalisisperiodistico.com\/index.php\/wp-json\/wp\/v2\/posts\/38106\/revisions"}],"wp:featuredmedia":[{"embeddable":true,"href":"https:\/\/contextoanalisisperiodistico.com\/index.php\/wp-json\/wp\/v2\/media\/38104"}],"wp:attachment":[{"href":"https:\/\/contextoanalisisperiodistico.com\/index.php\/wp-json\/wp\/v2\/media?parent=38106"}],"wp:term":[{"taxonomy":"category","embeddable":true,"href":"https:\/\/contextoanalisisperiodistico.com\/index.php\/wp-json\/wp\/v2\/categories?post=38106"},{"taxonomy":"post_tag","embeddable":true,"href":"https:\/\/contextoanalisisperiodistico.com\/index.php\/wp-json\/wp\/v2\/tags?post=38106"}],"curies":[{"name":"wp","href":"https:\/\/api.w.org\/{rel}","templated":true}]}}