{"id":38103,"date":"2025-03-05T13:44:11","date_gmt":"2025-03-05T19:44:11","guid":{"rendered":"https:\/\/contextoanalisisperiodistico.com\/index.php\/2025\/03\/05\/refuerza-soapa-abastecimiento-de-agua-con-30-nuevos-hidrantes-moviles-suman-68\/"},"modified":"2025-03-05T13:44:11","modified_gmt":"2025-03-05T19:44:11","slug":"refuerza-soapa-abastecimiento-de-agua-con-30-nuevos-hidrantes-moviles-suman-68","status":"publish","type":"post","link":"https:\/\/contextoanalisisperiodistico.com\/index.php\/2025\/03\/05\/refuerza-soapa-abastecimiento-de-agua-con-30-nuevos-hidrantes-moviles-suman-68\/","title":{"rendered":"Refuerza Soapa abastecimiento de agua con 30 nuevos hidrantes m\u00f3viles, suman 68"},"content":{"rendered":"<div id=\"fb-root\"><\/div>\n\n<p>\u2022 Se beneficiar\u00e1 a 97 colonias de Oaxaca de Ju\u00e1rez, Santa Cruz Xoxocotl\u00e1n y Santa Luc\u00eda del Camino a trav\u00e9s del programa Agua para Todas y Todos<\/p>\n\n\n\n<figure class=\"wp-block-image size-large\"><img fetchpriority=\"high\" decoding=\"async\" width=\"900\" height=\"599\" src=\"https:\/\/contextoanalisisperiodistico.com\/wp-content\/uploads\/2025\/03\/img-20250305-wa00664730807259256073130.jpg\" alt=\"\" class=\"wp-image-38101\" srcset=\"https:\/\/contextoanalisisperiodistico.com\/wp-content\/uploads\/2025\/03\/img-20250305-wa00664730807259256073130.jpg 900w, https:\/\/contextoanalisisperiodistico.com\/wp-content\/uploads\/2025\/03\/img-20250305-wa00664730807259256073130-300x200.jpg 300w, https:\/\/contextoanalisisperiodistico.com\/wp-content\/uploads\/2025\/03\/img-20250305-wa00664730807259256073130-768x511.jpg 768w\" sizes=\"(max-width: 900px) 100vw, 900px\" \/><\/figure>\n\n\n\n<figure class=\"wp-block-image\"><img decoding=\"async\" width=\"300\" height=\"200\" src=\"https:\/\/contextoanalisisperiodistico.com\/wp-content\/uploads\/2025\/03\/img-20250305-wa00677556936980881770554-300x200.jpg\" alt=\"\" class=\"wp-image-38100\" srcset=\"https:\/\/contextoanalisisperiodistico.com\/wp-content\/uploads\/2025\/03\/img-20250305-wa00677556936980881770554-300x200.jpg 300w, https:\/\/contextoanalisisperiodistico.com\/wp-content\/uploads\/2025\/03\/img-20250305-wa00677556936980881770554-768x511.jpg 768w, https:\/\/contextoanalisisperiodistico.com\/wp-content\/uploads\/2025\/03\/img-20250305-wa00677556936980881770554.jpg 900w\" sizes=\"(max-width: 300px) 100vw, 300px\" \/><\/figure>\n\n\n\n<figure class=\"wp-block-image\"><img decoding=\"async\" width=\"300\" height=\"200\" src=\"https:\/\/contextoanalisisperiodistico.com\/wp-content\/uploads\/2025\/03\/img-20250305-wa00685332522892289152618-300x200.jpg\" alt=\"\" class=\"wp-image-38102\" srcset=\"https:\/\/contextoanalisisperiodistico.com\/wp-content\/uploads\/2025\/03\/img-20250305-wa00685332522892289152618-300x200.jpg 300w, https:\/\/contextoanalisisperiodistico.com\/wp-content\/uploads\/2025\/03\/img-20250305-wa00685332522892289152618-768x511.jpg 768w, https:\/\/contextoanalisisperiodistico.com\/wp-content\/uploads\/2025\/03\/img-20250305-wa00685332522892289152618.jpg 900w\" sizes=\"(max-width: 300px) 100vw, 300px\" \/><\/figure>\n\n\n\n<p>Oaxaca de Ju\u00e1rez, Oax. 5 de marzo de 2025.- Ante la temporada de estiaje, el Sistema Operador de los Servicios de Agua Potable y Alcantarillado (Soapa) puso en operaci\u00f3n la instalaci\u00f3n de los Hidrantes M\u00f3viles, los cuales aumentaron de 30 a 68 para este a\u00f1o, y estar\u00e1n ubicados en puntos estrat\u00e9gicos de los municipios de Oaxaca de Ju\u00e1rez, Santa Cruz Xoxocotl\u00e1n y Santa Luc\u00eda del Camino.<\/p>\n\n\n\n<p>Estos dep\u00f3sitos cuentan con una capacidad de 10 mil litros, con los cuales abastecer\u00e1n a 97 colonias, lo que beneficiar\u00e1 de manera directa a 3 mil 400 familias.<\/p>\n\n\n\n<p>El director de Soapa, Omar P\u00e9rez Ben\u00edtez explic\u00f3 que el llenado de estas cisternas ser\u00e1 a trav\u00e9s de pipas del organismo, de esta forma se garantiza un flujo continuo y de calidad. Adem\u00e1s, se\u00f1al\u00f3 que el recurso que se distribuir\u00e1 a trav\u00e9s de este programa cumplir\u00e1 los est\u00e1ndares sanitarios establecidos.<\/p>\n\n\n\n<p>\u201cLas y los especialistas qu\u00edmicos y bi\u00f3logos del \u00e1rea de Control de Calidad del Agua de Soapa, realizar\u00e1n un monitoreo permanente para verificar que el agua cumpla con los est\u00e1ndares sanitarios establecidos\u201d, expres\u00f3.<\/p>\n\n\n\n<p>Para evitar el desperdicio de agua potable cuando el servicio de abastecimiento de agua se realice a trav\u00e9s de la infraestructura hidr\u00e1ulica, se dot\u00f3 de seis camionetas e igual n\u00famero de brigadas de fontaner\u00eda para atender de manera eficiente y con rapidez las fugas.<\/p>\n\n\n\n<p>Esta acci\u00f3n forma parte del programa Agua para Todas y Todos, impulsado por el Gobierno del Estado, dicha estrategia es implementada desde el 2024 para garantizar el suministro del vital l\u00edquido entre la poblaci\u00f3n oaxaque\u00f1a.<\/p>\n\n\n\n<p>-0-<\/p>\n","protected":false},"excerpt":{"rendered":"<p>\u2022 Se beneficiar\u00e1 a 97 colonias de Oaxaca de Ju\u00e1rez, Santa Cruz Xoxocotl\u00e1n y Santa&#8230;<\/p>\n","protected":false},"author":4,"featured_media":38099,"comment_status":"","ping_status":"open","sticky":false,"template":"","format":"standard","meta":{"footnotes":""},"categories":[3],"tags":[],"jetpack_sharing_enabled":true,"featured_image_urls":{"full":["https:\/\/contextoanalisisperiodistico.com\/wp-content\/uploads\/2025\/03\/IMG-20250305-WA0069.jpg",900,599,false],"thumbnail":["https:\/\/contextoanalisisperiodistico.com\/wp-content\/uploads\/2025\/03\/IMG-20250305-WA0069-150x150.jpg",150,150,true],"medium":["https:\/\/contextoanalisisperiodistico.com\/wp-content\/uploads\/2025\/03\/IMG-20250305-WA0069-300x200.jpg",300,200,true],"medium_large":["https:\/\/contextoanalisisperiodistico.com\/wp-content\/uploads\/2025\/03\/IMG-20250305-WA0069-768x511.jpg",640,426,true],"large":["https:\/\/contextoanalisisperiodistico.com\/wp-content\/uploads\/2025\/03\/IMG-20250305-WA0069.jpg",640,426,false],"1536x1536":["https:\/\/contextoanalisisperiodistico.com\/wp-content\/uploads\/2025\/03\/IMG-20250305-WA0069.jpg",900,599,false],"2048x2048":["https:\/\/contextoanalisisperiodistico.com\/wp-content\/uploads\/2025\/03\/IMG-20250305-WA0069.jpg",900,599,false],"covernews-slider-full":["https:\/\/contextoanalisisperiodistico.com\/wp-content\/uploads\/2025\/03\/IMG-20250305-WA0069.jpg",900,599,false],"covernews-slider-center":["https:\/\/contextoanalisisperiodistico.com\/wp-content\/uploads\/2025\/03\/IMG-20250305-WA0069-800x500.jpg",800,500,true],"covernews-featured":["https:\/\/contextoanalisisperiodistico.com\/wp-content\/uploads\/2025\/03\/IMG-20250305-WA0069.jpg",900,599,false],"covernews-medium":["https:\/\/contextoanalisisperiodistico.com\/wp-content\/uploads\/2025\/03\/IMG-20250305-WA0069-540x340.jpg",540,340,true],"covernews-medium-square":["https:\/\/contextoanalisisperiodistico.com\/wp-content\/uploads\/2025\/03\/IMG-20250305-WA0069-400x250.jpg",400,250,true]},"author_info":{"display_name":"Mario Gir\u00f3n","author_link":"https:\/\/contextoanalisisperiodistico.com\/index.php\/author\/director\/"},"category_info":"<a href=\"https:\/\/contextoanalisisperiodistico.com\/index.php\/category\/ciudad\/\" rel=\"category tag\">Ciudad<\/a>","tag_info":"Ciudad","comment_count":"0","jetpack_featured_media_url":"https:\/\/contextoanalisisperiodistico.com\/wp-content\/uploads\/2025\/03\/IMG-20250305-WA0069.jpg","_links":{"self":[{"href":"https:\/\/contextoanalisisperiodistico.com\/index.php\/wp-json\/wp\/v2\/posts\/38103"}],"collection":[{"href":"https:\/\/contextoanalisisperiodistico.com\/index.php\/wp-json\/wp\/v2\/posts"}],"about":[{"href":"https:\/\/contextoanalisisperiodistico.com\/index.php\/wp-json\/wp\/v2\/types\/post"}],"author":[{"embeddable":true,"href":"https:\/\/contextoanalisisperiodistico.com\/index.php\/wp-json\/wp\/v2\/users\/4"}],"replies":[{"embeddable":true,"href":"https:\/\/contextoanalisisperiodistico.com\/index.php\/wp-json\/wp\/v2\/comments?post=38103"}],"version-history":[{"count":0,"href":"https:\/\/contextoanalisisperiodistico.com\/index.php\/wp-json\/wp\/v2\/posts\/38103\/revisions"}],"wp:featuredmedia":[{"embeddable":true,"href":"https:\/\/contextoanalisisperiodistico.com\/index.php\/wp-json\/wp\/v2\/media\/38099"}],"wp:attachment":[{"href":"https:\/\/contextoanalisisperiodistico.com\/index.php\/wp-json\/wp\/v2\/media?parent=38103"}],"wp:term":[{"taxonomy":"category","embeddable":true,"href":"https:\/\/contextoanalisisperiodistico.com\/index.php\/wp-json\/wp\/v2\/categories?post=38103"},{"taxonomy":"post_tag","embeddable":true,"href":"https:\/\/contextoanalisisperiodistico.com\/index.php\/wp-json\/wp\/v2\/tags?post=38103"}],"curies":[{"name":"wp","href":"https:\/\/api.w.org\/{rel}","templated":true}]}}