{"id":38073,"date":"2025-03-04T18:46:09","date_gmt":"2025-03-05T00:46:09","guid":{"rendered":"https:\/\/contextoanalisisperiodistico.com\/index.php\/2025\/03\/04\/impulsa-coesida-capasits-prevencion-de-vih-e-its-en-30-municipios-de-oaxaca\/"},"modified":"2025-03-04T18:46:09","modified_gmt":"2025-03-05T00:46:09","slug":"impulsa-coesida-capasits-prevencion-de-vih-e-its-en-30-municipios-de-oaxaca","status":"publish","type":"post","link":"https:\/\/contextoanalisisperiodistico.com\/index.php\/2025\/03\/04\/impulsa-coesida-capasits-prevencion-de-vih-e-its-en-30-municipios-de-oaxaca\/","title":{"rendered":"Impulsa Coesida-CAPASITS prevenci\u00f3n de VIH e ITS en 30 municipios de Oaxaca"},"content":{"rendered":"<div id=\"fb-root\"><\/div>\n\n<p>\u2022 Esta acci\u00f3n se implementa en el marco de la firma de convenios de colaboraci\u00f3n realizados con las localidades<\/p>\n\n\n\n\n\n<figure class=\"wp-block-image size-large\"><img fetchpriority=\"high\" decoding=\"async\" width=\"1024\" height=\"575\" src=\"https:\/\/contextoanalisisperiodistico.com\/wp-content\/uploads\/2025\/03\/img-20250304-wa0142220814439720887490-1024x575.jpg\" alt=\"\" class=\"wp-image-38069\" srcset=\"https:\/\/contextoanalisisperiodistico.com\/wp-content\/uploads\/2025\/03\/img-20250304-wa0142220814439720887490-1024x575.jpg 1024w, https:\/\/contextoanalisisperiodistico.com\/wp-content\/uploads\/2025\/03\/img-20250304-wa0142220814439720887490-300x168.jpg 300w, https:\/\/contextoanalisisperiodistico.com\/wp-content\/uploads\/2025\/03\/img-20250304-wa0142220814439720887490-768x431.jpg 768w, https:\/\/contextoanalisisperiodistico.com\/wp-content\/uploads\/2025\/03\/img-20250304-wa0142220814439720887490-1536x862.jpg 1536w, https:\/\/contextoanalisisperiodistico.com\/wp-content\/uploads\/2025\/03\/img-20250304-wa0142220814439720887490.jpg 1600w\" sizes=\"(max-width: 1024px) 100vw, 1024px\" \/><\/figure>\n\n\n\n<figure class=\"wp-block-image\"><img decoding=\"async\" width=\"1024\" height=\"588\" src=\"https:\/\/contextoanalisisperiodistico.com\/wp-content\/uploads\/2025\/03\/img-20250304-wa01408799293737296145751-1024x588.jpg\" alt=\"\" class=\"wp-image-38071\" srcset=\"https:\/\/contextoanalisisperiodistico.com\/wp-content\/uploads\/2025\/03\/img-20250304-wa01408799293737296145751-1024x588.jpg 1024w, https:\/\/contextoanalisisperiodistico.com\/wp-content\/uploads\/2025\/03\/img-20250304-wa01408799293737296145751-300x172.jpg 300w, https:\/\/contextoanalisisperiodistico.com\/wp-content\/uploads\/2025\/03\/img-20250304-wa01408799293737296145751-768x441.jpg 768w, https:\/\/contextoanalisisperiodistico.com\/wp-content\/uploads\/2025\/03\/img-20250304-wa01408799293737296145751-1536x881.jpg 1536w, https:\/\/contextoanalisisperiodistico.com\/wp-content\/uploads\/2025\/03\/img-20250304-wa01408799293737296145751.jpg 1600w\" sizes=\"(max-width: 1024px) 100vw, 1024px\" \/><\/figure>\n\n\n\n<figure class=\"wp-block-image\"><img decoding=\"async\" width=\"1024\" height=\"575\" src=\"https:\/\/contextoanalisisperiodistico.com\/wp-content\/uploads\/2025\/03\/img-20250304-wa01391973928155768389785-1024x575.jpg\" alt=\"\" class=\"wp-image-38070\" srcset=\"https:\/\/contextoanalisisperiodistico.com\/wp-content\/uploads\/2025\/03\/img-20250304-wa01391973928155768389785-1024x575.jpg 1024w, https:\/\/contextoanalisisperiodistico.com\/wp-content\/uploads\/2025\/03\/img-20250304-wa01391973928155768389785-300x168.jpg 300w, https:\/\/contextoanalisisperiodistico.com\/wp-content\/uploads\/2025\/03\/img-20250304-wa01391973928155768389785-768x431.jpg 768w, https:\/\/contextoanalisisperiodistico.com\/wp-content\/uploads\/2025\/03\/img-20250304-wa01391973928155768389785-1536x862.jpg 1536w, https:\/\/contextoanalisisperiodistico.com\/wp-content\/uploads\/2025\/03\/img-20250304-wa01391973928155768389785.jpg 1600w\" sizes=\"(max-width: 1024px) 100vw, 1024px\" \/><\/figure>\n\n\n\n<figure class=\"wp-block-image\"><img loading=\"lazy\" decoding=\"async\" width=\"1024\" height=\"575\" src=\"https:\/\/contextoanalisisperiodistico.com\/wp-content\/uploads\/2025\/03\/img-20250304-wa01388244187059212069520-1024x575.jpg\" alt=\"\" class=\"wp-image-38072\" srcset=\"https:\/\/contextoanalisisperiodistico.com\/wp-content\/uploads\/2025\/03\/img-20250304-wa01388244187059212069520-1024x575.jpg 1024w, https:\/\/contextoanalisisperiodistico.com\/wp-content\/uploads\/2025\/03\/img-20250304-wa01388244187059212069520-300x168.jpg 300w, https:\/\/contextoanalisisperiodistico.com\/wp-content\/uploads\/2025\/03\/img-20250304-wa01388244187059212069520-768x431.jpg 768w, https:\/\/contextoanalisisperiodistico.com\/wp-content\/uploads\/2025\/03\/img-20250304-wa01388244187059212069520-1536x862.jpg 1536w, https:\/\/contextoanalisisperiodistico.com\/wp-content\/uploads\/2025\/03\/img-20250304-wa01388244187059212069520.jpg 1600w\" sizes=\"(max-width: 1024px) 100vw, 1024px\" \/><\/figure>\n\n\n\n<p>San Bartolo Coyotepec, Oax. 4 de marzo de 2025.- El Consejo Estatal para la Prevenci\u00f3n y Control del Sida (Coesida) y el Centro Ambulatorio para la Prevenci\u00f3n y Atenci\u00f3n del Sida e Infecciones de Transmisi\u00f3n Sexual (CAPASITS), capacitaron a 30 autoridades municipales sobre acciones de prevenci\u00f3n del Virus de Inmunodeficiencia Humana (VIH) y las Infecciones de Transmisi\u00f3n Sexual (ITS).<\/p>\n\n\n\n<p>En esta actividad que se llev\u00f3 a cabo los d\u00edas 3 y 4 de marzo en la Facultad de Odontolog\u00eda de la Universidad Aut\u00f3noma Benito Ju\u00e1rez de Oaxaca, participaron ponentes del Departamento de Capacitaci\u00f3n de la dependencia, como son personas jur\u00eddicas, psic\u00f3logas, enfermeras y m\u00e9dicas.<\/p>\n\n\n\n<p>La directora general del Coesida, Itayetzin Medina Hern\u00e1ndez destac\u00f3 que esta acci\u00f3n se implementa en el marco de la firma de convenios de colaboraci\u00f3n realizados con 30 municipios del estado, para reforzar las acciones de prevenci\u00f3n con capacitaciones, pruebas r\u00e1pidas y condones en cada una de las localidades.<\/p>\n\n\n\n<p>Entre los temas impartidos destacan: Toma de Pruebas r\u00e1pidas de Detecci\u00f3n; Consejer\u00eda Psicol\u00f3gica en materia de VIH e ITS; Base de datos de VIH, S\u00edfilis y VHC y Nom 010-2023 (Norma Oficial Mexicana de Salud en Atenci\u00f3n a VIH).<\/p>\n\n\n\n<p>Algunos de los municipios que participaron son: Oaxaca de Ju\u00e1rez, Uni\u00f3n Hidalgo, Villa Sola de Vega, Asunci\u00f3n Ixtaltepec, El Espinal, Santa Mar\u00eda Huatulco, Asunci\u00f3n Nochixtl\u00e1n, San Francisco Telixtlahuaca, San Pedro Comitancillo, entre otros.<\/p>\n\n\n\n<p>Con estas acciones, el Gobierno de la Primavera Oaxaque\u00f1a reafirma su compromiso con la atenci\u00f3n y prevenci\u00f3n de las enfermedades de transmisi\u00f3n sexual.<\/p>\n\n\n\n<p>-0-<\/p>\n","protected":false},"excerpt":{"rendered":"<p>\u2022 Esta acci\u00f3n se implementa en el marco de la firma de convenios de colaboraci\u00f3n&#8230;<\/p>\n","protected":false},"author":4,"featured_media":38068,"comment_status":"","ping_status":"open","sticky":false,"template":"","format":"standard","meta":{"footnotes":""},"categories":[92],"tags":[],"jetpack_sharing_enabled":true,"featured_image_urls":{"full":["https:\/\/contextoanalisisperiodistico.com\/wp-content\/uploads\/2025\/03\/IMG-20250304-WA0141.jpg",1600,1066,false],"thumbnail":["https:\/\/contextoanalisisperiodistico.com\/wp-content\/uploads\/2025\/03\/IMG-20250304-WA0141-150x150.jpg",150,150,true],"medium":["https:\/\/contextoanalisisperiodistico.com\/wp-content\/uploads\/2025\/03\/IMG-20250304-WA0141-300x200.jpg",300,200,true],"medium_large":["https:\/\/contextoanalisisperiodistico.com\/wp-content\/uploads\/2025\/03\/IMG-20250304-WA0141-768x512.jpg",640,427,true],"large":["https:\/\/contextoanalisisperiodistico.com\/wp-content\/uploads\/2025\/03\/IMG-20250304-WA0141-1024x682.jpg",640,426,true],"1536x1536":["https:\/\/contextoanalisisperiodistico.com\/wp-content\/uploads\/2025\/03\/IMG-20250304-WA0141-1536x1023.jpg",1536,1023,true],"2048x2048":["https:\/\/contextoanalisisperiodistico.com\/wp-content\/uploads\/2025\/03\/IMG-20250304-WA0141.jpg",1600,1066,false],"covernews-slider-full":["https:\/\/contextoanalisisperiodistico.com\/wp-content\/uploads\/2025\/03\/IMG-20250304-WA0141-1115x715.jpg",1115,715,true],"covernews-slider-center":["https:\/\/contextoanalisisperiodistico.com\/wp-content\/uploads\/2025\/03\/IMG-20250304-WA0141-800x500.jpg",800,500,true],"covernews-featured":["https:\/\/contextoanalisisperiodistico.com\/wp-content\/uploads\/2025\/03\/IMG-20250304-WA0141-1024x682.jpg",1024,682,true],"covernews-medium":["https:\/\/contextoanalisisperiodistico.com\/wp-content\/uploads\/2025\/03\/IMG-20250304-WA0141-540x340.jpg",540,340,true],"covernews-medium-square":["https:\/\/contextoanalisisperiodistico.com\/wp-content\/uploads\/2025\/03\/IMG-20250304-WA0141-400x250.jpg",400,250,true]},"author_info":{"display_name":"Mario Gir\u00f3n","author_link":"https:\/\/contextoanalisisperiodistico.com\/index.php\/author\/director\/"},"category_info":"<a href=\"https:\/\/contextoanalisisperiodistico.com\/index.php\/category\/salud\/\" rel=\"category tag\">Salud<\/a>","tag_info":"Salud","comment_count":"0","jetpack_featured_media_url":"https:\/\/contextoanalisisperiodistico.com\/wp-content\/uploads\/2025\/03\/IMG-20250304-WA0141.jpg","_links":{"self":[{"href":"https:\/\/contextoanalisisperiodistico.com\/index.php\/wp-json\/wp\/v2\/posts\/38073"}],"collection":[{"href":"https:\/\/contextoanalisisperiodistico.com\/index.php\/wp-json\/wp\/v2\/posts"}],"about":[{"href":"https:\/\/contextoanalisisperiodistico.com\/index.php\/wp-json\/wp\/v2\/types\/post"}],"author":[{"embeddable":true,"href":"https:\/\/contextoanalisisperiodistico.com\/index.php\/wp-json\/wp\/v2\/users\/4"}],"replies":[{"embeddable":true,"href":"https:\/\/contextoanalisisperiodistico.com\/index.php\/wp-json\/wp\/v2\/comments?post=38073"}],"version-history":[{"count":0,"href":"https:\/\/contextoanalisisperiodistico.com\/index.php\/wp-json\/wp\/v2\/posts\/38073\/revisions"}],"wp:featuredmedia":[{"embeddable":true,"href":"https:\/\/contextoanalisisperiodistico.com\/index.php\/wp-json\/wp\/v2\/media\/38068"}],"wp:attachment":[{"href":"https:\/\/contextoanalisisperiodistico.com\/index.php\/wp-json\/wp\/v2\/media?parent=38073"}],"wp:term":[{"taxonomy":"category","embeddable":true,"href":"https:\/\/contextoanalisisperiodistico.com\/index.php\/wp-json\/wp\/v2\/categories?post=38073"},{"taxonomy":"post_tag","embeddable":true,"href":"https:\/\/contextoanalisisperiodistico.com\/index.php\/wp-json\/wp\/v2\/tags?post=38073"}],"curies":[{"name":"wp","href":"https:\/\/api.w.org\/{rel}","templated":true}]}}