{"id":38058,"date":"2025-03-04T17:06:58","date_gmt":"2025-03-04T23:06:58","guid":{"rendered":"https:\/\/contextoanalisisperiodistico.com\/index.php\/2025\/03\/04\/luz-verde-al-pago-del-retroactivo-del-incremento-salarial-2024-a-sindicalizados-cobao\/"},"modified":"2025-03-04T17:10:24","modified_gmt":"2025-03-04T23:10:24","slug":"luz-verde-al-pago-del-retroactivo-del-incremento-salarial-2024-a-sindicalizados-cobao","status":"publish","type":"post","link":"https:\/\/contextoanalisisperiodistico.com\/index.php\/2025\/03\/04\/luz-verde-al-pago-del-retroactivo-del-incremento-salarial-2024-a-sindicalizados-cobao\/","title":{"rendered":"Luz verde al pago del retroactivo del incremento salarial 2024 a sindicalizados COBAO"},"content":{"rendered":"<div id=\"fb-root\"><\/div>\n\n<p>*Con amplio sentido de responsabilidad, en materia de gesti\u00f3n administrativa, la MTRA y directora del Sistema Educativo en menci\u00f3n, Ang\u00e9lica Garc\u00eda P\u00e9rez, destac\u00f3 el hecho, el logro, destrabar, nacionalmente, el pago de un concepto de vital importancia para la clase trabajadora.<\/p>\n\n\n\n<p>Mario GIR\u00d3N<\/p>\n\n\n\n<p>El Colegio de Bachilleres del Estado de Oaxaca (COBAO) ofrece buenas noticias econ\u00f3micas que estaban esperando conocer trabajadores de base:<br \/>La directora del COBAO, uno de los mejores sistemas de calidad en materia de educaci\u00f3n media superior, La MTRA Ang\u00e9lica Garc\u00eda P\u00e9rez, inform\u00f3 que, con \u00e9xito, logr\u00f3 gestionarse el pago del retroactivo del incremento salarial 2024.<\/p>\n\n\n\n<p>Lo importante, subray\u00f3 a trav\u00e9s de un comunicado oficial, la directora del sistema educativo COBAO, la MTRA Garc\u00eda P\u00e9rez, es que el pago tiene como l\u00edmite de dispersi\u00f3n el 14 de marzo del presente a\u00f1o.<\/p>\n\n\n\n<p>Al agradecer y reconocer el compromiso y dedicaci\u00f3n de los trabajadores de base en beneficio de la educaci\u00f3n de la juventud oaxaque\u00f1a, la MTRA Ang\u00e9lica Garc\u00eda P\u00e9rez los exhort\u00f3 a continuar con dedicaci\u00f3n sus labores por el bien de los estudiantes y la sociedad Oaxaque\u00f1a.<\/p>\n\n\n\n<figure class=\"wp-block-image size-large\"><img fetchpriority=\"high\" decoding=\"async\" width=\"720\" height=\"729\" src=\"https:\/\/contextoanalisisperiodistico.com\/wp-content\/uploads\/2025\/03\/img_20250304_1656593547841530178368410.jpg\" alt=\"\" class=\"wp-image-38056\" srcset=\"https:\/\/contextoanalisisperiodistico.com\/wp-content\/uploads\/2025\/03\/img_20250304_1656593547841530178368410.jpg 720w, https:\/\/contextoanalisisperiodistico.com\/wp-content\/uploads\/2025\/03\/img_20250304_1656593547841530178368410-296x300.jpg 296w\" sizes=\"(max-width: 720px) 100vw, 720px\" \/><\/figure>\n\n\n\n<figure class=\"wp-block-image\"><img decoding=\"async\" width=\"268\" height=\"300\" src=\"https:\/\/contextoanalisisperiodistico.com\/wp-content\/uploads\/2025\/03\/img_20250304_1658033852995829221546548-268x300.jpg\" alt=\"\" class=\"wp-image-38057\" srcset=\"https:\/\/contextoanalisisperiodistico.com\/wp-content\/uploads\/2025\/03\/img_20250304_1658033852995829221546548-268x300.jpg 268w, https:\/\/contextoanalisisperiodistico.com\/wp-content\/uploads\/2025\/03\/img_20250304_1658033852995829221546548.jpg 631w\" sizes=\"(max-width: 268px) 100vw, 268px\" \/><\/figure>\n","protected":false},"excerpt":{"rendered":"<p>*Con amplio sentido de responsabilidad, en materia de gesti\u00f3n administrativa, la MTRA y directora del&#8230;<\/p>\n","protected":false},"author":4,"featured_media":38055,"comment_status":"closed","ping_status":"open","sticky":false,"template":"","format":"standard","meta":{"footnotes":""},"categories":[9],"tags":[262,266,264,265],"jetpack_sharing_enabled":true,"featured_image_urls":{"full":["https:\/\/contextoanalisisperiodistico.com\/wp-content\/uploads\/2025\/03\/IMG_20250304_165630.jpg",288,381,false],"thumbnail":["https:\/\/contextoanalisisperiodistico.com\/wp-content\/uploads\/2025\/03\/IMG_20250304_165630-150x150.jpg",150,150,true],"medium":["https:\/\/contextoanalisisperiodistico.com\/wp-content\/uploads\/2025\/03\/IMG_20250304_165630-227x300.jpg",227,300,true],"medium_large":["https:\/\/contextoanalisisperiodistico.com\/wp-content\/uploads\/2025\/03\/IMG_20250304_165630.jpg",288,381,false],"large":["https:\/\/contextoanalisisperiodistico.com\/wp-content\/uploads\/2025\/03\/IMG_20250304_165630.jpg",288,381,false],"1536x1536":["https:\/\/contextoanalisisperiodistico.com\/wp-content\/uploads\/2025\/03\/IMG_20250304_165630.jpg",288,381,false],"2048x2048":["https:\/\/contextoanalisisperiodistico.com\/wp-content\/uploads\/2025\/03\/IMG_20250304_165630.jpg",288,381,false],"covernews-slider-full":["https:\/\/contextoanalisisperiodistico.com\/wp-content\/uploads\/2025\/03\/IMG_20250304_165630.jpg",288,381,false],"covernews-slider-center":["https:\/\/contextoanalisisperiodistico.com\/wp-content\/uploads\/2025\/03\/IMG_20250304_165630.jpg",288,381,false],"covernews-featured":["https:\/\/contextoanalisisperiodistico.com\/wp-content\/uploads\/2025\/03\/IMG_20250304_165630.jpg",288,381,false],"covernews-medium":["https:\/\/contextoanalisisperiodistico.com\/wp-content\/uploads\/2025\/03\/IMG_20250304_165630-288x340.jpg",288,340,true],"covernews-medium-square":["https:\/\/contextoanalisisperiodistico.com\/wp-content\/uploads\/2025\/03\/IMG_20250304_165630-288x250.jpg",288,250,true]},"author_info":{"display_name":"Mario Gir\u00f3n","author_link":"https:\/\/contextoanalisisperiodistico.com\/index.php\/author\/director\/"},"category_info":"<a href=\"https:\/\/contextoanalisisperiodistico.com\/index.php\/category\/politica\/\" rel=\"category tag\">Pol\u00edtica<\/a>","tag_info":"Pol\u00edtica","comment_count":"0","jetpack_featured_media_url":"https:\/\/contextoanalisisperiodistico.com\/wp-content\/uploads\/2025\/03\/IMG_20250304_165630.jpg","_links":{"self":[{"href":"https:\/\/contextoanalisisperiodistico.com\/index.php\/wp-json\/wp\/v2\/posts\/38058"}],"collection":[{"href":"https:\/\/contextoanalisisperiodistico.com\/index.php\/wp-json\/wp\/v2\/posts"}],"about":[{"href":"https:\/\/contextoanalisisperiodistico.com\/index.php\/wp-json\/wp\/v2\/types\/post"}],"author":[{"embeddable":true,"href":"https:\/\/contextoanalisisperiodistico.com\/index.php\/wp-json\/wp\/v2\/users\/4"}],"replies":[{"embeddable":true,"href":"https:\/\/contextoanalisisperiodistico.com\/index.php\/wp-json\/wp\/v2\/comments?post=38058"}],"version-history":[{"count":1,"href":"https:\/\/contextoanalisisperiodistico.com\/index.php\/wp-json\/wp\/v2\/posts\/38058\/revisions"}],"predecessor-version":[{"id":38059,"href":"https:\/\/contextoanalisisperiodistico.com\/index.php\/wp-json\/wp\/v2\/posts\/38058\/revisions\/38059"}],"wp:featuredmedia":[{"embeddable":true,"href":"https:\/\/contextoanalisisperiodistico.com\/index.php\/wp-json\/wp\/v2\/media\/38055"}],"wp:attachment":[{"href":"https:\/\/contextoanalisisperiodistico.com\/index.php\/wp-json\/wp\/v2\/media?parent=38058"}],"wp:term":[{"taxonomy":"category","embeddable":true,"href":"https:\/\/contextoanalisisperiodistico.com\/index.php\/wp-json\/wp\/v2\/categories?post=38058"},{"taxonomy":"post_tag","embeddable":true,"href":"https:\/\/contextoanalisisperiodistico.com\/index.php\/wp-json\/wp\/v2\/tags?post=38058"}],"curies":[{"name":"wp","href":"https:\/\/api.w.org\/{rel}","templated":true}]}}