{"id":38044,"date":"2025-03-04T13:58:28","date_gmt":"2025-03-04T19:58:28","guid":{"rendered":"https:\/\/contextoanalisisperiodistico.com\/index.php\/2025\/03\/04\/mujeres-de-la-primavera-el-programa-de-salomon-jara-para-inclusion-economica-y-productiva-de-oaxaquenas\/"},"modified":"2025-03-04T13:58:28","modified_gmt":"2025-03-04T19:58:28","slug":"mujeres-de-la-primavera-el-programa-de-salomon-jara-para-inclusion-economica-y-productiva-de-oaxaquenas","status":"publish","type":"post","link":"https:\/\/contextoanalisisperiodistico.com\/index.php\/2025\/03\/04\/mujeres-de-la-primavera-el-programa-de-salomon-jara-para-inclusion-economica-y-productiva-de-oaxaquenas\/","title":{"rendered":"Mujeres de la Primavera, el programa de Salom\u00f3n Jara para inclusi\u00f3n econ\u00f3mica y productiva de oaxaque\u00f1as"},"content":{"rendered":"<div id=\"fb-root\"><\/div>\n\n<p>\u2022 A trav\u00e9s de esta iniciativa, el Gobierno de Oaxaca beneficiar\u00e1 a 9 mil 500 mujeres trabajadoras por cuenta propia con ingresos menores a los de un hogar en pobreza extrema<\/p>\n\n\n\n<figure class=\"wp-block-image size-large\"><img fetchpriority=\"high\" decoding=\"async\" width=\"1024\" height=\"682\" src=\"https:\/\/contextoanalisisperiodistico.com\/wp-content\/uploads\/2025\/03\/img-20250304-wa00376224242517471478530-1024x682.jpg\" alt=\"\" class=\"wp-image-38043\" srcset=\"https:\/\/contextoanalisisperiodistico.com\/wp-content\/uploads\/2025\/03\/img-20250304-wa00376224242517471478530-1024x682.jpg 1024w, https:\/\/contextoanalisisperiodistico.com\/wp-content\/uploads\/2025\/03\/img-20250304-wa00376224242517471478530-300x200.jpg 300w, https:\/\/contextoanalisisperiodistico.com\/wp-content\/uploads\/2025\/03\/img-20250304-wa00376224242517471478530-768x512.jpg 768w, https:\/\/contextoanalisisperiodistico.com\/wp-content\/uploads\/2025\/03\/img-20250304-wa00376224242517471478530-1536x1023.jpg 1536w, https:\/\/contextoanalisisperiodistico.com\/wp-content\/uploads\/2025\/03\/img-20250304-wa00376224242517471478530.jpg 1600w\" sizes=\"(max-width: 1024px) 100vw, 1024px\" \/><\/figure>\n\n\n\n<p>\u2022 Destinar\u00e1 50 millones de pesos para el otorgamiento de microcr\u00e9ditos de 5 mil pesos con tasa de inter\u00e9s del 0 por ciento y un plazo de recuperaci\u00f3n de seis meses<\/p>\n\n\n\n<p>Santa Cruz Xoxocotl\u00e1n, Oax. 4 de marzo de 2025. Como parte de una pol\u00edtica social incluyente que respalda a las emprendedoras, el Gobierno de Oaxaca que encabeza el Gobernador Salom\u00f3n Jara Cruz present\u00f3 el programa para el bienestar Mujeres de la Primavera, iniciativa encaminada a contribuir al autoempleo de 9 mil 500 mujeres con el otorgamiento de microcr\u00e9ditos.<\/p>\n\n\n\n<p>Esta acci\u00f3n que arranca en el marco del D\u00eda Internacional de la Mujer, el 8 de marzo; permitir\u00e1 fortalecer los emprendimientos y proyectos de este sector, otorgando microcr\u00e9ditos de 5 mil pesos con tasa de inter\u00e9s del 0 por ciento.<\/p>\n\n\n\n<p>En conferencia de prensa, el Mandatario estatal refrend\u00f3 su compromiso con el desarrollo y bienestar de los grupos prioritarios, para lo cual a inicios del a\u00f1o anunci\u00f3 un presupuesto hist\u00f3rico de 4 mil 491 millones de pesos, para la puesta en marcha de nueve programas sociales, incluido este esquema de apoyo destinado a mujeres a trav\u00e9s de cr\u00e9ditos a la palabra.<\/p>\n\n\n\n<p>De esta manera, se\u00f1al\u00f3 que \u201ctodos los programas se otorgan de manera directa, sin personas intermediarias, para que nadie se quede atr\u00e1s y nadie se quede fuera\u201d.<\/p>\n\n\n\n<p>A trav\u00e9s de la Secretar\u00eda de Bienestar, Tequio e Inclusi\u00f3n (Sebienti), el Gobierno de Oaxaca destinar\u00e1 al programa Mujeres de la Primavera una inversi\u00f3n de 50 millones de pesos, con el objetivo de fortalecer la inclusi\u00f3n econ\u00f3mica y productiva de las mujeres de 18 a 62 a\u00f1os de edad.<\/p>\n\n\n\n<p>Durante la presentaci\u00f3n de este programa, la titular de la Sebienti, Vilma Mart\u00ednez Cort\u00e9s se\u00f1al\u00f3 que esta administraci\u00f3n reconoce a las mujeres como parte fundamental de la transformaci\u00f3n de Oaxaca, y estas acciones buscan cambiar la realidad de las pr\u00f3ximas generaciones, forjando un futuro lleno de oportunidades.<\/p>\n\n\n\n<p>\u201cEl Gobierno de la Primavera Oaxaque\u00f1a mantiene el firme prop\u00f3sito de transformar la realidad de las oaxaque\u00f1as, un compromiso que se ha mantenido en esta administraci\u00f3n a cargo del Gobernador Salom\u00f3n jara Cruz\u201d, afirm\u00f3.<\/p>\n\n\n\n<p>De esta manera, detall\u00f3 que el programa Mujeres de la Primavera beneficiar\u00e1 a las mexicanas, residentes en el estado de Oaxaca, trabajadoras por cuenta propia con ingresos menores a los de un hogar en pobreza extrema.<\/p>\n\n\n\n<p>Los microcr\u00e9ditos de 5 mil pesos se otorgar\u00e1n con un plazo de recuperaci\u00f3n de seis meses, incluyendo un mes de gracia para realizar el primer pago mediante abonos mensuales de mil pesos.<\/p>\n\n\n\n<p>Mujeres de la Primavera tendr\u00e1 abierta su convocatoria del 8 de marzo al 31 de julio, y las interesadas deber\u00e1n presentar en los M\u00f3dulos Bienestar: solicitud de microcr\u00e9dito, carta compromiso, cuestionario socioecon\u00f3mico, carta de aceptaci\u00f3n y manifestaci\u00f3n de ingresos del aval.<\/p>\n\n\n\n<p>Tambi\u00e9n, acta de nacimiento, Clave \u00danica de Registro de Poblaci\u00f3n (CURP) certificada con la leyenda: verificada con el Registro Civil; credencial para votar vigente y comprobante de domicilio no mayor a tres meses.<\/p>\n\n\n\n<p>Cabe destacar que para llegar a las mujeres de todas las regiones, la Sebienti desplegar\u00e1 su equipo de trabajo para realizar los registros.<\/p>\n\n\n\n<p>-0-<\/p>\n","protected":false},"excerpt":{"rendered":"<p>\u2022 A trav\u00e9s de esta iniciativa, el Gobierno de Oaxaca beneficiar\u00e1 a 9 mil 500&#8230;<\/p>\n","protected":false},"author":4,"featured_media":38042,"comment_status":"","ping_status":"open","sticky":false,"template":"","format":"standard","meta":{"footnotes":""},"categories":[9],"tags":[],"jetpack_sharing_enabled":true,"featured_image_urls":{"full":["https:\/\/contextoanalisisperiodistico.com\/wp-content\/uploads\/2025\/03\/IMG-20250304-WA0036.jpg",1600,1066,false],"thumbnail":["https:\/\/contextoanalisisperiodistico.com\/wp-content\/uploads\/2025\/03\/IMG-20250304-WA0036-150x150.jpg",150,150,true],"medium":["https:\/\/contextoanalisisperiodistico.com\/wp-content\/uploads\/2025\/03\/IMG-20250304-WA0036-300x200.jpg",300,200,true],"medium_large":["https:\/\/contextoanalisisperiodistico.com\/wp-content\/uploads\/2025\/03\/IMG-20250304-WA0036-768x512.jpg",640,427,true],"large":["https:\/\/contextoanalisisperiodistico.com\/wp-content\/uploads\/2025\/03\/IMG-20250304-WA0036-1024x682.jpg",640,426,true],"1536x1536":["https:\/\/contextoanalisisperiodistico.com\/wp-content\/uploads\/2025\/03\/IMG-20250304-WA0036-1536x1023.jpg",1536,1023,true],"2048x2048":["https:\/\/contextoanalisisperiodistico.com\/wp-content\/uploads\/2025\/03\/IMG-20250304-WA0036.jpg",1600,1066,false],"covernews-slider-full":["https:\/\/contextoanalisisperiodistico.com\/wp-content\/uploads\/2025\/03\/IMG-20250304-WA0036-1115x715.jpg",1115,715,true],"covernews-slider-center":["https:\/\/contextoanalisisperiodistico.com\/wp-content\/uploads\/2025\/03\/IMG-20250304-WA0036-800x500.jpg",800,500,true],"covernews-featured":["https:\/\/contextoanalisisperiodistico.com\/wp-content\/uploads\/2025\/03\/IMG-20250304-WA0036-1024x682.jpg",1024,682,true],"covernews-medium":["https:\/\/contextoanalisisperiodistico.com\/wp-content\/uploads\/2025\/03\/IMG-20250304-WA0036-540x340.jpg",540,340,true],"covernews-medium-square":["https:\/\/contextoanalisisperiodistico.com\/wp-content\/uploads\/2025\/03\/IMG-20250304-WA0036-400x250.jpg",400,250,true]},"author_info":{"display_name":"Mario Gir\u00f3n","author_link":"https:\/\/contextoanalisisperiodistico.com\/index.php\/author\/director\/"},"category_info":"<a href=\"https:\/\/contextoanalisisperiodistico.com\/index.php\/category\/politica\/\" rel=\"category tag\">Pol\u00edtica<\/a>","tag_info":"Pol\u00edtica","comment_count":"0","jetpack_featured_media_url":"https:\/\/contextoanalisisperiodistico.com\/wp-content\/uploads\/2025\/03\/IMG-20250304-WA0036.jpg","_links":{"self":[{"href":"https:\/\/contextoanalisisperiodistico.com\/index.php\/wp-json\/wp\/v2\/posts\/38044"}],"collection":[{"href":"https:\/\/contextoanalisisperiodistico.com\/index.php\/wp-json\/wp\/v2\/posts"}],"about":[{"href":"https:\/\/contextoanalisisperiodistico.com\/index.php\/wp-json\/wp\/v2\/types\/post"}],"author":[{"embeddable":true,"href":"https:\/\/contextoanalisisperiodistico.com\/index.php\/wp-json\/wp\/v2\/users\/4"}],"replies":[{"embeddable":true,"href":"https:\/\/contextoanalisisperiodistico.com\/index.php\/wp-json\/wp\/v2\/comments?post=38044"}],"version-history":[{"count":0,"href":"https:\/\/contextoanalisisperiodistico.com\/index.php\/wp-json\/wp\/v2\/posts\/38044\/revisions"}],"wp:featuredmedia":[{"embeddable":true,"href":"https:\/\/contextoanalisisperiodistico.com\/index.php\/wp-json\/wp\/v2\/media\/38042"}],"wp:attachment":[{"href":"https:\/\/contextoanalisisperiodistico.com\/index.php\/wp-json\/wp\/v2\/media?parent=38044"}],"wp:term":[{"taxonomy":"category","embeddable":true,"href":"https:\/\/contextoanalisisperiodistico.com\/index.php\/wp-json\/wp\/v2\/categories?post=38044"},{"taxonomy":"post_tag","embeddable":true,"href":"https:\/\/contextoanalisisperiodistico.com\/index.php\/wp-json\/wp\/v2\/tags?post=38044"}],"curies":[{"name":"wp","href":"https:\/\/api.w.org\/{rel}","templated":true}]}}