{"id":38041,"date":"2025-03-04T13:53:08","date_gmt":"2025-03-04T19:53:08","guid":{"rendered":"https:\/\/contextoanalisisperiodistico.com\/index.php\/2025\/03\/04\/encabeza-salomon-jara-acciones-del-programa-territorios-y-jornadas-cayapadu-lii-en-xoxocotlan\/"},"modified":"2025-03-04T13:53:08","modified_gmt":"2025-03-04T19:53:08","slug":"encabeza-salomon-jara-acciones-del-programa-territorios-y-jornadas-cayapadu-lii-en-xoxocotlan","status":"publish","type":"post","link":"https:\/\/contextoanalisisperiodistico.com\/index.php\/2025\/03\/04\/encabeza-salomon-jara-acciones-del-programa-territorios-y-jornadas-cayapadu-lii-en-xoxocotlan\/","title":{"rendered":"Encabeza Salom\u00f3n Jara acciones del Programa Territorios y Jornadas \u201cCayapadu Lii\u201d en Xoxocotl\u00e1n"},"content":{"rendered":"<div id=\"fb-root\"><\/div>\n\n<p>\u2022 Se brindan acciones que propicien la cohesi\u00f3n social para la consolidaci\u00f3n de un Oaxaca seguro, incluyente y en paz<\/p>\n\n\n\n<p>Santa Cruz Xoxocotl\u00e1n, Oax. 4 de marzo de 2025.- Con la participaci\u00f3n de 30 dependencias que brindar\u00e1n m\u00e1s de 40 servicios gratuitos, el Gobernador Salom\u00f3n Jara Cruz encabez\u00f3 en el municipio de Santa Cruz Xoxocotl\u00e1n, el Arranque del Programa Territorios y Jornadas \u201cCayapadu Lii\u201d, estrategia para la paz, el desarrollo y bienestar de la poblaci\u00f3n.<\/p>\n\n\n\n<p>En el encuentro al que asisti\u00f3 la Presidenta Honoraria del Sistema para el Desarrollo Integral de la Familia (DIF) Oaxaca, Irma Bola\u00f1os Quijano, as\u00ed como brigadistas Sembradores de Paz que visitar\u00e1n cada casa de este municipio; el Mandatario estatal destac\u00f3 que en el gobierno de la Primavera Oaxaque\u00f1a se trabaja para revertir la violencia y generar las condiciones de seguridad a favor, principalmente, de la ni\u00f1ez y juventudes del estado.<\/p>\n\n\n\n<p>\u201cComo gobierno estamos haciendo equipo con todas las autoridades municipales e impulsar la estrategia \u201cCayapadu Lii\u201d -cuyo nombre en zapoteco significa \u2018Te estamos cuidando\u2019- y brindar acciones que propicien la cohesi\u00f3n social y la consolidaci\u00f3n de un Oaxaca seguro, incluyente y en paz\u201d, dijo.<\/p>\n\n\n\n<p>Por ello, refiri\u00f3, se impulsan acciones para trabajar de la mano con las comunidades y atender las causas de inseguridad desde territorio, casa por casa, y tener un diagn\u00f3stico preciso de la problem\u00e1tica que exponga la ciudadan\u00eda y acercar los servicios gratuitos que brindan las diversas dependencias del Gobierno del Estado.<\/p>\n\n\n\n<p>Jara Cruz inform\u00f3 que este esfuerzo colectivo se replica en los 29 municipios con mayor incidencia delictiva de Oaxaca en donde se trabaja para bajar esas cifras, y lograr que el bienestar se construya desde abajo, as\u00ed como, consolidar un Nuevo Pacto con paz y justicia, siendo prioridad el bienestar de las familias oaxaque\u00f1as. Por lo que invit\u00f3 a que participen en estas acciones.<\/p>\n\n\n\n<p>Ante la presidenta municipal de Santa Cruz Xoxocotl\u00e1n, Nancy Ben\u00edtez Z\u00e1rate; la titular de la Secretar\u00eda de Bienestar, Tequio e Inclusi\u00f3n (Sebienti), Vilma Mart\u00ednez Cort\u00e9s expuso que en esta jornada se acercar\u00e1n los servicios gubernamentales a la ciudadan\u00eda y generar un v\u00ednculo de empat\u00eda y soluci\u00f3n cercano.<\/p>\n\n\n\n<p>Se visitar\u00e1n en este municipio 184 colonias con 300 brigadistas Sembradores de Paz quienes escuchar\u00e1n y atender\u00e1n de manera cercana a la poblaci\u00f3n.<\/p>\n\n\n\n<p>En su oportunidad, el titular de la Fiscal\u00eda General del Estado (FGEO), Jos\u00e9 Bernardo Rodr\u00edguez Alamilla expuso que una de las tareas fundamentales de la prevenci\u00f3n social del delito y de las violencias es la identificaci\u00f3n de los factores de riesgo antes de que se conviertan en problemas mayores, por lo que reconoci\u00f3 el actuar de este programa para consolidar la paz en el estado, ya que promueve la transformaci\u00f3n positiva de la comunidad al tiempo que brinda las herramientas esenciales para el empoderamiento ciudadano.<\/p>\n\n\n\n<p>-0-<\/p>\n\n\n\n<figure class=\"wp-block-image size-large\"><img fetchpriority=\"high\" decoding=\"async\" width=\"900\" height=\"600\" src=\"https:\/\/contextoanalisisperiodistico.com\/wp-content\/uploads\/2025\/03\/img-20250304-wa00732095826365262282118.jpg\" alt=\"\" class=\"wp-image-38036\" srcset=\"https:\/\/contextoanalisisperiodistico.com\/wp-content\/uploads\/2025\/03\/img-20250304-wa00732095826365262282118.jpg 900w, https:\/\/contextoanalisisperiodistico.com\/wp-content\/uploads\/2025\/03\/img-20250304-wa00732095826365262282118-300x200.jpg 300w, https:\/\/contextoanalisisperiodistico.com\/wp-content\/uploads\/2025\/03\/img-20250304-wa00732095826365262282118-768x512.jpg 768w\" sizes=\"(max-width: 900px) 100vw, 900px\" \/><\/figure>\n\n\n\n<figure class=\"wp-block-image\"><img decoding=\"async\" width=\"300\" height=\"200\" src=\"https:\/\/contextoanalisisperiodistico.com\/wp-content\/uploads\/2025\/03\/img-20250304-wa007146532082063273543-300x200.jpg\" alt=\"\" class=\"wp-image-38034\" srcset=\"https:\/\/contextoanalisisperiodistico.com\/wp-content\/uploads\/2025\/03\/img-20250304-wa007146532082063273543-300x200.jpg 300w, https:\/\/contextoanalisisperiodistico.com\/wp-content\/uploads\/2025\/03\/img-20250304-wa007146532082063273543-768x512.jpg 768w, https:\/\/contextoanalisisperiodistico.com\/wp-content\/uploads\/2025\/03\/img-20250304-wa007146532082063273543.jpg 900w\" sizes=\"(max-width: 300px) 100vw, 300px\" \/><\/figure>\n\n\n\n<figure class=\"wp-block-image\"><img decoding=\"async\" width=\"300\" height=\"200\" src=\"https:\/\/contextoanalisisperiodistico.com\/wp-content\/uploads\/2025\/03\/img-20250304-wa00665026770757768507226-300x200.jpg\" alt=\"\" class=\"wp-image-38033\" srcset=\"https:\/\/contextoanalisisperiodistico.com\/wp-content\/uploads\/2025\/03\/img-20250304-wa00665026770757768507226-300x200.jpg 300w, https:\/\/contextoanalisisperiodistico.com\/wp-content\/uploads\/2025\/03\/img-20250304-wa00665026770757768507226-768x512.jpg 768w, https:\/\/contextoanalisisperiodistico.com\/wp-content\/uploads\/2025\/03\/img-20250304-wa00665026770757768507226.jpg 900w\" sizes=\"(max-width: 300px) 100vw, 300px\" \/><\/figure>\n\n\n\n<figure class=\"wp-block-image\"><img loading=\"lazy\" decoding=\"async\" width=\"300\" height=\"200\" src=\"https:\/\/contextoanalisisperiodistico.com\/wp-content\/uploads\/2025\/03\/img-20250304-wa00671103087183826322248-300x200.jpg\" alt=\"\" class=\"wp-image-38035\" srcset=\"https:\/\/contextoanalisisperiodistico.com\/wp-content\/uploads\/2025\/03\/img-20250304-wa00671103087183826322248-300x200.jpg 300w, https:\/\/contextoanalisisperiodistico.com\/wp-content\/uploads\/2025\/03\/img-20250304-wa00671103087183826322248-768x512.jpg 768w, https:\/\/contextoanalisisperiodistico.com\/wp-content\/uploads\/2025\/03\/img-20250304-wa00671103087183826322248.jpg 900w\" sizes=\"(max-width: 300px) 100vw, 300px\" \/><\/figure>\n\n\n\n<figure class=\"wp-block-image\"><img loading=\"lazy\" decoding=\"async\" width=\"300\" height=\"200\" src=\"https:\/\/contextoanalisisperiodistico.com\/wp-content\/uploads\/2025\/03\/img-20250304-wa00655364467459752162139-300x200.jpg\" alt=\"\" class=\"wp-image-38037\" srcset=\"https:\/\/contextoanalisisperiodistico.com\/wp-content\/uploads\/2025\/03\/img-20250304-wa00655364467459752162139-300x200.jpg 300w, https:\/\/contextoanalisisperiodistico.com\/wp-content\/uploads\/2025\/03\/img-20250304-wa00655364467459752162139-768x512.jpg 768w, https:\/\/contextoanalisisperiodistico.com\/wp-content\/uploads\/2025\/03\/img-20250304-wa00655364467459752162139.jpg 900w\" sizes=\"(max-width: 300px) 100vw, 300px\" \/><\/figure>\n\n\n\n<figure class=\"wp-block-image\"><img loading=\"lazy\" decoding=\"async\" width=\"300\" height=\"200\" src=\"https:\/\/contextoanalisisperiodistico.com\/wp-content\/uploads\/2025\/03\/img-20250304-wa00744727373700086320733-300x200.jpg\" alt=\"\" class=\"wp-image-38038\" srcset=\"https:\/\/contextoanalisisperiodistico.com\/wp-content\/uploads\/2025\/03\/img-20250304-wa00744727373700086320733-300x200.jpg 300w, https:\/\/contextoanalisisperiodistico.com\/wp-content\/uploads\/2025\/03\/img-20250304-wa00744727373700086320733-768x512.jpg 768w, https:\/\/contextoanalisisperiodistico.com\/wp-content\/uploads\/2025\/03\/img-20250304-wa00744727373700086320733.jpg 900w\" sizes=\"(max-width: 300px) 100vw, 300px\" \/><\/figure>\n\n\n\n<figure class=\"wp-block-image\"><img loading=\"lazy\" decoding=\"async\" width=\"300\" height=\"200\" src=\"https:\/\/contextoanalisisperiodistico.com\/wp-content\/uploads\/2025\/03\/img-20250304-wa00703804857993725819016-300x200.jpg\" alt=\"\" class=\"wp-image-38039\" srcset=\"https:\/\/contextoanalisisperiodistico.com\/wp-content\/uploads\/2025\/03\/img-20250304-wa00703804857993725819016-300x200.jpg 300w, https:\/\/contextoanalisisperiodistico.com\/wp-content\/uploads\/2025\/03\/img-20250304-wa00703804857993725819016-768x512.jpg 768w, https:\/\/contextoanalisisperiodistico.com\/wp-content\/uploads\/2025\/03\/img-20250304-wa00703804857993725819016.jpg 900w\" sizes=\"(max-width: 300px) 100vw, 300px\" \/><\/figure>\n\n\n\n<figure class=\"wp-block-image\"><img loading=\"lazy\" decoding=\"async\" width=\"300\" height=\"200\" src=\"https:\/\/contextoanalisisperiodistico.com\/wp-content\/uploads\/2025\/03\/img-20250304-wa00684167926964362330486-300x200.jpg\" alt=\"\" class=\"wp-image-38040\" srcset=\"https:\/\/contextoanalisisperiodistico.com\/wp-content\/uploads\/2025\/03\/img-20250304-wa00684167926964362330486-300x200.jpg 300w, https:\/\/contextoanalisisperiodistico.com\/wp-content\/uploads\/2025\/03\/img-20250304-wa00684167926964362330486-768x512.jpg 768w, https:\/\/contextoanalisisperiodistico.com\/wp-content\/uploads\/2025\/03\/img-20250304-wa00684167926964362330486.jpg 900w\" sizes=\"(max-width: 300px) 100vw, 300px\" \/><\/figure>\n","protected":false},"excerpt":{"rendered":"<p>\u2022 Se brindan acciones que propicien la cohesi\u00f3n social para la consolidaci\u00f3n de un Oaxaca&#8230;<\/p>\n","protected":false},"author":4,"featured_media":38032,"comment_status":"","ping_status":"open","sticky":false,"template":"","format":"standard","meta":{"footnotes":""},"categories":[9],"tags":[],"jetpack_sharing_enabled":true,"featured_image_urls":{"full":["https:\/\/contextoanalisisperiodistico.com\/wp-content\/uploads\/2025\/03\/IMG-20250304-WA0072.jpg",900,600,false],"thumbnail":["https:\/\/contextoanalisisperiodistico.com\/wp-content\/uploads\/2025\/03\/IMG-20250304-WA0072-150x150.jpg",150,150,true],"medium":["https:\/\/contextoanalisisperiodistico.com\/wp-content\/uploads\/2025\/03\/IMG-20250304-WA0072-300x200.jpg",300,200,true],"medium_large":["https:\/\/contextoanalisisperiodistico.com\/wp-content\/uploads\/2025\/03\/IMG-20250304-WA0072-768x512.jpg",640,427,true],"large":["https:\/\/contextoanalisisperiodistico.com\/wp-content\/uploads\/2025\/03\/IMG-20250304-WA0072.jpg",640,427,false],"1536x1536":["https:\/\/contextoanalisisperiodistico.com\/wp-content\/uploads\/2025\/03\/IMG-20250304-WA0072.jpg",900,600,false],"2048x2048":["https:\/\/contextoanalisisperiodistico.com\/wp-content\/uploads\/2025\/03\/IMG-20250304-WA0072.jpg",900,600,false],"covernews-slider-full":["https:\/\/contextoanalisisperiodistico.com\/wp-content\/uploads\/2025\/03\/IMG-20250304-WA0072.jpg",900,600,false],"covernews-slider-center":["https:\/\/contextoanalisisperiodistico.com\/wp-content\/uploads\/2025\/03\/IMG-20250304-WA0072-800x500.jpg",800,500,true],"covernews-featured":["https:\/\/contextoanalisisperiodistico.com\/wp-content\/uploads\/2025\/03\/IMG-20250304-WA0072.jpg",900,600,false],"covernews-medium":["https:\/\/contextoanalisisperiodistico.com\/wp-content\/uploads\/2025\/03\/IMG-20250304-WA0072-540x340.jpg",540,340,true],"covernews-medium-square":["https:\/\/contextoanalisisperiodistico.com\/wp-content\/uploads\/2025\/03\/IMG-20250304-WA0072-400x250.jpg",400,250,true]},"author_info":{"display_name":"Mario Gir\u00f3n","author_link":"https:\/\/contextoanalisisperiodistico.com\/index.php\/author\/director\/"},"category_info":"<a href=\"https:\/\/contextoanalisisperiodistico.com\/index.php\/category\/politica\/\" rel=\"category tag\">Pol\u00edtica<\/a>","tag_info":"Pol\u00edtica","comment_count":"0","jetpack_featured_media_url":"https:\/\/contextoanalisisperiodistico.com\/wp-content\/uploads\/2025\/03\/IMG-20250304-WA0072.jpg","_links":{"self":[{"href":"https:\/\/contextoanalisisperiodistico.com\/index.php\/wp-json\/wp\/v2\/posts\/38041"}],"collection":[{"href":"https:\/\/contextoanalisisperiodistico.com\/index.php\/wp-json\/wp\/v2\/posts"}],"about":[{"href":"https:\/\/contextoanalisisperiodistico.com\/index.php\/wp-json\/wp\/v2\/types\/post"}],"author":[{"embeddable":true,"href":"https:\/\/contextoanalisisperiodistico.com\/index.php\/wp-json\/wp\/v2\/users\/4"}],"replies":[{"embeddable":true,"href":"https:\/\/contextoanalisisperiodistico.com\/index.php\/wp-json\/wp\/v2\/comments?post=38041"}],"version-history":[{"count":0,"href":"https:\/\/contextoanalisisperiodistico.com\/index.php\/wp-json\/wp\/v2\/posts\/38041\/revisions"}],"wp:featuredmedia":[{"embeddable":true,"href":"https:\/\/contextoanalisisperiodistico.com\/index.php\/wp-json\/wp\/v2\/media\/38032"}],"wp:attachment":[{"href":"https:\/\/contextoanalisisperiodistico.com\/index.php\/wp-json\/wp\/v2\/media?parent=38041"}],"wp:term":[{"taxonomy":"category","embeddable":true,"href":"https:\/\/contextoanalisisperiodistico.com\/index.php\/wp-json\/wp\/v2\/categories?post=38041"},{"taxonomy":"post_tag","embeddable":true,"href":"https:\/\/contextoanalisisperiodistico.com\/index.php\/wp-json\/wp\/v2\/tags?post=38041"}],"curies":[{"name":"wp","href":"https:\/\/api.w.org\/{rel}","templated":true}]}}