{"id":38031,"date":"2025-03-04T13:47:57","date_gmt":"2025-03-04T19:47:57","guid":{"rendered":"https:\/\/contextoanalisisperiodistico.com\/index.php\/2025\/03\/04\/ratifica-salomon-jara-respaldo-a-presidenta-claudia-sheinbaum-ante-medidas-arancelarias\/"},"modified":"2025-03-04T13:47:57","modified_gmt":"2025-03-04T19:47:57","slug":"ratifica-salomon-jara-respaldo-a-presidenta-claudia-sheinbaum-ante-medidas-arancelarias","status":"publish","type":"post","link":"https:\/\/contextoanalisisperiodistico.com\/index.php\/2025\/03\/04\/ratifica-salomon-jara-respaldo-a-presidenta-claudia-sheinbaum-ante-medidas-arancelarias\/","title":{"rendered":"Ratifica Salom\u00f3n Jara respaldo a Presidenta Claudia Sheinbaum ante medidas arancelarias"},"content":{"rendered":"<div id=\"fb-root\"><\/div>\n\n<p>\u2022 El Gobernador de Oaxaca afirm\u00f3 que el tr\u00e1fico de drogas y la movilidad humana solo pueden atenderse con inteligencia y cooperaci\u00f3n<br \/>Santa Cruz Xoxocotl\u00e1n, Oax. 4 de marzo de 2025.- El Gobernador Salom\u00f3n Jara Cruz ratific\u00f3 su respaldo a la Presidenta Claudia Sheinbaum Pardo, para enfrentar los desaf\u00edos, de manera conjunta, ante la entrada en vigor de los aranceles del 25 por ciento a las exportaciones mexicanas, impuestos por Estados Unidos.<\/p>\n\n\n\n<p>De manera contundente refiri\u00f3 que el liderazgo y valent\u00eda de mujeres y hombres como el de la Jefa del Estado Mexicano, han sido cruciales para atender estas situaciones; aunado a las medidas anunciadas para este caso en particular, como: fortalecer el mercado interno, aumentar el salario m\u00ednimo y programas sociales.<\/p>\n\n\n\n<p>\u201cDesde Oaxaca nos sumamos al llamado a la unidad convocado por la Presidenta Claudia Sheinbaum en este momento pol\u00edtico tan importante, y reconocemos que se ha hecho todo lo posible para asegurar la soberan\u00eda y el inter\u00e9s nacional\u201d, afirm\u00f3.<\/p>\n\n\n\n<p>Jara Cruz calific\u00f3 la imposici\u00f3n de aranceles como irracional, toda vez que elevar\u00e1 el costo de los productos y afectar\u00e1 de manera significativa la cadena de suministros no solo para M\u00e9xico, sino para Estados Unidos.<\/p>\n\n\n\n<p>Asever\u00f3 que esta acci\u00f3n no ayuda a solucionar los problemas que se usan como pretexto para justificar esta decisi\u00f3n. \u201cEl tr\u00e1fico de drogas y la movilidad humana son fen\u00f3menos que solo pueden atenderse con inteligencia y cooperaci\u00f3n\u201d, agreg\u00f3.<\/p>\n\n\n\n<p>El Mandatario Estatal enfatiz\u00f3 que el gobierno estadounidense no ha hecho nada para combatir el consumo de estas sustancias y tampoco comprende el valor y aportaci\u00f3n de las y los mexicanos migrantes.<\/p>\n\n\n\n<p>\u201cRechazamos el ofensivo y difamatorio comunicado emitido este lunes por la Casa Blanca contra el Gobierno de M\u00e9xico; el 80 por ciento de las personas detenidas por tr\u00e1fico de fentanilo son estadounidenses, por eso digo que es mentira y calumnia\u201d, puntualiz\u00f3.<\/p>\n\n\n\n<p>Finalmente, el Gobernador oaxaque\u00f1o expres\u00f3 que a lo largo de la historia de la naci\u00f3n se han vivido momentos muy dif\u00edciles, por diversas amenazas de potencias extranjeras, que M\u00e9xico ha resistido con dignidad.<\/p>\n\n\n\n<p>-0-<\/p>\n","protected":false},"excerpt":{"rendered":"<p>\u2022 El Gobernador de Oaxaca afirm\u00f3 que el tr\u00e1fico de drogas y la movilidad humana&#8230;<\/p>\n","protected":false},"author":4,"featured_media":38030,"comment_status":"","ping_status":"open","sticky":false,"template":"","format":"standard","meta":{"footnotes":""},"categories":[9],"tags":[],"jetpack_sharing_enabled":true,"featured_image_urls":{"full":["https:\/\/contextoanalisisperiodistico.com\/wp-content\/uploads\/2025\/03\/IMG-20250304-WA0046.jpg",990,659,false],"thumbnail":["https:\/\/contextoanalisisperiodistico.com\/wp-content\/uploads\/2025\/03\/IMG-20250304-WA0046-150x150.jpg",150,150,true],"medium":["https:\/\/contextoanalisisperiodistico.com\/wp-content\/uploads\/2025\/03\/IMG-20250304-WA0046-300x200.jpg",300,200,true],"medium_large":["https:\/\/contextoanalisisperiodistico.com\/wp-content\/uploads\/2025\/03\/IMG-20250304-WA0046-768x511.jpg",640,426,true],"large":["https:\/\/contextoanalisisperiodistico.com\/wp-content\/uploads\/2025\/03\/IMG-20250304-WA0046.jpg",640,426,false],"1536x1536":["https:\/\/contextoanalisisperiodistico.com\/wp-content\/uploads\/2025\/03\/IMG-20250304-WA0046.jpg",990,659,false],"2048x2048":["https:\/\/contextoanalisisperiodistico.com\/wp-content\/uploads\/2025\/03\/IMG-20250304-WA0046.jpg",990,659,false],"covernews-slider-full":["https:\/\/contextoanalisisperiodistico.com\/wp-content\/uploads\/2025\/03\/IMG-20250304-WA0046.jpg",990,659,false],"covernews-slider-center":["https:\/\/contextoanalisisperiodistico.com\/wp-content\/uploads\/2025\/03\/IMG-20250304-WA0046-800x500.jpg",800,500,true],"covernews-featured":["https:\/\/contextoanalisisperiodistico.com\/wp-content\/uploads\/2025\/03\/IMG-20250304-WA0046.jpg",990,659,false],"covernews-medium":["https:\/\/contextoanalisisperiodistico.com\/wp-content\/uploads\/2025\/03\/IMG-20250304-WA0046-540x340.jpg",540,340,true],"covernews-medium-square":["https:\/\/contextoanalisisperiodistico.com\/wp-content\/uploads\/2025\/03\/IMG-20250304-WA0046-400x250.jpg",400,250,true]},"author_info":{"display_name":"Mario Gir\u00f3n","author_link":"https:\/\/contextoanalisisperiodistico.com\/index.php\/author\/director\/"},"category_info":"<a href=\"https:\/\/contextoanalisisperiodistico.com\/index.php\/category\/politica\/\" rel=\"category tag\">Pol\u00edtica<\/a>","tag_info":"Pol\u00edtica","comment_count":"0","jetpack_featured_media_url":"https:\/\/contextoanalisisperiodistico.com\/wp-content\/uploads\/2025\/03\/IMG-20250304-WA0046.jpg","_links":{"self":[{"href":"https:\/\/contextoanalisisperiodistico.com\/index.php\/wp-json\/wp\/v2\/posts\/38031"}],"collection":[{"href":"https:\/\/contextoanalisisperiodistico.com\/index.php\/wp-json\/wp\/v2\/posts"}],"about":[{"href":"https:\/\/contextoanalisisperiodistico.com\/index.php\/wp-json\/wp\/v2\/types\/post"}],"author":[{"embeddable":true,"href":"https:\/\/contextoanalisisperiodistico.com\/index.php\/wp-json\/wp\/v2\/users\/4"}],"replies":[{"embeddable":true,"href":"https:\/\/contextoanalisisperiodistico.com\/index.php\/wp-json\/wp\/v2\/comments?post=38031"}],"version-history":[{"count":0,"href":"https:\/\/contextoanalisisperiodistico.com\/index.php\/wp-json\/wp\/v2\/posts\/38031\/revisions"}],"wp:featuredmedia":[{"embeddable":true,"href":"https:\/\/contextoanalisisperiodistico.com\/index.php\/wp-json\/wp\/v2\/media\/38030"}],"wp:attachment":[{"href":"https:\/\/contextoanalisisperiodistico.com\/index.php\/wp-json\/wp\/v2\/media?parent=38031"}],"wp:term":[{"taxonomy":"category","embeddable":true,"href":"https:\/\/contextoanalisisperiodistico.com\/index.php\/wp-json\/wp\/v2\/categories?post=38031"},{"taxonomy":"post_tag","embeddable":true,"href":"https:\/\/contextoanalisisperiodistico.com\/index.php\/wp-json\/wp\/v2\/tags?post=38031"}],"curies":[{"name":"wp","href":"https:\/\/api.w.org\/{rel}","templated":true}]}}