{"id":38029,"date":"2025-03-04T09:49:52","date_gmt":"2025-03-04T15:49:52","guid":{"rendered":"https:\/\/contextoanalisisperiodistico.com\/index.php\/2025\/03\/04\/la-obesidad-factor-de-riesgo-para-diabetes-tipo-2-y-enfermedades-cardiovasculares-sso\/"},"modified":"2025-03-04T09:49:52","modified_gmt":"2025-03-04T15:49:52","slug":"la-obesidad-factor-de-riesgo-para-diabetes-tipo-2-y-enfermedades-cardiovasculares-sso","status":"publish","type":"post","link":"https:\/\/contextoanalisisperiodistico.com\/index.php\/2025\/03\/04\/la-obesidad-factor-de-riesgo-para-diabetes-tipo-2-y-enfermedades-cardiovasculares-sso\/","title":{"rendered":"La obesidad, factor de riesgo para diabetes tipo 2 y enfermedades cardiovasculares: SSO"},"content":{"rendered":"<div id=\"fb-root\"><\/div>\n\n<p>\u2022 En lo que va del a\u00f1o se han detectado mil 559 casos de obesidad en Oaxaca<\/p>\n\n\n\n<p>\u2022 Es fundamental adoptar h\u00e1bitos saludables como la actividad f\u00edsica y una alimentaci\u00f3n equilibrada<\/p>\n\n\n\n<p>Oaxaca de Ju\u00e1rez, Oax. 4 de marzo de 2025.- En el marco del D\u00eda Mundial contra la Obesidad, Servicios de Salud de Oaxaca (SSO) alertan a la poblaci\u00f3n sobre los riesgos asociados a esta enfermedad cr\u00f3nica, que no solo aumenta la posibilidad de desarrollar diabetes tipo 2 y enfermedades cardiovasculares, sino que tambi\u00e9n afecta el sistema \u00f3seo, eleva la probabilidad de ciertos tipos de c\u00e1ncer y reduce la calidad de vida.<\/p>\n\n\n\n<p>De acuerdo con datos del Bolet\u00edn Epidemiol\u00f3gico Federal, hasta la semana siete de 2025 se registraron mil 559 casos de obesidad en Oaxaca, de los cuales 606 corresponden a hombres y 953 a mujeres.<\/p>\n\n\n\n<p>Adem\u00e1s, desde 2016 se han notificado 20 mil 296 casos en la entidad, pero solo el 50 por ciento de las personas diagnosticadas han seguido un tratamiento mensual. A nivel estatal, en las unidades m\u00e9dicas del IMSS-Bienestar se realizan un promedio de 8 mil detecciones mensuales, de las cuales aproximadamente 2 mil 500 son positivas, pero \u00fanicamente 100 pacientes asisten regularmente a tratamiento.<\/p>\n\n\n\n<p>El crecimiento alarmante de la obesidad en la poblaci\u00f3n est\u00e1 relacionado con factores como: consumo excesivo de productos ultraprocesados con alto contenido de az\u00facares, grasas y sal; alimentaci\u00f3n deficiente en frutas, verduras, legumbres y cereales integrales; falta de actividad f\u00edsica y sedentarismo; factores gen\u00e9ticos, hormonales y emocionales.<\/p>\n\n\n\n<p>Estrategias para combatir la obesidad<\/p>\n\n\n\n<p>Como parte de la estrategia nacional impulsada por el Gobierno de M\u00e9xico, SSO ha reforzado acciones de prevenci\u00f3n y promoci\u00f3n de la salud en comunidades y escuelas.<\/p>\n\n\n\n<p>A trav\u00e9s de la Direcci\u00f3n de Regulaci\u00f3n y Fomento Sanitario, se ha implementado el operativo \u201cCero Comida Chatarra\u201d en instituciones educativas, mientras que la Direcci\u00f3n de Prevenci\u00f3n y Promoci\u00f3n de la Salud ha intensificado campa\u00f1as para fomentar h\u00e1bitos saludables y reducir el consumo de productos nocivos.<\/p>\n\n\n\n<p>De ah\u00ed que SSO recomienda a la poblaci\u00f3n aumentar el consumo de frutas, verduras, legumbres y cereales integrales, reducir la ingesta de alimentos ultraprocesados, con alto contenido de az\u00facares y grasas, evitar bebidas azucaradas como refrescos, jugos industrializados y l\u00e1cteos endulzados, adem\u00e1s de priorizar el agua simple como principal fuente de hidrataci\u00f3n.<\/p>\n\n\n\n<p>Aunado a dormir entre 7 y 8 horas diarias, promover una alimentaci\u00f3n equilibrada en ni\u00f1as y ni\u00f1os desde edades tempranas, acudir regularmente a consultas m\u00e9dicas para orientaci\u00f3n y detecci\u00f3n oportuna.<\/p>\n\n\n\n<p>Combatir la obesidad es una tarea de todos. Adoptar un estilo de vida saludable no solo mejora la calidad de vida individual, sino que tambi\u00e9n reduce la carga de enfermedades en el sistema de salud p\u00fablica, concluy\u00f3 la dependencia.<\/p>\n\n\n\n<p>-0-<\/p>\n","protected":false},"excerpt":{"rendered":"<p>\u2022 En lo que va del a\u00f1o se han detectado mil 559 casos de obesidad&#8230;<\/p>\n","protected":false},"author":4,"featured_media":38027,"comment_status":"","ping_status":"open","sticky":false,"template":"","format":"standard","meta":{"footnotes":""},"categories":[92],"tags":[],"jetpack_sharing_enabled":true,"featured_image_urls":{"full":["https:\/\/contextoanalisisperiodistico.com\/wp-content\/uploads\/2025\/03\/IMG-20250304-WA0014.jpg",1280,853,false],"thumbnail":["https:\/\/contextoanalisisperiodistico.com\/wp-content\/uploads\/2025\/03\/IMG-20250304-WA0014-150x150.jpg",150,150,true],"medium":["https:\/\/contextoanalisisperiodistico.com\/wp-content\/uploads\/2025\/03\/IMG-20250304-WA0014-300x200.jpg",300,200,true],"medium_large":["https:\/\/contextoanalisisperiodistico.com\/wp-content\/uploads\/2025\/03\/IMG-20250304-WA0014-768x512.jpg",640,427,true],"large":["https:\/\/contextoanalisisperiodistico.com\/wp-content\/uploads\/2025\/03\/IMG-20250304-WA0014-1024x682.jpg",640,426,true],"1536x1536":["https:\/\/contextoanalisisperiodistico.com\/wp-content\/uploads\/2025\/03\/IMG-20250304-WA0014.jpg",1280,853,false],"2048x2048":["https:\/\/contextoanalisisperiodistico.com\/wp-content\/uploads\/2025\/03\/IMG-20250304-WA0014.jpg",1280,853,false],"covernews-slider-full":["https:\/\/contextoanalisisperiodistico.com\/wp-content\/uploads\/2025\/03\/IMG-20250304-WA0014-1115x715.jpg",1115,715,true],"covernews-slider-center":["https:\/\/contextoanalisisperiodistico.com\/wp-content\/uploads\/2025\/03\/IMG-20250304-WA0014-800x500.jpg",800,500,true],"covernews-featured":["https:\/\/contextoanalisisperiodistico.com\/wp-content\/uploads\/2025\/03\/IMG-20250304-WA0014-1024x682.jpg",1024,682,true],"covernews-medium":["https:\/\/contextoanalisisperiodistico.com\/wp-content\/uploads\/2025\/03\/IMG-20250304-WA0014-540x340.jpg",540,340,true],"covernews-medium-square":["https:\/\/contextoanalisisperiodistico.com\/wp-content\/uploads\/2025\/03\/IMG-20250304-WA0014-400x250.jpg",400,250,true]},"author_info":{"display_name":"Mario Gir\u00f3n","author_link":"https:\/\/contextoanalisisperiodistico.com\/index.php\/author\/director\/"},"category_info":"<a href=\"https:\/\/contextoanalisisperiodistico.com\/index.php\/category\/salud\/\" rel=\"category tag\">Salud<\/a>","tag_info":"Salud","comment_count":"0","jetpack_featured_media_url":"https:\/\/contextoanalisisperiodistico.com\/wp-content\/uploads\/2025\/03\/IMG-20250304-WA0014.jpg","_links":{"self":[{"href":"https:\/\/contextoanalisisperiodistico.com\/index.php\/wp-json\/wp\/v2\/posts\/38029"}],"collection":[{"href":"https:\/\/contextoanalisisperiodistico.com\/index.php\/wp-json\/wp\/v2\/posts"}],"about":[{"href":"https:\/\/contextoanalisisperiodistico.com\/index.php\/wp-json\/wp\/v2\/types\/post"}],"author":[{"embeddable":true,"href":"https:\/\/contextoanalisisperiodistico.com\/index.php\/wp-json\/wp\/v2\/users\/4"}],"replies":[{"embeddable":true,"href":"https:\/\/contextoanalisisperiodistico.com\/index.php\/wp-json\/wp\/v2\/comments?post=38029"}],"version-history":[{"count":0,"href":"https:\/\/contextoanalisisperiodistico.com\/index.php\/wp-json\/wp\/v2\/posts\/38029\/revisions"}],"wp:featuredmedia":[{"embeddable":true,"href":"https:\/\/contextoanalisisperiodistico.com\/index.php\/wp-json\/wp\/v2\/media\/38027"}],"wp:attachment":[{"href":"https:\/\/contextoanalisisperiodistico.com\/index.php\/wp-json\/wp\/v2\/media?parent=38029"}],"wp:term":[{"taxonomy":"category","embeddable":true,"href":"https:\/\/contextoanalisisperiodistico.com\/index.php\/wp-json\/wp\/v2\/categories?post=38029"},{"taxonomy":"post_tag","embeddable":true,"href":"https:\/\/contextoanalisisperiodistico.com\/index.php\/wp-json\/wp\/v2\/tags?post=38029"}],"curies":[{"name":"wp","href":"https:\/\/api.w.org\/{rel}","templated":true}]}}