{"id":37991,"date":"2025-03-02T20:48:06","date_gmt":"2025-03-03T02:48:06","guid":{"rendered":"https:\/\/contextoanalisisperiodistico.com\/index.php\/2025\/03\/02\/disfrutan-ninez-y-adolescencia-mas-de-30-actividades-durante-la-diverti-ruta-en-el-parque-primavera-oaxaquena\/"},"modified":"2025-03-02T20:48:06","modified_gmt":"2025-03-03T02:48:06","slug":"disfrutan-ninez-y-adolescencia-mas-de-30-actividades-durante-la-diverti-ruta-en-el-parque-primavera-oaxaquena","status":"publish","type":"post","link":"https:\/\/contextoanalisisperiodistico.com\/index.php\/2025\/03\/02\/disfrutan-ninez-y-adolescencia-mas-de-30-actividades-durante-la-diverti-ruta-en-el-parque-primavera-oaxaquena\/","title":{"rendered":"Disfrutan ni\u00f1ez y adolescencia m\u00e1s de 30 actividades durante la Diverti Ruta en el Parque Primavera Oaxaque\u00f1a"},"content":{"rendered":"<div id=\"fb-root\"><\/div>\n\n<p>\u2022 En este proyecto coordinado por el Sistema DIF Oaxaca, participan diversas dependencias de la administraci\u00f3n p\u00fablica estatal<\/p>\n\n\n\n<figure class=\"wp-block-image size-large\"><img fetchpriority=\"high\" decoding=\"async\" width=\"1024\" height=\"768\" src=\"https:\/\/contextoanalisisperiodistico.com\/wp-content\/uploads\/2025\/03\/img-20250302-wa00898004956481617885382-1024x768.jpg\" alt=\"\" class=\"wp-image-37984\" srcset=\"https:\/\/contextoanalisisperiodistico.com\/wp-content\/uploads\/2025\/03\/img-20250302-wa00898004956481617885382-1024x768.jpg 1024w, https:\/\/contextoanalisisperiodistico.com\/wp-content\/uploads\/2025\/03\/img-20250302-wa00898004956481617885382-300x225.jpg 300w, https:\/\/contextoanalisisperiodistico.com\/wp-content\/uploads\/2025\/03\/img-20250302-wa00898004956481617885382-768x576.jpg 768w, https:\/\/contextoanalisisperiodistico.com\/wp-content\/uploads\/2025\/03\/img-20250302-wa00898004956481617885382-1536x1152.jpg 1536w, https:\/\/contextoanalisisperiodistico.com\/wp-content\/uploads\/2025\/03\/img-20250302-wa00898004956481617885382.jpg 1600w\" sizes=\"(max-width: 1024px) 100vw, 1024px\" \/><\/figure>\n\n\n\n<figure class=\"wp-block-image\"><img decoding=\"async\" width=\"1024\" height=\"768\" src=\"https:\/\/contextoanalisisperiodistico.com\/wp-content\/uploads\/2025\/03\/img-20250302-wa00874691533808024070872-1024x768.jpg\" alt=\"\" class=\"wp-image-37988\" srcset=\"https:\/\/contextoanalisisperiodistico.com\/wp-content\/uploads\/2025\/03\/img-20250302-wa00874691533808024070872-1024x768.jpg 1024w, https:\/\/contextoanalisisperiodistico.com\/wp-content\/uploads\/2025\/03\/img-20250302-wa00874691533808024070872-300x225.jpg 300w, https:\/\/contextoanalisisperiodistico.com\/wp-content\/uploads\/2025\/03\/img-20250302-wa00874691533808024070872-768x576.jpg 768w, https:\/\/contextoanalisisperiodistico.com\/wp-content\/uploads\/2025\/03\/img-20250302-wa00874691533808024070872-1536x1152.jpg 1536w, https:\/\/contextoanalisisperiodistico.com\/wp-content\/uploads\/2025\/03\/img-20250302-wa00874691533808024070872.jpg 1600w\" sizes=\"(max-width: 1024px) 100vw, 1024px\" \/><\/figure>\n\n\n\n<figure class=\"wp-block-image\"><img decoding=\"async\" width=\"1024\" height=\"768\" src=\"https:\/\/contextoanalisisperiodistico.com\/wp-content\/uploads\/2025\/03\/img-20250302-wa0088672185682224840751-1024x768.jpg\" alt=\"\" class=\"wp-image-37985\" srcset=\"https:\/\/contextoanalisisperiodistico.com\/wp-content\/uploads\/2025\/03\/img-20250302-wa0088672185682224840751-1024x768.jpg 1024w, https:\/\/contextoanalisisperiodistico.com\/wp-content\/uploads\/2025\/03\/img-20250302-wa0088672185682224840751-300x225.jpg 300w, https:\/\/contextoanalisisperiodistico.com\/wp-content\/uploads\/2025\/03\/img-20250302-wa0088672185682224840751-768x576.jpg 768w, https:\/\/contextoanalisisperiodistico.com\/wp-content\/uploads\/2025\/03\/img-20250302-wa0088672185682224840751-1536x1152.jpg 1536w, https:\/\/contextoanalisisperiodistico.com\/wp-content\/uploads\/2025\/03\/img-20250302-wa0088672185682224840751.jpg 1600w\" sizes=\"(max-width: 1024px) 100vw, 1024px\" \/><\/figure>\n\n\n\n<figure class=\"wp-block-image\"><img loading=\"lazy\" decoding=\"async\" width=\"1024\" height=\"768\" src=\"https:\/\/contextoanalisisperiodistico.com\/wp-content\/uploads\/2025\/03\/img-20250302-wa00913415165852281492202-1024x768.jpg\" alt=\"\" class=\"wp-image-37986\" srcset=\"https:\/\/contextoanalisisperiodistico.com\/wp-content\/uploads\/2025\/03\/img-20250302-wa00913415165852281492202-1024x768.jpg 1024w, https:\/\/contextoanalisisperiodistico.com\/wp-content\/uploads\/2025\/03\/img-20250302-wa00913415165852281492202-300x225.jpg 300w, https:\/\/contextoanalisisperiodistico.com\/wp-content\/uploads\/2025\/03\/img-20250302-wa00913415165852281492202-768x576.jpg 768w, https:\/\/contextoanalisisperiodistico.com\/wp-content\/uploads\/2025\/03\/img-20250302-wa00913415165852281492202-1536x1152.jpg 1536w, https:\/\/contextoanalisisperiodistico.com\/wp-content\/uploads\/2025\/03\/img-20250302-wa00913415165852281492202.jpg 1600w\" sizes=\"(max-width: 1024px) 100vw, 1024px\" \/><\/figure>\n\n\n\n<figure class=\"wp-block-image\"><img loading=\"lazy\" decoding=\"async\" width=\"1024\" height=\"768\" src=\"https:\/\/contextoanalisisperiodistico.com\/wp-content\/uploads\/2025\/03\/img-20250302-wa00934150573514670842389-1024x768.jpg\" alt=\"\" class=\"wp-image-37987\" srcset=\"https:\/\/contextoanalisisperiodistico.com\/wp-content\/uploads\/2025\/03\/img-20250302-wa00934150573514670842389-1024x768.jpg 1024w, https:\/\/contextoanalisisperiodistico.com\/wp-content\/uploads\/2025\/03\/img-20250302-wa00934150573514670842389-300x225.jpg 300w, https:\/\/contextoanalisisperiodistico.com\/wp-content\/uploads\/2025\/03\/img-20250302-wa00934150573514670842389-768x576.jpg 768w, https:\/\/contextoanalisisperiodistico.com\/wp-content\/uploads\/2025\/03\/img-20250302-wa00934150573514670842389-1536x1152.jpg 1536w, https:\/\/contextoanalisisperiodistico.com\/wp-content\/uploads\/2025\/03\/img-20250302-wa00934150573514670842389.jpg 1600w\" sizes=\"(max-width: 1024px) 100vw, 1024px\" \/><\/figure>\n\n\n\n<figure class=\"wp-block-image\"><img loading=\"lazy\" decoding=\"async\" width=\"1024\" height=\"768\" src=\"https:\/\/contextoanalisisperiodistico.com\/wp-content\/uploads\/2025\/03\/img-20250302-wa00946141720970431669008-1024x768.jpg\" alt=\"\" class=\"wp-image-37989\" srcset=\"https:\/\/contextoanalisisperiodistico.com\/wp-content\/uploads\/2025\/03\/img-20250302-wa00946141720970431669008-1024x768.jpg 1024w, https:\/\/contextoanalisisperiodistico.com\/wp-content\/uploads\/2025\/03\/img-20250302-wa00946141720970431669008-300x225.jpg 300w, https:\/\/contextoanalisisperiodistico.com\/wp-content\/uploads\/2025\/03\/img-20250302-wa00946141720970431669008-768x576.jpg 768w, https:\/\/contextoanalisisperiodistico.com\/wp-content\/uploads\/2025\/03\/img-20250302-wa00946141720970431669008-1536x1152.jpg 1536w, https:\/\/contextoanalisisperiodistico.com\/wp-content\/uploads\/2025\/03\/img-20250302-wa00946141720970431669008.jpg 1600w\" sizes=\"(max-width: 1024px) 100vw, 1024px\" \/><\/figure>\n\n\n\n<figure class=\"wp-block-image\"><img loading=\"lazy\" decoding=\"async\" width=\"1024\" height=\"768\" src=\"https:\/\/contextoanalisisperiodistico.com\/wp-content\/uploads\/2025\/03\/img-20250302-wa00921737482252885121834-1024x768.jpg\" alt=\"\" class=\"wp-image-37990\" srcset=\"https:\/\/contextoanalisisperiodistico.com\/wp-content\/uploads\/2025\/03\/img-20250302-wa00921737482252885121834-1024x768.jpg 1024w, https:\/\/contextoanalisisperiodistico.com\/wp-content\/uploads\/2025\/03\/img-20250302-wa00921737482252885121834-300x225.jpg 300w, https:\/\/contextoanalisisperiodistico.com\/wp-content\/uploads\/2025\/03\/img-20250302-wa00921737482252885121834-768x576.jpg 768w, https:\/\/contextoanalisisperiodistico.com\/wp-content\/uploads\/2025\/03\/img-20250302-wa00921737482252885121834-1536x1152.jpg 1536w, https:\/\/contextoanalisisperiodistico.com\/wp-content\/uploads\/2025\/03\/img-20250302-wa00921737482252885121834.jpg 1600w\" sizes=\"(max-width: 1024px) 100vw, 1024px\" \/><\/figure>\n\n\n\n<p>Oaxaca de Ju\u00e1rez, Oax. 2 de marzo de 2025.- Un domingo de Diverti Ruta se traduce en diversi\u00f3n, sonrisas y aprendizaje para la ni\u00f1ez y adolescencia, gracias a las m\u00e1s de 30 actividades desplegadas en el Parque Primavera Oaxaque\u00f1a Cho Ndob\u00e1, bajo la coordinaci\u00f3n del Sistema para el Desarrollo Integral de la Familia (DIF) Oaxaca.<\/p>\n\n\n\n<p>En su trig\u00e9sima tercera edici\u00f3n, esta actividad de esparcimiento en la que participan dependencias de la administraci\u00f3n p\u00fablica estatal sigue reuniendo a familias oaxaque\u00f1as para convivir en ejercicios l\u00fadicos, recreativos, culturales, art\u00edsticos y deportivos.<\/p>\n\n\n\n<p>El pr\u00e9stamo de bicicletas para recorrer las amplias \u00e1reas de este parque p\u00fablico, los go karts, rallys familiares y juegos tradicionales como la loter\u00eda gigante, se han convertido entre las preferidas del p\u00fablico.<\/p>\n\n\n\n<p>Durante cuatro horas, la ni\u00f1ez y adolescencia hace efectivos sus derechos al juego y al conocimiento al ser parte de la loter\u00eda de la paz, carrera de relevos, alberca de pelotas, juego de Twister de integraci\u00f3n familiar, los talleres inclusivos y de elaboraci\u00f3n de piezas de barro.<\/p>\n\n\n\n<p>Adem\u00e1s de clases de activaci\u00f3n f\u00edsica y baile fitness, juegos de mesa gigantes, el juego Desaf\u00edo de la Honestidad, partidos de f\u00fatbol y juegos tradicionales, el mercadito, entre otras.<\/p>\n\n\n\n<p>En el Club Guardianes de los Derechos de Ni\u00f1as, Ni\u00f1os y Adolescentes, personal del Sistema DIF Oaxaca ofrece din\u00e1micas que permiten a estos sectores de la poblaci\u00f3n conocer y reforzar sus derechos a los que tienen acceso, en beneficio de una \u00f3ptima calidad de vida.<\/p>\n\n\n\n<p>A prop\u00f3sito de esta actividad, el organismo estatal tambi\u00e9n reitera la invitaci\u00f3n a solicitar el pr\u00e9stamo de bicicletas, bici balances, patinetas y triciclos como parte de \u201cPedalea a la Aventura\u201d, los viernes, s\u00e1bados y domingos a partir de las 11:00 horas en el Parque Primavera Oaxaque\u00f1a.<\/p>\n\n\n\n<p>-0-<\/p>\n","protected":false},"excerpt":{"rendered":"<p>\u2022 En este proyecto coordinado por el Sistema DIF Oaxaca, participan diversas dependencias de la&#8230;<\/p>\n","protected":false},"author":4,"featured_media":37983,"comment_status":"","ping_status":"open","sticky":false,"template":"","format":"standard","meta":{"footnotes":""},"categories":[9],"tags":[],"jetpack_sharing_enabled":true,"featured_image_urls":{"full":["https:\/\/contextoanalisisperiodistico.com\/wp-content\/uploads\/2025\/03\/IMG-20250302-WA0090.jpg",1600,1200,false],"thumbnail":["https:\/\/contextoanalisisperiodistico.com\/wp-content\/uploads\/2025\/03\/IMG-20250302-WA0090-150x150.jpg",150,150,true],"medium":["https:\/\/contextoanalisisperiodistico.com\/wp-content\/uploads\/2025\/03\/IMG-20250302-WA0090-300x225.jpg",300,225,true],"medium_large":["https:\/\/contextoanalisisperiodistico.com\/wp-content\/uploads\/2025\/03\/IMG-20250302-WA0090-768x576.jpg",640,480,true],"large":["https:\/\/contextoanalisisperiodistico.com\/wp-content\/uploads\/2025\/03\/IMG-20250302-WA0090-1024x768.jpg",640,480,true],"1536x1536":["https:\/\/contextoanalisisperiodistico.com\/wp-content\/uploads\/2025\/03\/IMG-20250302-WA0090-1536x1152.jpg",1536,1152,true],"2048x2048":["https:\/\/contextoanalisisperiodistico.com\/wp-content\/uploads\/2025\/03\/IMG-20250302-WA0090.jpg",1600,1200,false],"covernews-slider-full":["https:\/\/contextoanalisisperiodistico.com\/wp-content\/uploads\/2025\/03\/IMG-20250302-WA0090-1115x715.jpg",1115,715,true],"covernews-slider-center":["https:\/\/contextoanalisisperiodistico.com\/wp-content\/uploads\/2025\/03\/IMG-20250302-WA0090-800x500.jpg",800,500,true],"covernews-featured":["https:\/\/contextoanalisisperiodistico.com\/wp-content\/uploads\/2025\/03\/IMG-20250302-WA0090-1024x768.jpg",1024,768,true],"covernews-medium":["https:\/\/contextoanalisisperiodistico.com\/wp-content\/uploads\/2025\/03\/IMG-20250302-WA0090-540x340.jpg",540,340,true],"covernews-medium-square":["https:\/\/contextoanalisisperiodistico.com\/wp-content\/uploads\/2025\/03\/IMG-20250302-WA0090-400x250.jpg",400,250,true]},"author_info":{"display_name":"Mario Gir\u00f3n","author_link":"https:\/\/contextoanalisisperiodistico.com\/index.php\/author\/director\/"},"category_info":"<a href=\"https:\/\/contextoanalisisperiodistico.com\/index.php\/category\/politica\/\" rel=\"category tag\">Pol\u00edtica<\/a>","tag_info":"Pol\u00edtica","comment_count":"0","jetpack_featured_media_url":"https:\/\/contextoanalisisperiodistico.com\/wp-content\/uploads\/2025\/03\/IMG-20250302-WA0090.jpg","_links":{"self":[{"href":"https:\/\/contextoanalisisperiodistico.com\/index.php\/wp-json\/wp\/v2\/posts\/37991"}],"collection":[{"href":"https:\/\/contextoanalisisperiodistico.com\/index.php\/wp-json\/wp\/v2\/posts"}],"about":[{"href":"https:\/\/contextoanalisisperiodistico.com\/index.php\/wp-json\/wp\/v2\/types\/post"}],"author":[{"embeddable":true,"href":"https:\/\/contextoanalisisperiodistico.com\/index.php\/wp-json\/wp\/v2\/users\/4"}],"replies":[{"embeddable":true,"href":"https:\/\/contextoanalisisperiodistico.com\/index.php\/wp-json\/wp\/v2\/comments?post=37991"}],"version-history":[{"count":0,"href":"https:\/\/contextoanalisisperiodistico.com\/index.php\/wp-json\/wp\/v2\/posts\/37991\/revisions"}],"wp:featuredmedia":[{"embeddable":true,"href":"https:\/\/contextoanalisisperiodistico.com\/index.php\/wp-json\/wp\/v2\/media\/37983"}],"wp:attachment":[{"href":"https:\/\/contextoanalisisperiodistico.com\/index.php\/wp-json\/wp\/v2\/media?parent=37991"}],"wp:term":[{"taxonomy":"category","embeddable":true,"href":"https:\/\/contextoanalisisperiodistico.com\/index.php\/wp-json\/wp\/v2\/categories?post=37991"},{"taxonomy":"post_tag","embeddable":true,"href":"https:\/\/contextoanalisisperiodistico.com\/index.php\/wp-json\/wp\/v2\/tags?post=37991"}],"curies":[{"name":"wp","href":"https:\/\/api.w.org\/{rel}","templated":true}]}}