{"id":37962,"date":"2025-03-02T12:29:36","date_gmt":"2025-03-02T18:29:36","guid":{"rendered":"https:\/\/contextoanalisisperiodistico.com\/?p=37962"},"modified":"2025-03-02T12:30:14","modified_gmt":"2025-03-02T18:30:14","slug":"con-motivo-del-dia-internacional-de-la-mujer-casa-de-la-cultura-oaxaquena-invita-a-las-actividades-artisticas-con-perspectiva-de-genero","status":"publish","type":"post","link":"https:\/\/contextoanalisisperiodistico.com\/index.php\/2025\/03\/02\/con-motivo-del-dia-internacional-de-la-mujer-casa-de-la-cultura-oaxaquena-invita-a-las-actividades-artisticas-con-perspectiva-de-genero\/","title":{"rendered":"Con motivo del D\u00eda Internacional de la Mujer, Casa de la Cultura Oaxaque\u00f1a invita a las actividades art\u00edsticas con perspectiva de g\u00e9nero"},"content":{"rendered":"<div id=\"fb-root\"><\/div>\n\n<p>\u2022 Del 3 al 8 de marzo se realizar\u00e1n proyecciones, puestas en escenas y una muestra fotogr\u00e1fica<\/p>\n\n\n\n<p>Oaxaca de Ju\u00e1rez, Oax. 2 de marzo de 2025.- En el marco del D\u00eda Internacional de la Mujer, la Casa de la Cultura Oaxaque\u00f1a (CCO) presenta la cartelera de actividades con perspectiva de g\u00e9nero, con el objetivo de generar espacios de di\u00e1logo, reflexi\u00f3n y expresi\u00f3n art\u00edstica; las cuales se llevar\u00e1n a cabo del 3 al 8 de marzo.<\/p>\n\n\n\n<p>Para visibilizar las adversidades que enfrentan mujeres, ni\u00f1as y adolescentes, en especial, aquellas que se encuentran en situaci\u00f3n de riesgo, se proyectar\u00e1n los cortometrajes: \u201cTejedora de destinos\u201d de Yerid L\u00f3pez Barrera y Arturo L\u00f3pez Barrera P\u00edo; \u201cAl final, el mar\u201d de Ana Karen Alva Medina; y \u201cLas desaparecidas\u201d de Astrid Dom\u00ednguez; en la sala \u201cArcelia Ya\u00f1iz\u201d de la CCO, el martes 4 y mi\u00e9rcoles 5 a las 17:00 horas.<\/p>\n\n\n\n<p>Adem\u00e1s, para la concientizaci\u00f3n e identificaci\u00f3n de la violencia contra las ni\u00f1as, adolescentes y mujeres, en el Centro de Desarrollo DIF Pilares, el Grupo Representativo de Teatro Cuarta Pared a cargo de la tallerista Eva Luna R\u00edos, realizar\u00e1n la puesta en escena de \u201cSoledad\u201d, el 6 de marzo a las 18:30 horas.<\/p>\n\n\n\n<p>Asimismo, en el foro al aire libre del Parque Primavera Oaxaque\u00f1a Cho Ndob\u00e1, este 7 de marzo, a las 17:00 horas, bajo la direcci\u00f3n art\u00edstica de Luis Bravo y la coordinaci\u00f3n coreogr\u00e1fica de Ivette Trejo, se realizar\u00e1 la presentaci\u00f3n del montaje coreogr\u00e1fico \u201cColgu\u00e9 las trenzas\u201d.<\/p>\n\n\n\n<p>Finalmente, el 8 de marzo, a las 18:00 horas, en la Galer\u00eda \u201cAlfonso Rivas\u201d de la CCO, se mostrar\u00e1 la esencia de las madres, la profundidad de su amor, y los sacrificios que hacen por el bienestar de sus familias, con la inauguraci\u00f3n de la muestra fotogr\u00e1fica \u201cMadres mexicanas\u201d de Alex Ze\u2019evi.<\/p>\n\n\n\n<p>Estas actividades son de accesos libre; la cartelera puede consultarse a trav\u00e9s de las redes sociales oficiales de la CCO.<\/p>\n\n\n\n<p>-0-<\/p>\n\n\n\n<figure class=\"wp-block-image size-large\"><img fetchpriority=\"high\" decoding=\"async\" width=\"1024\" height=\"1024\" src=\"https:\/\/contextoanalisisperiodistico.com\/wp-content\/uploads\/2025\/03\/img-20250302-wa0018460195612164466657-1024x1024.jpg\" alt=\"\" class=\"wp-image-37958\" srcset=\"https:\/\/contextoanalisisperiodistico.com\/wp-content\/uploads\/2025\/03\/img-20250302-wa0018460195612164466657-1024x1024.jpg 1024w, https:\/\/contextoanalisisperiodistico.com\/wp-content\/uploads\/2025\/03\/img-20250302-wa0018460195612164466657-300x300.jpg 300w, https:\/\/contextoanalisisperiodistico.com\/wp-content\/uploads\/2025\/03\/img-20250302-wa0018460195612164466657-150x150.jpg 150w, https:\/\/contextoanalisisperiodistico.com\/wp-content\/uploads\/2025\/03\/img-20250302-wa0018460195612164466657-768x768.jpg 768w, https:\/\/contextoanalisisperiodistico.com\/wp-content\/uploads\/2025\/03\/img-20250302-wa0018460195612164466657.jpg 1080w\" sizes=\"(max-width: 1024px) 100vw, 1024px\" \/><\/figure>\n\n\n\n<figure class=\"wp-block-image\"><img decoding=\"async\" width=\"1024\" height=\"1024\" src=\"https:\/\/contextoanalisisperiodistico.com\/wp-content\/uploads\/2025\/03\/img-20250302-wa00206633896069366315555-1024x1024.jpg\" alt=\"\" class=\"wp-image-37959\" srcset=\"https:\/\/contextoanalisisperiodistico.com\/wp-content\/uploads\/2025\/03\/img-20250302-wa00206633896069366315555-1024x1024.jpg 1024w, https:\/\/contextoanalisisperiodistico.com\/wp-content\/uploads\/2025\/03\/img-20250302-wa00206633896069366315555-300x300.jpg 300w, https:\/\/contextoanalisisperiodistico.com\/wp-content\/uploads\/2025\/03\/img-20250302-wa00206633896069366315555-150x150.jpg 150w, https:\/\/contextoanalisisperiodistico.com\/wp-content\/uploads\/2025\/03\/img-20250302-wa00206633896069366315555-768x768.jpg 768w, https:\/\/contextoanalisisperiodistico.com\/wp-content\/uploads\/2025\/03\/img-20250302-wa00206633896069366315555.jpg 1080w\" sizes=\"(max-width: 1024px) 100vw, 1024px\" \/><\/figure>\n\n\n\n<figure class=\"wp-block-image\"><img decoding=\"async\" width=\"1024\" height=\"1024\" src=\"https:\/\/contextoanalisisperiodistico.com\/wp-content\/uploads\/2025\/03\/img-20250302-wa00197953070049848845467-1024x1024.jpg\" alt=\"\" class=\"wp-image-37960\" srcset=\"https:\/\/contextoanalisisperiodistico.com\/wp-content\/uploads\/2025\/03\/img-20250302-wa00197953070049848845467-1024x1024.jpg 1024w, https:\/\/contextoanalisisperiodistico.com\/wp-content\/uploads\/2025\/03\/img-20250302-wa00197953070049848845467-300x300.jpg 300w, https:\/\/contextoanalisisperiodistico.com\/wp-content\/uploads\/2025\/03\/img-20250302-wa00197953070049848845467-150x150.jpg 150w, https:\/\/contextoanalisisperiodistico.com\/wp-content\/uploads\/2025\/03\/img-20250302-wa00197953070049848845467-768x768.jpg 768w, https:\/\/contextoanalisisperiodistico.com\/wp-content\/uploads\/2025\/03\/img-20250302-wa00197953070049848845467.jpg 1080w\" sizes=\"(max-width: 1024px) 100vw, 1024px\" \/><\/figure>\n\n\n\n<figure class=\"wp-block-image\"><img loading=\"lazy\" decoding=\"async\" width=\"1024\" height=\"1024\" src=\"https:\/\/contextoanalisisperiodistico.com\/wp-content\/uploads\/2025\/03\/img-20250302-wa00217432052004284829818-1024x1024.jpg\" alt=\"\" class=\"wp-image-37961\" srcset=\"https:\/\/contextoanalisisperiodistico.com\/wp-content\/uploads\/2025\/03\/img-20250302-wa00217432052004284829818-1024x1023.jpg 1024w, https:\/\/contextoanalisisperiodistico.com\/wp-content\/uploads\/2025\/03\/img-20250302-wa00217432052004284829818-300x300.jpg 300w, https:\/\/contextoanalisisperiodistico.com\/wp-content\/uploads\/2025\/03\/img-20250302-wa00217432052004284829818-150x150.jpg 150w, https:\/\/contextoanalisisperiodistico.com\/wp-content\/uploads\/2025\/03\/img-20250302-wa00217432052004284829818-768x767.jpg 768w, https:\/\/contextoanalisisperiodistico.com\/wp-content\/uploads\/2025\/03\/img-20250302-wa00217432052004284829818.jpg 1081w\" sizes=\"(max-width: 1024px) 100vw, 1024px\" \/><\/figure>\n","protected":false},"excerpt":{"rendered":"<p>\u2022 Del 3 al 8 de marzo se realizar\u00e1n proyecciones, puestas en escenas y una&#8230;<\/p>\n","protected":false},"author":4,"featured_media":37957,"comment_status":"closed","ping_status":"open","sticky":false,"template":"","format":"standard","meta":{"footnotes":""},"categories":[3],"tags":[],"jetpack_sharing_enabled":true,"featured_image_urls":{"full":["https:\/\/contextoanalisisperiodistico.com\/wp-content\/uploads\/2025\/03\/IMG-20250302-WA0017.jpg",1081,1080,false],"thumbnail":["https:\/\/contextoanalisisperiodistico.com\/wp-content\/uploads\/2025\/03\/IMG-20250302-WA0017-150x150.jpg",150,150,true],"medium":["https:\/\/contextoanalisisperiodistico.com\/wp-content\/uploads\/2025\/03\/IMG-20250302-WA0017-300x300.jpg",300,300,true],"medium_large":["https:\/\/contextoanalisisperiodistico.com\/wp-content\/uploads\/2025\/03\/IMG-20250302-WA0017-768x767.jpg",640,639,true],"large":["https:\/\/contextoanalisisperiodistico.com\/wp-content\/uploads\/2025\/03\/IMG-20250302-WA0017-1024x1024.jpg",640,640,true],"1536x1536":["https:\/\/contextoanalisisperiodistico.com\/wp-content\/uploads\/2025\/03\/IMG-20250302-WA0017.jpg",1081,1080,false],"2048x2048":["https:\/\/contextoanalisisperiodistico.com\/wp-content\/uploads\/2025\/03\/IMG-20250302-WA0017.jpg",1081,1080,false],"covernews-slider-full":["https:\/\/contextoanalisisperiodistico.com\/wp-content\/uploads\/2025\/03\/IMG-20250302-WA0017-1081x715.jpg",1081,715,true],"covernews-slider-center":["https:\/\/contextoanalisisperiodistico.com\/wp-content\/uploads\/2025\/03\/IMG-20250302-WA0017-800x500.jpg",800,500,true],"covernews-featured":["https:\/\/contextoanalisisperiodistico.com\/wp-content\/uploads\/2025\/03\/IMG-20250302-WA0017-1024x1023.jpg",1024,1023,true],"covernews-medium":["https:\/\/contextoanalisisperiodistico.com\/wp-content\/uploads\/2025\/03\/IMG-20250302-WA0017-540x340.jpg",540,340,true],"covernews-medium-square":["https:\/\/contextoanalisisperiodistico.com\/wp-content\/uploads\/2025\/03\/IMG-20250302-WA0017-400x250.jpg",400,250,true]},"author_info":{"display_name":"Mario Gir\u00f3n","author_link":"https:\/\/contextoanalisisperiodistico.com\/index.php\/author\/director\/"},"category_info":"<a href=\"https:\/\/contextoanalisisperiodistico.com\/index.php\/category\/ciudad\/\" rel=\"category tag\">Ciudad<\/a>","tag_info":"Ciudad","comment_count":"0","jetpack_featured_media_url":"https:\/\/contextoanalisisperiodistico.com\/wp-content\/uploads\/2025\/03\/IMG-20250302-WA0017.jpg","_links":{"self":[{"href":"https:\/\/contextoanalisisperiodistico.com\/index.php\/wp-json\/wp\/v2\/posts\/37962"}],"collection":[{"href":"https:\/\/contextoanalisisperiodistico.com\/index.php\/wp-json\/wp\/v2\/posts"}],"about":[{"href":"https:\/\/contextoanalisisperiodistico.com\/index.php\/wp-json\/wp\/v2\/types\/post"}],"author":[{"embeddable":true,"href":"https:\/\/contextoanalisisperiodistico.com\/index.php\/wp-json\/wp\/v2\/users\/4"}],"replies":[{"embeddable":true,"href":"https:\/\/contextoanalisisperiodistico.com\/index.php\/wp-json\/wp\/v2\/comments?post=37962"}],"version-history":[{"count":2,"href":"https:\/\/contextoanalisisperiodistico.com\/index.php\/wp-json\/wp\/v2\/posts\/37962\/revisions"}],"predecessor-version":[{"id":37964,"href":"https:\/\/contextoanalisisperiodistico.com\/index.php\/wp-json\/wp\/v2\/posts\/37962\/revisions\/37964"}],"wp:featuredmedia":[{"embeddable":true,"href":"https:\/\/contextoanalisisperiodistico.com\/index.php\/wp-json\/wp\/v2\/media\/37957"}],"wp:attachment":[{"href":"https:\/\/contextoanalisisperiodistico.com\/index.php\/wp-json\/wp\/v2\/media?parent=37962"}],"wp:term":[{"taxonomy":"category","embeddable":true,"href":"https:\/\/contextoanalisisperiodistico.com\/index.php\/wp-json\/wp\/v2\/categories?post=37962"},{"taxonomy":"post_tag","embeddable":true,"href":"https:\/\/contextoanalisisperiodistico.com\/index.php\/wp-json\/wp\/v2\/tags?post=37962"}],"curies":[{"name":"wp","href":"https:\/\/api.w.org\/{rel}","templated":true}]}}