{"id":37927,"date":"2025-03-01T17:09:31","date_gmt":"2025-03-01T23:09:31","guid":{"rendered":"https:\/\/contextoanalisisperiodistico.com\/?p=37927"},"modified":"2025-03-01T17:13:36","modified_gmt":"2025-03-01T23:13:36","slug":"mando-de-coordinacion-de-seguridad-de-la-zona-metropolitana-inicia-busqueda-de-posibles-responsables-de-asalto-en-la-capital-oaxaquena-gracias-a-las-imagenes-registradas-por-camaras-del-c4-s","status":"publish","type":"post","link":"https:\/\/contextoanalisisperiodistico.com\/index.php\/2025\/03\/01\/mando-de-coordinacion-de-seguridad-de-la-zona-metropolitana-inicia-busqueda-de-posibles-responsables-de-asalto-en-la-capital-oaxaquena-gracias-a-las-imagenes-registradas-por-camaras-del-c4-s\/","title":{"rendered":"Mando de Coordinaci\u00f3n de Seguridad de la Zona Metropolitana inicia b\u00fasqueda de posibles responsables de asalto en la capital oaxaque\u00f1a\u2022 Gracias a las im\u00e1genes registradas por c\u00e1maras del C4, se ha identificado a dos individuos que previamente hirieron a un hombre en la pierna para despojarlo de dinero en efectivo."},"content":{"rendered":"<div id=\"fb-root\"><\/div>\n\n<p>Oaxaca de Ju\u00e1rez, Oax., 1 de marzo de 2025. La Secretar\u00eda de Seguridad y Protecci\u00f3n Ciudadana (SSPC) informa que, tras el reporte recibido a la L\u00ednea de Emergencias 911 sobre el asalto a un hombre herido con arma de fuego en la pierna luego de ser despojado de dinero en efectivo, en coordinaci\u00f3n con la Polic\u00eda Estatal y la Polic\u00eda Municipal de Oaxaca de Ju\u00e1rez, se ha iniciado la b\u00fasqueda de los posibles responsables, quienes han sido identificados gracias a las c\u00e1maras de videovigilancia.<\/p>\n\n\n\n<p>Luego del asalto perpetrado por dos sujetos a bordo de una motocicleta en la Primera Privada de Crespo, colonia Figueroa, se activ\u00f3 de inmediato el Mando Coordinado de Seguridad de la Zona Metropolitana.<\/p>\n\n\n\n<p>Las corporaciones de seguridad trabajan en conjunto en la b\u00fasqueda de los presuntos responsables, quienes han sido identificados a trav\u00e9s de las c\u00e1maras del Centro de Control, Comando y Comunicaci\u00f3n (C4).<\/p>\n\n\n\n<p>Se exhorta a la ciudadan\u00eda a mantenerse informada a trav\u00e9s de los canales oficiales y a reportar cualquier informaci\u00f3n que pueda contribuir a la localizaci\u00f3n de los agresores.<\/p>\n","protected":false},"excerpt":{"rendered":"<p>Oaxaca de Ju\u00e1rez, Oax., 1 de marzo de 2025. La Secretar\u00eda de Seguridad y Protecci\u00f3n&#8230;<\/p>\n","protected":false},"author":4,"featured_media":0,"comment_status":"closed","ping_status":"open","sticky":false,"template":"","format":"standard","meta":{"footnotes":""},"categories":[9],"tags":[],"jetpack_sharing_enabled":true,"featured_image_urls":{"full":"","thumbnail":"","medium":"","medium_large":"","large":"","1536x1536":"","2048x2048":"","covernews-slider-full":"","covernews-slider-center":"","covernews-featured":"","covernews-medium":"","covernews-medium-square":""},"author_info":{"display_name":"Mario Gir\u00f3n","author_link":"https:\/\/contextoanalisisperiodistico.com\/index.php\/author\/director\/"},"category_info":"<a href=\"https:\/\/contextoanalisisperiodistico.com\/index.php\/category\/politica\/\" rel=\"category tag\">Pol\u00edtica<\/a>","tag_info":"Pol\u00edtica","comment_count":"0","jetpack_featured_media_url":"","_links":{"self":[{"href":"https:\/\/contextoanalisisperiodistico.com\/index.php\/wp-json\/wp\/v2\/posts\/37927"}],"collection":[{"href":"https:\/\/contextoanalisisperiodistico.com\/index.php\/wp-json\/wp\/v2\/posts"}],"about":[{"href":"https:\/\/contextoanalisisperiodistico.com\/index.php\/wp-json\/wp\/v2\/types\/post"}],"author":[{"embeddable":true,"href":"https:\/\/contextoanalisisperiodistico.com\/index.php\/wp-json\/wp\/v2\/users\/4"}],"replies":[{"embeddable":true,"href":"https:\/\/contextoanalisisperiodistico.com\/index.php\/wp-json\/wp\/v2\/comments?post=37927"}],"version-history":[{"count":1,"href":"https:\/\/contextoanalisisperiodistico.com\/index.php\/wp-json\/wp\/v2\/posts\/37927\/revisions"}],"predecessor-version":[{"id":37931,"href":"https:\/\/contextoanalisisperiodistico.com\/index.php\/wp-json\/wp\/v2\/posts\/37927\/revisions\/37931"}],"wp:attachment":[{"href":"https:\/\/contextoanalisisperiodistico.com\/index.php\/wp-json\/wp\/v2\/media?parent=37927"}],"wp:term":[{"taxonomy":"category","embeddable":true,"href":"https:\/\/contextoanalisisperiodistico.com\/index.php\/wp-json\/wp\/v2\/categories?post=37927"},{"taxonomy":"post_tag","embeddable":true,"href":"https:\/\/contextoanalisisperiodistico.com\/index.php\/wp-json\/wp\/v2\/tags?post=37927"}],"curies":[{"name":"wp","href":"https:\/\/api.w.org\/{rel}","templated":true}]}}