{"id":37740,"date":"2025-02-26T13:43:09","date_gmt":"2025-02-26T19:43:09","guid":{"rendered":"https:\/\/contextoanalisisperiodistico.com\/index.php\/2025\/02\/26\/galardona-sso-al-medico-roberto-cabrera-carino-por-su-investigacion-en-salud-materno-infantil\/"},"modified":"2025-02-26T13:44:16","modified_gmt":"2025-02-26T19:44:16","slug":"galardona-sso-al-medico-roberto-cabrera-carino-por-su-investigacion-en-salud-materno-infantil","status":"publish","type":"post","link":"https:\/\/contextoanalisisperiodistico.com\/index.php\/2025\/02\/26\/galardona-sso-al-medico-roberto-cabrera-carino-por-su-investigacion-en-salud-materno-infantil\/","title":{"rendered":"Galardona SSO al m\u00e9dico Roberto Cabrera Cari\u00f1o por investigaci\u00f3n en salud materno-infantil"},"content":{"rendered":"<div id=\"fb-root\"><\/div>\n\n<p>\u2022 La dependencia le otorg\u00f3 el Premio Estatal de Investigaci\u00f3n en Salud 2024<\/p>\n\n\n\n<figure class=\"wp-block-image size-large\"><img fetchpriority=\"high\" decoding=\"async\" width=\"1024\" height=\"654\" src=\"https:\/\/contextoanalisisperiodistico.com\/wp-content\/uploads\/2025\/02\/img-20250226-wa00823066104399287119117-1024x654.jpg\" alt=\"\" class=\"wp-image-37739\" srcset=\"https:\/\/contextoanalisisperiodistico.com\/wp-content\/uploads\/2025\/02\/img-20250226-wa00823066104399287119117-1024x654.jpg 1024w, https:\/\/contextoanalisisperiodistico.com\/wp-content\/uploads\/2025\/02\/img-20250226-wa00823066104399287119117-300x192.jpg 300w, https:\/\/contextoanalisisperiodistico.com\/wp-content\/uploads\/2025\/02\/img-20250226-wa00823066104399287119117-768x491.jpg 768w, https:\/\/contextoanalisisperiodistico.com\/wp-content\/uploads\/2025\/02\/img-20250226-wa00823066104399287119117.jpg 1514w\" sizes=\"(max-width: 1024px) 100vw, 1024px\" \/><\/figure>\n\n\n\n<p>\u2022 Por su destacada investigaci\u00f3n sobre el corioangioma, un tumor benigno que se nutre de la placenta durante el embarazo, tambi\u00e9n fue reconocido por la Federaci\u00f3n Mexicana de Ginecolog\u00eda y Obstetricia<\/p>\n\n\n\n<p>San Juan Bautista Tuxtepec, Oax. 26 de febrero de 2025.- Por su investigaci\u00f3n sobre el corioangioma, un tumor benigno que se nutre de la placenta durante el embarazo, el m\u00e9dico Roberto Cabrera Cari\u00f1o, reci\u00e9n egresado del servicio de Ginecolog\u00eda y Obstetricia del Hospital General de Tuxtepec de IMSS-Bienestar, fue galardonado con el Premio Estatal de Investigaci\u00f3n en Salud 2024, otorgado por Servicios de Salud de Oaxaca (SSO).<\/p>\n\n\n\n<p>Su estudio se bas\u00f3 en el seguimiento y an\u00e1lisis de una paciente de 23 a\u00f1os con un embarazo de alto riesgo debido a esta rara condici\u00f3n, la cual aunque es poco frecuente, puede generar complicaciones graves, incluyendo un aumento en la mortalidad fetal. En este caso, adem\u00e1s del corioangioma, la paciente presentaba s\u00edntomas de preeclampsia, lo que incrementaba a\u00fan m\u00e1s el riesgo.<\/p>\n\n\n\n<p>Gracias a la intervenci\u00f3n oportuna del equipo de Ginecolog\u00eda y Obstetricia del Hospital General de Tuxtepec, liderado por el entonces residente Roberto Cabrera Cari\u00f1o y su asesor, el especialista Marco Antonio Amoroso Hern\u00e1ndez; la paciente, originaria de San Felipe Jalapa de D\u00edaz, logr\u00f3 llevar su embarazo a t\u00e9rmino, dando a luz a un beb\u00e9 sano.<\/p>\n\n\n\n<p>El reconocimiento a esta investigaci\u00f3n trascendi\u00f3 el \u00e1mbito estatal, ya que tambi\u00e9n fue seleccionada por la Federaci\u00f3n Mexicana de Ginecolog\u00eda y Obstetricia para su presentaci\u00f3n en el LXXII Congreso Nacional de Ginecolog\u00eda y Obstetricia, junto con otros dos trabajos de m\u00e9dicos residentes del nosocomio.<\/p>\n\n\n\n<p>Sobre su experiencia en el centro m\u00e9dico, Cabrera Cari\u00f1o expres\u00f3 sentirse orgulloso de haber realizado su especialidad en una unidad m\u00e9dica de alta concentraci\u00f3n, que diariamente enfrenta los retos de las comunidades a su cargo. Adem\u00e1s, reconoci\u00f3 la labor de sus docentes, destacando su entrega, compromiso y vocaci\u00f3n para formar a nuevas generaciones de especialistas.<\/p>\n\n\n\n<p>Comparti\u00f3 que su inter\u00e9s en la ginecolog\u00eda surgi\u00f3 desde su infancia, al presenciar las dificultades que enfrent\u00f3 su madre durante su atenci\u00f3n obst\u00e9trica. Ese recuerdo lo motiv\u00f3 para especializarse en la disciplina y a dedicarse con pasi\u00f3n a cada una de sus pacientes, honrando siempre la historia que lo inspir\u00f3.<\/p>\n\n\n\n<p>Mediante investigaciones como esta, el Hospital General de Tuxtepec reafirma su compromiso con la salud materno-infantil y la formaci\u00f3n de profesionales altamente capacitados para enfrentar los desaf\u00edos m\u00e9dicos en la regi\u00f3n.<\/p>\n\n\n\n<p>-0-<\/p>\n","protected":false},"excerpt":{"rendered":"<p>\u2022 La dependencia le otorg\u00f3 el Premio Estatal de Investigaci\u00f3n en Salud 2024 \u2022 Por&#8230;<\/p>\n","protected":false},"author":4,"featured_media":37738,"comment_status":"closed","ping_status":"open","sticky":false,"template":"","format":"standard","meta":{"footnotes":""},"categories":[92],"tags":[],"jetpack_sharing_enabled":true,"featured_image_urls":{"full":["https:\/\/contextoanalisisperiodistico.com\/wp-content\/uploads\/2025\/02\/IMG-20250226-WA0081.jpg",900,1600,false],"thumbnail":["https:\/\/contextoanalisisperiodistico.com\/wp-content\/uploads\/2025\/02\/IMG-20250226-WA0081-150x150.jpg",150,150,true],"medium":["https:\/\/contextoanalisisperiodistico.com\/wp-content\/uploads\/2025\/02\/IMG-20250226-WA0081-169x300.jpg",169,300,true],"medium_large":["https:\/\/contextoanalisisperiodistico.com\/wp-content\/uploads\/2025\/02\/IMG-20250226-WA0081-768x1365.jpg",640,1138,true],"large":["https:\/\/contextoanalisisperiodistico.com\/wp-content\/uploads\/2025\/02\/IMG-20250226-WA0081-576x1024.jpg",576,1024,true],"1536x1536":["https:\/\/contextoanalisisperiodistico.com\/wp-content\/uploads\/2025\/02\/IMG-20250226-WA0081-864x1536.jpg",864,1536,true],"2048x2048":["https:\/\/contextoanalisisperiodistico.com\/wp-content\/uploads\/2025\/02\/IMG-20250226-WA0081.jpg",900,1600,false],"covernews-slider-full":["https:\/\/contextoanalisisperiodistico.com\/wp-content\/uploads\/2025\/02\/IMG-20250226-WA0081-900x715.jpg",900,715,true],"covernews-slider-center":["https:\/\/contextoanalisisperiodistico.com\/wp-content\/uploads\/2025\/02\/IMG-20250226-WA0081-800x500.jpg",800,500,true],"covernews-featured":["https:\/\/contextoanalisisperiodistico.com\/wp-content\/uploads\/2025\/02\/IMG-20250226-WA0081.jpg",900,1600,false],"covernews-medium":["https:\/\/contextoanalisisperiodistico.com\/wp-content\/uploads\/2025\/02\/IMG-20250226-WA0081-540x340.jpg",540,340,true],"covernews-medium-square":["https:\/\/contextoanalisisperiodistico.com\/wp-content\/uploads\/2025\/02\/IMG-20250226-WA0081-400x250.jpg",400,250,true]},"author_info":{"display_name":"Mario Gir\u00f3n","author_link":"https:\/\/contextoanalisisperiodistico.com\/index.php\/author\/director\/"},"category_info":"<a href=\"https:\/\/contextoanalisisperiodistico.com\/index.php\/category\/salud\/\" rel=\"category tag\">Salud<\/a>","tag_info":"Salud","comment_count":"0","jetpack_featured_media_url":"https:\/\/contextoanalisisperiodistico.com\/wp-content\/uploads\/2025\/02\/IMG-20250226-WA0081.jpg","_links":{"self":[{"href":"https:\/\/contextoanalisisperiodistico.com\/index.php\/wp-json\/wp\/v2\/posts\/37740"}],"collection":[{"href":"https:\/\/contextoanalisisperiodistico.com\/index.php\/wp-json\/wp\/v2\/posts"}],"about":[{"href":"https:\/\/contextoanalisisperiodistico.com\/index.php\/wp-json\/wp\/v2\/types\/post"}],"author":[{"embeddable":true,"href":"https:\/\/contextoanalisisperiodistico.com\/index.php\/wp-json\/wp\/v2\/users\/4"}],"replies":[{"embeddable":true,"href":"https:\/\/contextoanalisisperiodistico.com\/index.php\/wp-json\/wp\/v2\/comments?post=37740"}],"version-history":[{"count":1,"href":"https:\/\/contextoanalisisperiodistico.com\/index.php\/wp-json\/wp\/v2\/posts\/37740\/revisions"}],"predecessor-version":[{"id":37741,"href":"https:\/\/contextoanalisisperiodistico.com\/index.php\/wp-json\/wp\/v2\/posts\/37740\/revisions\/37741"}],"wp:featuredmedia":[{"embeddable":true,"href":"https:\/\/contextoanalisisperiodistico.com\/index.php\/wp-json\/wp\/v2\/media\/37738"}],"wp:attachment":[{"href":"https:\/\/contextoanalisisperiodistico.com\/index.php\/wp-json\/wp\/v2\/media?parent=37740"}],"wp:term":[{"taxonomy":"category","embeddable":true,"href":"https:\/\/contextoanalisisperiodistico.com\/index.php\/wp-json\/wp\/v2\/categories?post=37740"},{"taxonomy":"post_tag","embeddable":true,"href":"https:\/\/contextoanalisisperiodistico.com\/index.php\/wp-json\/wp\/v2\/tags?post=37740"}],"curies":[{"name":"wp","href":"https:\/\/api.w.org\/{rel}","templated":true}]}}