{"id":37737,"date":"2025-02-26T13:29:20","date_gmt":"2025-02-26T19:29:20","guid":{"rendered":"https:\/\/contextoanalisisperiodistico.com\/index.php\/2025\/02\/26\/ninas-y-ninos-disfrutan-de-minutos-para-imaginar-junto-a-salomon-jara-y-la-presidenta-honoraria-del-dif-oaxaca\/"},"modified":"2025-02-26T13:29:20","modified_gmt":"2025-02-26T19:29:20","slug":"ninas-y-ninos-disfrutan-de-minutos-para-imaginar-junto-a-salomon-jara-y-la-presidenta-honoraria-del-dif-oaxaca","status":"publish","type":"post","link":"https:\/\/contextoanalisisperiodistico.com\/index.php\/2025\/02\/26\/ninas-y-ninos-disfrutan-de-minutos-para-imaginar-junto-a-salomon-jara-y-la-presidenta-honoraria-del-dif-oaxaca\/","title":{"rendered":"Ni\u00f1as y ni\u00f1os disfrutan de \u201cMinutos para Imaginar\u201d junto a Salom\u00f3n Jara y la Presidenta Honoraria del DIF Oaxaca"},"content":{"rendered":"<div id=\"fb-root\"><\/div>\n\n<p>\u2022 El Parque Primavera Oaxaque\u00f1a fue sede de la mega lectura en la que se reafirm\u00f3 el compromiso por las infancias y seguir impulsando el gusto por los libros<\/p>\n\n\n\n<figure class=\"wp-block-image size-large\"><img fetchpriority=\"high\" decoding=\"async\" width=\"1024\" height=\"682\" src=\"https:\/\/contextoanalisisperiodistico.com\/wp-content\/uploads\/2025\/02\/img-20250226-wa00667250960922920744326-1024x682.jpg\" alt=\"\" class=\"wp-image-37732\" srcset=\"https:\/\/contextoanalisisperiodistico.com\/wp-content\/uploads\/2025\/02\/img-20250226-wa00667250960922920744326-1024x682.jpg 1024w, https:\/\/contextoanalisisperiodistico.com\/wp-content\/uploads\/2025\/02\/img-20250226-wa00667250960922920744326-300x200.jpg 300w, https:\/\/contextoanalisisperiodistico.com\/wp-content\/uploads\/2025\/02\/img-20250226-wa00667250960922920744326-768x512.jpg 768w, https:\/\/contextoanalisisperiodistico.com\/wp-content\/uploads\/2025\/02\/img-20250226-wa00667250960922920744326-1536x1023.jpg 1536w, https:\/\/contextoanalisisperiodistico.com\/wp-content\/uploads\/2025\/02\/img-20250226-wa00667250960922920744326.jpg 1600w\" sizes=\"(max-width: 1024px) 100vw, 1024px\" \/><\/figure>\n\n\n\n<figure class=\"wp-block-image\"><img decoding=\"async\" width=\"1024\" height=\"682\" src=\"https:\/\/contextoanalisisperiodistico.com\/wp-content\/uploads\/2025\/02\/img-20250226-wa00671507646886263640852-1024x682.jpg\" alt=\"\" class=\"wp-image-37733\" srcset=\"https:\/\/contextoanalisisperiodistico.com\/wp-content\/uploads\/2025\/02\/img-20250226-wa00671507646886263640852-1024x682.jpg 1024w, https:\/\/contextoanalisisperiodistico.com\/wp-content\/uploads\/2025\/02\/img-20250226-wa00671507646886263640852-300x200.jpg 300w, https:\/\/contextoanalisisperiodistico.com\/wp-content\/uploads\/2025\/02\/img-20250226-wa00671507646886263640852-768x512.jpg 768w, https:\/\/contextoanalisisperiodistico.com\/wp-content\/uploads\/2025\/02\/img-20250226-wa00671507646886263640852-1536x1023.jpg 1536w, https:\/\/contextoanalisisperiodistico.com\/wp-content\/uploads\/2025\/02\/img-20250226-wa00671507646886263640852.jpg 1600w\" sizes=\"(max-width: 1024px) 100vw, 1024px\" \/><\/figure>\n\n\n\n<figure class=\"wp-block-image\"><img decoding=\"async\" width=\"1024\" height=\"682\" src=\"https:\/\/contextoanalisisperiodistico.com\/wp-content\/uploads\/2025\/02\/img-20250226-wa00712170518964550767055-1024x682.jpg\" alt=\"\" class=\"wp-image-37734\" srcset=\"https:\/\/contextoanalisisperiodistico.com\/wp-content\/uploads\/2025\/02\/img-20250226-wa00712170518964550767055-1024x682.jpg 1024w, https:\/\/contextoanalisisperiodistico.com\/wp-content\/uploads\/2025\/02\/img-20250226-wa00712170518964550767055-300x200.jpg 300w, https:\/\/contextoanalisisperiodistico.com\/wp-content\/uploads\/2025\/02\/img-20250226-wa00712170518964550767055-768x512.jpg 768w, https:\/\/contextoanalisisperiodistico.com\/wp-content\/uploads\/2025\/02\/img-20250226-wa00712170518964550767055-1536x1023.jpg 1536w, https:\/\/contextoanalisisperiodistico.com\/wp-content\/uploads\/2025\/02\/img-20250226-wa00712170518964550767055.jpg 1600w\" sizes=\"(max-width: 1024px) 100vw, 1024px\" \/><\/figure>\n\n\n\n<figure class=\"wp-block-image\"><img loading=\"lazy\" decoding=\"async\" width=\"1024\" height=\"682\" src=\"https:\/\/contextoanalisisperiodistico.com\/wp-content\/uploads\/2025\/02\/img-20250226-wa00692672386073105733754-1024x682.jpg\" alt=\"\" class=\"wp-image-37735\" srcset=\"https:\/\/contextoanalisisperiodistico.com\/wp-content\/uploads\/2025\/02\/img-20250226-wa00692672386073105733754-1024x682.jpg 1024w, https:\/\/contextoanalisisperiodistico.com\/wp-content\/uploads\/2025\/02\/img-20250226-wa00692672386073105733754-300x200.jpg 300w, https:\/\/contextoanalisisperiodistico.com\/wp-content\/uploads\/2025\/02\/img-20250226-wa00692672386073105733754-768x512.jpg 768w, https:\/\/contextoanalisisperiodistico.com\/wp-content\/uploads\/2025\/02\/img-20250226-wa00692672386073105733754-1536x1023.jpg 1536w, https:\/\/contextoanalisisperiodistico.com\/wp-content\/uploads\/2025\/02\/img-20250226-wa00692672386073105733754.jpg 1600w\" sizes=\"(max-width: 1024px) 100vw, 1024px\" \/><\/figure>\n\n\n\n<figure class=\"wp-block-image\"><img loading=\"lazy\" decoding=\"async\" width=\"1024\" height=\"682\" src=\"https:\/\/contextoanalisisperiodistico.com\/wp-content\/uploads\/2025\/02\/img-20250226-wa00726134133798718599415-1024x682.jpg\" alt=\"\" class=\"wp-image-37736\" srcset=\"https:\/\/contextoanalisisperiodistico.com\/wp-content\/uploads\/2025\/02\/img-20250226-wa00726134133798718599415-1024x682.jpg 1024w, https:\/\/contextoanalisisperiodistico.com\/wp-content\/uploads\/2025\/02\/img-20250226-wa00726134133798718599415-300x200.jpg 300w, https:\/\/contextoanalisisperiodistico.com\/wp-content\/uploads\/2025\/02\/img-20250226-wa00726134133798718599415-768x512.jpg 768w, https:\/\/contextoanalisisperiodistico.com\/wp-content\/uploads\/2025\/02\/img-20250226-wa00726134133798718599415-1536x1023.jpg 1536w, https:\/\/contextoanalisisperiodistico.com\/wp-content\/uploads\/2025\/02\/img-20250226-wa00726134133798718599415.jpg 1600w\" sizes=\"(max-width: 1024px) 100vw, 1024px\" \/><\/figure>\n\n\n\n<p>Oaxaca de Ju\u00e1rez, Oax. 26 de febrero de 2025.- Cerca de mil 300 ni\u00f1as y ni\u00f1os de centros escolares ubicados en colonias y agencias de la capital oaxaque\u00f1a, participaron en la mega lectura del programa \u201cMinutos para Imaginar\u201d junto al Gobernador Salom\u00f3n Jara Cruz y la Presidenta Honoraria del Sistema para el Desarrollo Integral de la Familia (DIF) Oaxaca, Irma Bola\u00f1os Quijano.<\/p>\n\n\n\n<p>El punto de encuentro fue el recinto ferial del Parque Primavera Oaxaque\u00f1a Cho Ndob\u00e1, donde los cuentos permitieron establecer un puente de comunicaci\u00f3n entre la ni\u00f1ez, el Mandatario estatal y la Presidenta Honoraria.<\/p>\n\n\n\n<p>Con mucho entusiasmo y alegr\u00eda, el alumnado escuch\u00f3 atento en voz del Gobernador del Estado y de ni\u00f1as participantes, la historia de \u201cEl peque\u00f1o osito y el gran mundo, un libro con valores y virtudes\u201d escrito por Ellie Patterson, con el cual recordaron la belleza de la amistad.<\/p>\n\n\n\n<p>Mientras la historia avanzaba, el asombro aumentaba y descubr\u00edan las aventuras del peque\u00f1o osito que anhelaba ser valiente frente a la vida.<\/p>\n\n\n\n<p>La imaginaci\u00f3n y viaje a otros lugares, incentiv\u00f3 el inter\u00e9s para que esta actividad se repita en sus escuelas, casas o con sus amigas y amigos.<\/p>\n\n\n\n<p>En este tenor, Bola\u00f1os Quijano extern\u00f3 su satisfacci\u00f3n por los resultados logrados con la implementaci\u00f3n del programa \u201cMinutos para Imaginar\u201d, tanto en este espacio p\u00fablico como en las localidades y municipios del estado, toda vez que se toma en cuenta a la ni\u00f1ez y se vigilan sus derechos.<\/p>\n\n\n\n<p>En esta ocasi\u00f3n se cont\u00f3 con la presencia de ni\u00f1as y ni\u00f1os que habitan en las colonias Moctezuma y Am\u00e9rica Sur, as\u00ed como de las agencias de la capital oaxaque\u00f1a tales como Montoya, Dolores, Pueblo Nuevo y Santa Rosa Panzacola.<\/p>\n\n\n\n<p>A su vez, el Gobernador oaxaque\u00f1o, resalt\u00f3 el compromiso de la presente administraci\u00f3n estatal con el Inter\u00e9s Superior de la Ni\u00f1ez y Adolescencia, al tiempo de trabajar en la implementaci\u00f3n de pol\u00edticas p\u00fablicas para lograr el bienestar que impacte en su desarrollo f\u00edsico y emocional.<\/p>\n\n\n\n<p>Como en cada emisi\u00f3n de \u201cMinutos para Imaginar\u201d, las y los anfitriones de este evento plasmaron en un dibujo su escena favorita o ense\u00f1anza de la historia que se ley\u00f3 en esta actividad y participaron en una activaci\u00f3n f\u00edsica junto a Tach\u00ed, el guardi\u00e1n de los derechos de la ni\u00f1ez oaxaque\u00f1a.<\/p>\n\n\n\n<p>Con estas acciones, el Sistema Estatal DIF reafirma su compromiso con las infancias al garantizar su acceso a los libros y al conocimiento.<\/p>\n\n\n\n<p>-0-<\/p>\n","protected":false},"excerpt":{"rendered":"<p>\u2022 El Parque Primavera Oaxaque\u00f1a fue sede de la mega lectura en la que se&#8230;<\/p>\n","protected":false},"author":4,"featured_media":37731,"comment_status":"","ping_status":"open","sticky":false,"template":"","format":"standard","meta":{"footnotes":""},"categories":[9],"tags":[],"jetpack_sharing_enabled":true,"featured_image_urls":{"full":["https:\/\/contextoanalisisperiodistico.com\/wp-content\/uploads\/2025\/02\/IMG-20250226-WA0065.jpg",1600,1066,false],"thumbnail":["https:\/\/contextoanalisisperiodistico.com\/wp-content\/uploads\/2025\/02\/IMG-20250226-WA0065-150x150.jpg",150,150,true],"medium":["https:\/\/contextoanalisisperiodistico.com\/wp-content\/uploads\/2025\/02\/IMG-20250226-WA0065-300x200.jpg",300,200,true],"medium_large":["https:\/\/contextoanalisisperiodistico.com\/wp-content\/uploads\/2025\/02\/IMG-20250226-WA0065-768x512.jpg",640,427,true],"large":["https:\/\/contextoanalisisperiodistico.com\/wp-content\/uploads\/2025\/02\/IMG-20250226-WA0065-1024x682.jpg",640,426,true],"1536x1536":["https:\/\/contextoanalisisperiodistico.com\/wp-content\/uploads\/2025\/02\/IMG-20250226-WA0065-1536x1023.jpg",1536,1023,true],"2048x2048":["https:\/\/contextoanalisisperiodistico.com\/wp-content\/uploads\/2025\/02\/IMG-20250226-WA0065.jpg",1600,1066,false],"covernews-slider-full":["https:\/\/contextoanalisisperiodistico.com\/wp-content\/uploads\/2025\/02\/IMG-20250226-WA0065-1115x715.jpg",1115,715,true],"covernews-slider-center":["https:\/\/contextoanalisisperiodistico.com\/wp-content\/uploads\/2025\/02\/IMG-20250226-WA0065-800x500.jpg",800,500,true],"covernews-featured":["https:\/\/contextoanalisisperiodistico.com\/wp-content\/uploads\/2025\/02\/IMG-20250226-WA0065-1024x682.jpg",1024,682,true],"covernews-medium":["https:\/\/contextoanalisisperiodistico.com\/wp-content\/uploads\/2025\/02\/IMG-20250226-WA0065-540x340.jpg",540,340,true],"covernews-medium-square":["https:\/\/contextoanalisisperiodistico.com\/wp-content\/uploads\/2025\/02\/IMG-20250226-WA0065-400x250.jpg",400,250,true]},"author_info":{"display_name":"Mario Gir\u00f3n","author_link":"https:\/\/contextoanalisisperiodistico.com\/index.php\/author\/director\/"},"category_info":"<a href=\"https:\/\/contextoanalisisperiodistico.com\/index.php\/category\/politica\/\" rel=\"category tag\">Pol\u00edtica<\/a>","tag_info":"Pol\u00edtica","comment_count":"0","jetpack_featured_media_url":"https:\/\/contextoanalisisperiodistico.com\/wp-content\/uploads\/2025\/02\/IMG-20250226-WA0065.jpg","_links":{"self":[{"href":"https:\/\/contextoanalisisperiodistico.com\/index.php\/wp-json\/wp\/v2\/posts\/37737"}],"collection":[{"href":"https:\/\/contextoanalisisperiodistico.com\/index.php\/wp-json\/wp\/v2\/posts"}],"about":[{"href":"https:\/\/contextoanalisisperiodistico.com\/index.php\/wp-json\/wp\/v2\/types\/post"}],"author":[{"embeddable":true,"href":"https:\/\/contextoanalisisperiodistico.com\/index.php\/wp-json\/wp\/v2\/users\/4"}],"replies":[{"embeddable":true,"href":"https:\/\/contextoanalisisperiodistico.com\/index.php\/wp-json\/wp\/v2\/comments?post=37737"}],"version-history":[{"count":0,"href":"https:\/\/contextoanalisisperiodistico.com\/index.php\/wp-json\/wp\/v2\/posts\/37737\/revisions"}],"wp:featuredmedia":[{"embeddable":true,"href":"https:\/\/contextoanalisisperiodistico.com\/index.php\/wp-json\/wp\/v2\/media\/37731"}],"wp:attachment":[{"href":"https:\/\/contextoanalisisperiodistico.com\/index.php\/wp-json\/wp\/v2\/media?parent=37737"}],"wp:term":[{"taxonomy":"category","embeddable":true,"href":"https:\/\/contextoanalisisperiodistico.com\/index.php\/wp-json\/wp\/v2\/categories?post=37737"},{"taxonomy":"post_tag","embeddable":true,"href":"https:\/\/contextoanalisisperiodistico.com\/index.php\/wp-json\/wp\/v2\/tags?post=37737"}],"curies":[{"name":"wp","href":"https:\/\/api.w.org\/{rel}","templated":true}]}}