{"id":37724,"date":"2025-02-26T10:41:57","date_gmt":"2025-02-26T16:41:57","guid":{"rendered":"https:\/\/contextoanalisisperiodistico.com\/index.php\/2025\/02\/26\/logran-acuerdos-para-ruta-de-paz-y-reconciliacion-de-santo-domingo-petapa-y-san-isidro-platanillo\/"},"modified":"2025-02-26T10:41:57","modified_gmt":"2025-02-26T16:41:57","slug":"logran-acuerdos-para-ruta-de-paz-y-reconciliacion-de-santo-domingo-petapa-y-san-isidro-platanillo","status":"publish","type":"post","link":"https:\/\/contextoanalisisperiodistico.com\/index.php\/2025\/02\/26\/logran-acuerdos-para-ruta-de-paz-y-reconciliacion-de-santo-domingo-petapa-y-san-isidro-platanillo\/","title":{"rendered":"Logran acuerdos para ruta de paz y reconciliaci\u00f3n de Santo Domingo Petapa y San Isidro Platanillo"},"content":{"rendered":"<div id=\"fb-root\"><\/div>\n\n<p>\u2022 Se presentar\u00e1 un plan de atenci\u00f3n integral a las familias en situaci\u00f3n de desplazamiento forzado que estar\u00e1 a cargo de la CADH<\/p>\n\n\n\n<figure class=\"wp-block-image size-large\"><img fetchpriority=\"high\" decoding=\"async\" width=\"1024\" height=\"682\" src=\"https:\/\/contextoanalisisperiodistico.com\/wp-content\/uploads\/2025\/02\/img-20250226-wa00311032324180771924708-1024x682.jpg\" alt=\"\" class=\"wp-image-37723\" srcset=\"https:\/\/contextoanalisisperiodistico.com\/wp-content\/uploads\/2025\/02\/img-20250226-wa00311032324180771924708-1024x682.jpg 1024w, https:\/\/contextoanalisisperiodistico.com\/wp-content\/uploads\/2025\/02\/img-20250226-wa00311032324180771924708-300x200.jpg 300w, https:\/\/contextoanalisisperiodistico.com\/wp-content\/uploads\/2025\/02\/img-20250226-wa00311032324180771924708-768x512.jpg 768w, https:\/\/contextoanalisisperiodistico.com\/wp-content\/uploads\/2025\/02\/img-20250226-wa00311032324180771924708.jpg 1280w\" sizes=\"(max-width: 1024px) 100vw, 1024px\" \/><\/figure>\n\n\n\n<figure class=\"wp-block-image\"><img decoding=\"async\" width=\"1024\" height=\"682\" src=\"https:\/\/contextoanalisisperiodistico.com\/wp-content\/uploads\/2025\/02\/img-20250226-wa00333425650396125441276-1024x682.jpg\" alt=\"\" class=\"wp-image-37722\" srcset=\"https:\/\/contextoanalisisperiodistico.com\/wp-content\/uploads\/2025\/02\/img-20250226-wa00333425650396125441276-1024x682.jpg 1024w, https:\/\/contextoanalisisperiodistico.com\/wp-content\/uploads\/2025\/02\/img-20250226-wa00333425650396125441276-300x200.jpg 300w, https:\/\/contextoanalisisperiodistico.com\/wp-content\/uploads\/2025\/02\/img-20250226-wa00333425650396125441276-768x512.jpg 768w, https:\/\/contextoanalisisperiodistico.com\/wp-content\/uploads\/2025\/02\/img-20250226-wa00333425650396125441276.jpg 1280w\" sizes=\"(max-width: 1024px) 100vw, 1024px\" \/><\/figure>\n\n\n\n<figure class=\"wp-block-image\"><img decoding=\"async\" width=\"1024\" height=\"682\" src=\"https:\/\/contextoanalisisperiodistico.com\/wp-content\/uploads\/2025\/02\/img-20250226-wa00321671794252194476864-1024x682.jpg\" alt=\"\" class=\"wp-image-37721\" srcset=\"https:\/\/contextoanalisisperiodistico.com\/wp-content\/uploads\/2025\/02\/img-20250226-wa00321671794252194476864-1024x682.jpg 1024w, https:\/\/contextoanalisisperiodistico.com\/wp-content\/uploads\/2025\/02\/img-20250226-wa00321671794252194476864-300x200.jpg 300w, https:\/\/contextoanalisisperiodistico.com\/wp-content\/uploads\/2025\/02\/img-20250226-wa00321671794252194476864-768x512.jpg 768w, https:\/\/contextoanalisisperiodistico.com\/wp-content\/uploads\/2025\/02\/img-20250226-wa00321671794252194476864.jpg 1280w\" sizes=\"(max-width: 1024px) 100vw, 1024px\" \/><\/figure>\n\n\n\n<p>Oaxaca de Ju\u00e1rez, Oax., 26 de febrero de 2025.- De la mano de la autoridad municipal y agraria de Santo Domingo Petapa y su agencia San Isidro Platanillo, la Secretar\u00eda de Gobierno (Sego), que encabeza Jes\u00fas Romero L\u00f3pez, construye a trav\u00e9s del di\u00e1logo una ruta de paz y reconciliaci\u00f3n en esta comunidad.<\/p>\n\n\n\n<p>Tras una reuni\u00f3n efectuada este martes en la que participaron la Secretar\u00eda de Gobernaci\u00f3n (Segob), el Registro Agrario Nacional (RAN), la Procuradur\u00eda Agraria (PA), Vivienda Bienestar (Vibien), la Junta de Conciliaci\u00f3n Agraria del Estado, as\u00ed como autoridades de Santo Domingo Petapa y San Isidro Platanillo, se alcanzaron diversos acuerdos.<\/p>\n\n\n\n<p>Algunos de los puntos alcanzados fue realizar una reuni\u00f3n el pr\u00f3ximo 5 de marzo en Santo Domingo Petapa con las familias en situaci\u00f3n de desplazamiento forzado interno, para presentarles un plan de atenci\u00f3n integral que estar\u00e1 a cargo de la Coordinaci\u00f3n para la Atenci\u00f3n de los Derechos Humanos (CADH).<\/p>\n\n\n\n<p>Por su parte, el titular de la Sego mostr\u00f3 su intenci\u00f3n de encabezar una comisi\u00f3n que acuda a principios de marzo a la agencia Platanillo para informar a las y los habitantes sobre un plan de trabajo que logre sembrar la semilla de paz entre la comunidad.<\/p>\n\n\n\n<p>Asimismo, reconoci\u00f3 a las partes involucradas su disposici\u00f3n para iniciar el di\u00e1logo que permita alcanzar la paz y el bienestar de las y los pobladores.<\/p>\n\n\n\n<p>Romero L\u00f3pez puntualiz\u00f3 que actualmente se mantiene el acompa\u00f1amiento y seguridad en la regi\u00f3n Istmo de Tehuantepec para garantizar la gobernabilidad en la zona.<\/p>\n\n\n\n<p>-0-<\/p>\n","protected":false},"excerpt":{"rendered":"<p>\u2022 Se presentar\u00e1 un plan de atenci\u00f3n integral a las familias en situaci\u00f3n de desplazamiento&#8230;<\/p>\n","protected":false},"author":4,"featured_media":37720,"comment_status":"","ping_status":"open","sticky":false,"template":"","format":"standard","meta":{"footnotes":""},"categories":[9],"tags":[],"jetpack_sharing_enabled":true,"featured_image_urls":{"full":["https:\/\/contextoanalisisperiodistico.com\/wp-content\/uploads\/2025\/02\/IMG-20250226-WA0030.jpg",1280,853,false],"thumbnail":["https:\/\/contextoanalisisperiodistico.com\/wp-content\/uploads\/2025\/02\/IMG-20250226-WA0030-150x150.jpg",150,150,true],"medium":["https:\/\/contextoanalisisperiodistico.com\/wp-content\/uploads\/2025\/02\/IMG-20250226-WA0030-300x200.jpg",300,200,true],"medium_large":["https:\/\/contextoanalisisperiodistico.com\/wp-content\/uploads\/2025\/02\/IMG-20250226-WA0030-768x512.jpg",640,427,true],"large":["https:\/\/contextoanalisisperiodistico.com\/wp-content\/uploads\/2025\/02\/IMG-20250226-WA0030-1024x682.jpg",640,426,true],"1536x1536":["https:\/\/contextoanalisisperiodistico.com\/wp-content\/uploads\/2025\/02\/IMG-20250226-WA0030.jpg",1280,853,false],"2048x2048":["https:\/\/contextoanalisisperiodistico.com\/wp-content\/uploads\/2025\/02\/IMG-20250226-WA0030.jpg",1280,853,false],"covernews-slider-full":["https:\/\/contextoanalisisperiodistico.com\/wp-content\/uploads\/2025\/02\/IMG-20250226-WA0030-1115x715.jpg",1115,715,true],"covernews-slider-center":["https:\/\/contextoanalisisperiodistico.com\/wp-content\/uploads\/2025\/02\/IMG-20250226-WA0030-800x500.jpg",800,500,true],"covernews-featured":["https:\/\/contextoanalisisperiodistico.com\/wp-content\/uploads\/2025\/02\/IMG-20250226-WA0030-1024x682.jpg",1024,682,true],"covernews-medium":["https:\/\/contextoanalisisperiodistico.com\/wp-content\/uploads\/2025\/02\/IMG-20250226-WA0030-540x340.jpg",540,340,true],"covernews-medium-square":["https:\/\/contextoanalisisperiodistico.com\/wp-content\/uploads\/2025\/02\/IMG-20250226-WA0030-400x250.jpg",400,250,true]},"author_info":{"display_name":"Mario Gir\u00f3n","author_link":"https:\/\/contextoanalisisperiodistico.com\/index.php\/author\/director\/"},"category_info":"<a href=\"https:\/\/contextoanalisisperiodistico.com\/index.php\/category\/politica\/\" rel=\"category tag\">Pol\u00edtica<\/a>","tag_info":"Pol\u00edtica","comment_count":"0","jetpack_featured_media_url":"https:\/\/contextoanalisisperiodistico.com\/wp-content\/uploads\/2025\/02\/IMG-20250226-WA0030.jpg","_links":{"self":[{"href":"https:\/\/contextoanalisisperiodistico.com\/index.php\/wp-json\/wp\/v2\/posts\/37724"}],"collection":[{"href":"https:\/\/contextoanalisisperiodistico.com\/index.php\/wp-json\/wp\/v2\/posts"}],"about":[{"href":"https:\/\/contextoanalisisperiodistico.com\/index.php\/wp-json\/wp\/v2\/types\/post"}],"author":[{"embeddable":true,"href":"https:\/\/contextoanalisisperiodistico.com\/index.php\/wp-json\/wp\/v2\/users\/4"}],"replies":[{"embeddable":true,"href":"https:\/\/contextoanalisisperiodistico.com\/index.php\/wp-json\/wp\/v2\/comments?post=37724"}],"version-history":[{"count":0,"href":"https:\/\/contextoanalisisperiodistico.com\/index.php\/wp-json\/wp\/v2\/posts\/37724\/revisions"}],"wp:featuredmedia":[{"embeddable":true,"href":"https:\/\/contextoanalisisperiodistico.com\/index.php\/wp-json\/wp\/v2\/media\/37720"}],"wp:attachment":[{"href":"https:\/\/contextoanalisisperiodistico.com\/index.php\/wp-json\/wp\/v2\/media?parent=37724"}],"wp:term":[{"taxonomy":"category","embeddable":true,"href":"https:\/\/contextoanalisisperiodistico.com\/index.php\/wp-json\/wp\/v2\/categories?post=37724"},{"taxonomy":"post_tag","embeddable":true,"href":"https:\/\/contextoanalisisperiodistico.com\/index.php\/wp-json\/wp\/v2\/tags?post=37724"}],"curies":[{"name":"wp","href":"https:\/\/api.w.org\/{rel}","templated":true}]}}