{"id":37667,"date":"2025-02-24T14:41:02","date_gmt":"2025-02-24T20:41:02","guid":{"rendered":"https:\/\/contextoanalisisperiodistico.com\/index.php\/2025\/02\/24\/colabora-citybus-oaxaca-en-investigacion-de-accidente-con-ciclista\/"},"modified":"2025-02-24T14:41:02","modified_gmt":"2025-02-24T20:41:02","slug":"colabora-citybus-oaxaca-en-investigacion-de-accidente-con-ciclista","status":"publish","type":"post","link":"https:\/\/contextoanalisisperiodistico.com\/index.php\/2025\/02\/24\/colabora-citybus-oaxaca-en-investigacion-de-accidente-con-ciclista\/","title":{"rendered":"Colabora Citybus Oaxaca en investigaci\u00f3n de accidente con ciclista"},"content":{"rendered":"<div id=\"fb-root\"><\/div>\n\n<p>El Sistema de Transporte Colectivo Metropolitano Citybus Oaxaca colabora en la investigaci\u00f3n del accidente registrado en la avenida L\u00e1zaro C\u00e1rdenas en el municipio de Santa Luc\u00eda del Camino, en el que se vio involucrada una de sus unidades y un ciclista.<\/p>\n\n\n\n<p>El organismo informa que, como parte del procedimiento, puso los registros de videovigilancia a disposici\u00f3n de la autoridad competente para determinar responsabilidades.<\/p>\n\n\n\n<p>Citybus Oaxaca reitera su compromiso con la seguridad vial y el cumplimiento de la ley, garantizando que las acciones derivadas de este incidente se apegar\u00e1n al marco legal establecido.<\/p>\n\n\n\n<p>-0-<\/p>\n\n\n\n<p><\/p>\n","protected":false},"excerpt":{"rendered":"<p>El Sistema de Transporte Colectivo Metropolitano Citybus Oaxaca colabora en la investigaci\u00f3n del accidente registrado&#8230;<\/p>\n","protected":false},"author":4,"featured_media":37666,"comment_status":"","ping_status":"open","sticky":false,"template":"","format":"standard","meta":{"footnotes":""},"categories":[3],"tags":[],"jetpack_sharing_enabled":true,"featured_image_urls":{"full":["https:\/\/contextoanalisisperiodistico.com\/wp-content\/uploads\/2025\/02\/Screenshot_2025-02-24-14-42-54-00_965bbf4d18d205f782c6b8409c5773a4.jpg",502,501,false],"thumbnail":["https:\/\/contextoanalisisperiodistico.com\/wp-content\/uploads\/2025\/02\/Screenshot_2025-02-24-14-42-54-00_965bbf4d18d205f782c6b8409c5773a4-150x150.jpg",150,150,true],"medium":["https:\/\/contextoanalisisperiodistico.com\/wp-content\/uploads\/2025\/02\/Screenshot_2025-02-24-14-42-54-00_965bbf4d18d205f782c6b8409c5773a4-300x300.jpg",300,300,true],"medium_large":["https:\/\/contextoanalisisperiodistico.com\/wp-content\/uploads\/2025\/02\/Screenshot_2025-02-24-14-42-54-00_965bbf4d18d205f782c6b8409c5773a4.jpg",502,501,false],"large":["https:\/\/contextoanalisisperiodistico.com\/wp-content\/uploads\/2025\/02\/Screenshot_2025-02-24-14-42-54-00_965bbf4d18d205f782c6b8409c5773a4.jpg",502,501,false],"1536x1536":["https:\/\/contextoanalisisperiodistico.com\/wp-content\/uploads\/2025\/02\/Screenshot_2025-02-24-14-42-54-00_965bbf4d18d205f782c6b8409c5773a4.jpg",502,501,false],"2048x2048":["https:\/\/contextoanalisisperiodistico.com\/wp-content\/uploads\/2025\/02\/Screenshot_2025-02-24-14-42-54-00_965bbf4d18d205f782c6b8409c5773a4.jpg",502,501,false],"covernews-slider-full":["https:\/\/contextoanalisisperiodistico.com\/wp-content\/uploads\/2025\/02\/Screenshot_2025-02-24-14-42-54-00_965bbf4d18d205f782c6b8409c5773a4.jpg",502,501,false],"covernews-slider-center":["https:\/\/contextoanalisisperiodistico.com\/wp-content\/uploads\/2025\/02\/Screenshot_2025-02-24-14-42-54-00_965bbf4d18d205f782c6b8409c5773a4.jpg",501,500,false],"covernews-featured":["https:\/\/contextoanalisisperiodistico.com\/wp-content\/uploads\/2025\/02\/Screenshot_2025-02-24-14-42-54-00_965bbf4d18d205f782c6b8409c5773a4.jpg",502,501,false],"covernews-medium":["https:\/\/contextoanalisisperiodistico.com\/wp-content\/uploads\/2025\/02\/Screenshot_2025-02-24-14-42-54-00_965bbf4d18d205f782c6b8409c5773a4-502x340.jpg",502,340,true],"covernews-medium-square":["https:\/\/contextoanalisisperiodistico.com\/wp-content\/uploads\/2025\/02\/Screenshot_2025-02-24-14-42-54-00_965bbf4d18d205f782c6b8409c5773a4-400x250.jpg",400,250,true]},"author_info":{"display_name":"Mario Gir\u00f3n","author_link":"https:\/\/contextoanalisisperiodistico.com\/index.php\/author\/director\/"},"category_info":"<a href=\"https:\/\/contextoanalisisperiodistico.com\/index.php\/category\/ciudad\/\" rel=\"category tag\">Ciudad<\/a>","tag_info":"Ciudad","comment_count":"0","jetpack_featured_media_url":"https:\/\/contextoanalisisperiodistico.com\/wp-content\/uploads\/2025\/02\/Screenshot_2025-02-24-14-42-54-00_965bbf4d18d205f782c6b8409c5773a4.jpg","_links":{"self":[{"href":"https:\/\/contextoanalisisperiodistico.com\/index.php\/wp-json\/wp\/v2\/posts\/37667"}],"collection":[{"href":"https:\/\/contextoanalisisperiodistico.com\/index.php\/wp-json\/wp\/v2\/posts"}],"about":[{"href":"https:\/\/contextoanalisisperiodistico.com\/index.php\/wp-json\/wp\/v2\/types\/post"}],"author":[{"embeddable":true,"href":"https:\/\/contextoanalisisperiodistico.com\/index.php\/wp-json\/wp\/v2\/users\/4"}],"replies":[{"embeddable":true,"href":"https:\/\/contextoanalisisperiodistico.com\/index.php\/wp-json\/wp\/v2\/comments?post=37667"}],"version-history":[{"count":0,"href":"https:\/\/contextoanalisisperiodistico.com\/index.php\/wp-json\/wp\/v2\/posts\/37667\/revisions"}],"wp:featuredmedia":[{"embeddable":true,"href":"https:\/\/contextoanalisisperiodistico.com\/index.php\/wp-json\/wp\/v2\/media\/37666"}],"wp:attachment":[{"href":"https:\/\/contextoanalisisperiodistico.com\/index.php\/wp-json\/wp\/v2\/media?parent=37667"}],"wp:term":[{"taxonomy":"category","embeddable":true,"href":"https:\/\/contextoanalisisperiodistico.com\/index.php\/wp-json\/wp\/v2\/categories?post=37667"},{"taxonomy":"post_tag","embeddable":true,"href":"https:\/\/contextoanalisisperiodistico.com\/index.php\/wp-json\/wp\/v2\/tags?post=37667"}],"curies":[{"name":"wp","href":"https:\/\/api.w.org\/{rel}","templated":true}]}}