{"id":37606,"date":"2025-02-22T14:24:44","date_gmt":"2025-02-22T20:24:44","guid":{"rendered":"https:\/\/contextoanalisisperiodistico.com\/index.php\/2025\/02\/22\/continua-la-sego-brindando-atencion-a-poblacion-oaxaquena-migrante-de-tijuana-y-los-angeles-california\/"},"modified":"2025-02-23T06:56:32","modified_gmt":"2025-02-23T12:56:32","slug":"continua-la-sego-brindando-atencion-a-poblacion-oaxaquena-migrante-de-tijuana-y-los-angeles-california","status":"publish","type":"post","link":"https:\/\/contextoanalisisperiodistico.com\/index.php\/2025\/02\/22\/continua-la-sego-brindando-atencion-a-poblacion-oaxaquena-migrante-de-tijuana-y-los-angeles-california\/","title":{"rendered":"Contin\u00faa Sego brindando atenci\u00f3n a poblaci\u00f3n migrante de Tijuana y Los \u00c1ngeles, California"},"content":{"rendered":"<div id=\"fb-root\"><\/div>\n\n<p>\u2022 La Subsecretar\u00eda de Migraci\u00f3n y Poblaci\u00f3n realiz\u00f3 una gira de trabajo por estos lugares, para brindar informaci\u00f3n sobre el apoyo que los gobiernos otorgan a este grupo de personas<\/p>\n\n\n\n<figure class=\"wp-block-image size-large\"><img fetchpriority=\"high\" decoding=\"async\" width=\"768\" height=\"1024\" src=\"https:\/\/contextoanalisisperiodistico.com\/wp-content\/uploads\/2025\/02\/img-20250222-wa00897451934477398881018-768x1024.jpg\" alt=\"\" class=\"wp-image-37604\" srcset=\"https:\/\/contextoanalisisperiodistico.com\/wp-content\/uploads\/2025\/02\/img-20250222-wa00897451934477398881018-768x1024.jpg 768w, https:\/\/contextoanalisisperiodistico.com\/wp-content\/uploads\/2025\/02\/img-20250222-wa00897451934477398881018-225x300.jpg 225w, https:\/\/contextoanalisisperiodistico.com\/wp-content\/uploads\/2025\/02\/img-20250222-wa00897451934477398881018.jpg 960w\" sizes=\"(max-width: 768px) 100vw, 768px\" \/><\/figure>\n\n\n\n<figure class=\"wp-block-image\"><img decoding=\"async\" width=\"1024\" height=\"768\" src=\"https:\/\/contextoanalisisperiodistico.com\/wp-content\/uploads\/2025\/02\/img-20250222-wa00888567472353991176419-1024x768.jpg\" alt=\"\" class=\"wp-image-37605\" srcset=\"https:\/\/contextoanalisisperiodistico.com\/wp-content\/uploads\/2025\/02\/img-20250222-wa00888567472353991176419-1024x768.jpg 1024w, https:\/\/contextoanalisisperiodistico.com\/wp-content\/uploads\/2025\/02\/img-20250222-wa00888567472353991176419-300x225.jpg 300w, https:\/\/contextoanalisisperiodistico.com\/wp-content\/uploads\/2025\/02\/img-20250222-wa00888567472353991176419-768x576.jpg 768w, https:\/\/contextoanalisisperiodistico.com\/wp-content\/uploads\/2025\/02\/img-20250222-wa00888567472353991176419.jpg 1280w\" sizes=\"(max-width: 1024px) 100vw, 1024px\" \/><\/figure>\n\n\n\n<p>Oaxaca de Ju\u00e1rez, Oax. 22 de febrero de 2025.- Como parte del seguimiento a la estrategia nacional M\u00e9xico te abraza y la implementaci\u00f3n del programa estatal Oaxaca es tu Tierra, personal de la Secretar\u00eda de Gobierno (Sego) realiz\u00f3 una gira de trabajo para atender a la poblaci\u00f3n oaxaque\u00f1a que radica en Tijuana, Baja California y Los \u00c1ngeles, California de Estados Unidos.<\/p>\n\n\n\n<p>En Tijuana, el subsecretario de Migraci\u00f3n y Poblaci\u00f3n de la Sego, Leonardo D\u00edaz Jim\u00e9nez visit\u00f3 el Centro de Atenci\u00f3n Flamingos, acompa\u00f1ado por el director de este lugar, Arturo Garc\u00eda; quien detall\u00f3 el proceso que siguen las y los connacionales en retorno, con la finalidad de facilitar su reinserci\u00f3n en la sociedad mexicana a trav\u00e9s de los programas y apoyos que ofrece el Gobierno Federal.<\/p>\n\n\n\n<p>En seguimiento a la encomienda del titular de la Sego, Jes\u00fas Romero L\u00f3pez, de atender a todas las y los oaxaque\u00f1os que regresen al territorio mexicano debido al cambio de las pol\u00edticas migratorias en Estados Unidos; D\u00edaz Jim\u00e9nez tambi\u00e9n se reuni\u00f3 con la comunidad migrante de Los \u00c1ngeles.<\/p>\n\n\n\n<p>En este encuentro se present\u00f3 la estrategia Oaxaca es tu Tierra, que acerca programas y apoyos sociales del Gobierno de la Primavera Oaxaque\u00f1a, que encabeza Salom\u00f3n Jara Cruz, para reparar la deuda hist\u00f3rica con la poblaci\u00f3n migrante.<\/p>\n\n\n\n<p>Algunos de los servicios que se otorgan son: asesor\u00edas en la Direcci\u00f3n del Registro Civil, Secretar\u00eda de Movilidad (Semovi) y Registro P\u00fablico de la Propiedad, as\u00ed como el tr\u00e1mite para la credencial del INE, entre otros.<\/p>\n\n\n\n<p>Cabe precisar que, hasta el 18 de febrero, 89 oaxaque\u00f1as y oaxaque\u00f1os han sido canalizados al Centro Flamingos.<\/p>\n\n\n\n<p>-0-<\/p>\n","protected":false},"excerpt":{"rendered":"<p>\u2022 La Subsecretar\u00eda de Migraci\u00f3n y Poblaci\u00f3n realiz\u00f3 una gira de trabajo por estos lugares,&#8230;<\/p>\n","protected":false},"author":4,"featured_media":37603,"comment_status":"closed","ping_status":"open","sticky":false,"template":"","format":"standard","meta":{"footnotes":""},"categories":[9],"tags":[],"jetpack_sharing_enabled":true,"featured_image_urls":{"full":["https:\/\/contextoanalisisperiodistico.com\/wp-content\/uploads\/2025\/02\/IMG-20250222-WA0090.jpg",767,490,false],"thumbnail":["https:\/\/contextoanalisisperiodistico.com\/wp-content\/uploads\/2025\/02\/IMG-20250222-WA0090-150x150.jpg",150,150,true],"medium":["https:\/\/contextoanalisisperiodistico.com\/wp-content\/uploads\/2025\/02\/IMG-20250222-WA0090-300x192.jpg",300,192,true],"medium_large":["https:\/\/contextoanalisisperiodistico.com\/wp-content\/uploads\/2025\/02\/IMG-20250222-WA0090.jpg",640,409,false],"large":["https:\/\/contextoanalisisperiodistico.com\/wp-content\/uploads\/2025\/02\/IMG-20250222-WA0090.jpg",640,409,false],"1536x1536":["https:\/\/contextoanalisisperiodistico.com\/wp-content\/uploads\/2025\/02\/IMG-20250222-WA0090.jpg",767,490,false],"2048x2048":["https:\/\/contextoanalisisperiodistico.com\/wp-content\/uploads\/2025\/02\/IMG-20250222-WA0090.jpg",767,490,false],"covernews-slider-full":["https:\/\/contextoanalisisperiodistico.com\/wp-content\/uploads\/2025\/02\/IMG-20250222-WA0090.jpg",767,490,false],"covernews-slider-center":["https:\/\/contextoanalisisperiodistico.com\/wp-content\/uploads\/2025\/02\/IMG-20250222-WA0090.jpg",767,490,false],"covernews-featured":["https:\/\/contextoanalisisperiodistico.com\/wp-content\/uploads\/2025\/02\/IMG-20250222-WA0090.jpg",767,490,false],"covernews-medium":["https:\/\/contextoanalisisperiodistico.com\/wp-content\/uploads\/2025\/02\/IMG-20250222-WA0090-540x340.jpg",540,340,true],"covernews-medium-square":["https:\/\/contextoanalisisperiodistico.com\/wp-content\/uploads\/2025\/02\/IMG-20250222-WA0090-400x250.jpg",400,250,true]},"author_info":{"display_name":"Mario Gir\u00f3n","author_link":"https:\/\/contextoanalisisperiodistico.com\/index.php\/author\/director\/"},"category_info":"<a href=\"https:\/\/contextoanalisisperiodistico.com\/index.php\/category\/politica\/\" rel=\"category tag\">Pol\u00edtica<\/a>","tag_info":"Pol\u00edtica","comment_count":"0","jetpack_featured_media_url":"https:\/\/contextoanalisisperiodistico.com\/wp-content\/uploads\/2025\/02\/IMG-20250222-WA0090.jpg","_links":{"self":[{"href":"https:\/\/contextoanalisisperiodistico.com\/index.php\/wp-json\/wp\/v2\/posts\/37606"}],"collection":[{"href":"https:\/\/contextoanalisisperiodistico.com\/index.php\/wp-json\/wp\/v2\/posts"}],"about":[{"href":"https:\/\/contextoanalisisperiodistico.com\/index.php\/wp-json\/wp\/v2\/types\/post"}],"author":[{"embeddable":true,"href":"https:\/\/contextoanalisisperiodistico.com\/index.php\/wp-json\/wp\/v2\/users\/4"}],"replies":[{"embeddable":true,"href":"https:\/\/contextoanalisisperiodistico.com\/index.php\/wp-json\/wp\/v2\/comments?post=37606"}],"version-history":[{"count":1,"href":"https:\/\/contextoanalisisperiodistico.com\/index.php\/wp-json\/wp\/v2\/posts\/37606\/revisions"}],"predecessor-version":[{"id":37607,"href":"https:\/\/contextoanalisisperiodistico.com\/index.php\/wp-json\/wp\/v2\/posts\/37606\/revisions\/37607"}],"wp:featuredmedia":[{"embeddable":true,"href":"https:\/\/contextoanalisisperiodistico.com\/index.php\/wp-json\/wp\/v2\/media\/37603"}],"wp:attachment":[{"href":"https:\/\/contextoanalisisperiodistico.com\/index.php\/wp-json\/wp\/v2\/media?parent=37606"}],"wp:term":[{"taxonomy":"category","embeddable":true,"href":"https:\/\/contextoanalisisperiodistico.com\/index.php\/wp-json\/wp\/v2\/categories?post=37606"},{"taxonomy":"post_tag","embeddable":true,"href":"https:\/\/contextoanalisisperiodistico.com\/index.php\/wp-json\/wp\/v2\/tags?post=37606"}],"curies":[{"name":"wp","href":"https:\/\/api.w.org\/{rel}","templated":true}]}}