{"id":37596,"date":"2025-02-22T13:57:25","date_gmt":"2025-02-22T19:57:25","guid":{"rendered":"https:\/\/contextoanalisisperiodistico.com\/index.php\/2025\/02\/22\/desmiente-sego-encarcelamiento-de-familia-campesina-en-san-antonio-huitepec\/"},"modified":"2025-02-22T13:57:25","modified_gmt":"2025-02-22T19:57:25","slug":"desmiente-sego-encarcelamiento-de-familia-campesina-en-san-antonio-huitepec","status":"publish","type":"post","link":"https:\/\/contextoanalisisperiodistico.com\/index.php\/2025\/02\/22\/desmiente-sego-encarcelamiento-de-familia-campesina-en-san-antonio-huitepec\/","title":{"rendered":"Desmiente Sego encarcelamiento de familia campesina en San Antonio Huitepec"},"content":{"rendered":"<div id=\"fb-root\"><\/div>\n\n<p>\u2022 La publicaci\u00f3n que circula corresponde a hechos ocurridos en el a\u00f1o 2020<\/p>\n\n\n\n<p>Oaxaca de Ju\u00e1rez, Oax. 22 de febrero de 2025.- La Secretar\u00eda de Gobierno (Sego) informa que, con relaci\u00f3n a la publicaci\u00f3n que circula en redes sociales sobre la detenci\u00f3n de una familia campesina en el municipio de San Antonio Huitepec de la regi\u00f3n Valles Centrales; la misma corresponde a hechos ocurridos en el a\u00f1o 2020.<\/p>\n\n\n\n<p>La dependencia indica que, la ma\u00f1ana de este s\u00e1bado, distintos portales difundieron la nota que describe el presunto encarcelamiento de una mujer con sus dos hijos menores de edad y una persona adulta; sin haber verificado previamente la informaci\u00f3n.<\/p>\n\n\n\n<p>Al momento, las unidades adscritas a la Secretar\u00eda reportan que la situaci\u00f3n se encuentra en calma en esa localidad.<\/p>\n\n\n\n<p>Por este motivo, la Sego hace un llamado a la poblaci\u00f3n a ser responsable en el consumo de informaci\u00f3n y a no dejarse influenciar por noticias falsas que circulan en diversas plataformas no oficiales.<\/p>\n\n\n\n<p>-0-<\/p>\n","protected":false},"excerpt":{"rendered":"<p>\u2022 La publicaci\u00f3n que circula corresponde a hechos ocurridos en el a\u00f1o 2020 Oaxaca de&#8230;<\/p>\n","protected":false},"author":4,"featured_media":37595,"comment_status":"","ping_status":"open","sticky":false,"template":"","format":"standard","meta":{"footnotes":""},"categories":[9],"tags":[],"jetpack_sharing_enabled":true,"featured_image_urls":{"full":["https:\/\/contextoanalisisperiodistico.com\/wp-content\/uploads\/2025\/02\/IMG-20250222-WA0095.jpg",649,1183,false],"thumbnail":["https:\/\/contextoanalisisperiodistico.com\/wp-content\/uploads\/2025\/02\/IMG-20250222-WA0095-150x150.jpg",150,150,true],"medium":["https:\/\/contextoanalisisperiodistico.com\/wp-content\/uploads\/2025\/02\/IMG-20250222-WA0095-165x300.jpg",165,300,true],"medium_large":["https:\/\/contextoanalisisperiodistico.com\/wp-content\/uploads\/2025\/02\/IMG-20250222-WA0095.jpg",640,1167,false],"large":["https:\/\/contextoanalisisperiodistico.com\/wp-content\/uploads\/2025\/02\/IMG-20250222-WA0095-562x1024.jpg",562,1024,true],"1536x1536":["https:\/\/contextoanalisisperiodistico.com\/wp-content\/uploads\/2025\/02\/IMG-20250222-WA0095.jpg",649,1183,false],"2048x2048":["https:\/\/contextoanalisisperiodistico.com\/wp-content\/uploads\/2025\/02\/IMG-20250222-WA0095.jpg",649,1183,false],"covernews-slider-full":["https:\/\/contextoanalisisperiodistico.com\/wp-content\/uploads\/2025\/02\/IMG-20250222-WA0095-649x715.jpg",649,715,true],"covernews-slider-center":["https:\/\/contextoanalisisperiodistico.com\/wp-content\/uploads\/2025\/02\/IMG-20250222-WA0095-649x500.jpg",649,500,true],"covernews-featured":["https:\/\/contextoanalisisperiodistico.com\/wp-content\/uploads\/2025\/02\/IMG-20250222-WA0095.jpg",649,1183,false],"covernews-medium":["https:\/\/contextoanalisisperiodistico.com\/wp-content\/uploads\/2025\/02\/IMG-20250222-WA0095-540x340.jpg",540,340,true],"covernews-medium-square":["https:\/\/contextoanalisisperiodistico.com\/wp-content\/uploads\/2025\/02\/IMG-20250222-WA0095-400x250.jpg",400,250,true]},"author_info":{"display_name":"Mario Gir\u00f3n","author_link":"https:\/\/contextoanalisisperiodistico.com\/index.php\/author\/director\/"},"category_info":"<a href=\"https:\/\/contextoanalisisperiodistico.com\/index.php\/category\/politica\/\" rel=\"category tag\">Pol\u00edtica<\/a>","tag_info":"Pol\u00edtica","comment_count":"0","jetpack_featured_media_url":"https:\/\/contextoanalisisperiodistico.com\/wp-content\/uploads\/2025\/02\/IMG-20250222-WA0095.jpg","_links":{"self":[{"href":"https:\/\/contextoanalisisperiodistico.com\/index.php\/wp-json\/wp\/v2\/posts\/37596"}],"collection":[{"href":"https:\/\/contextoanalisisperiodistico.com\/index.php\/wp-json\/wp\/v2\/posts"}],"about":[{"href":"https:\/\/contextoanalisisperiodistico.com\/index.php\/wp-json\/wp\/v2\/types\/post"}],"author":[{"embeddable":true,"href":"https:\/\/contextoanalisisperiodistico.com\/index.php\/wp-json\/wp\/v2\/users\/4"}],"replies":[{"embeddable":true,"href":"https:\/\/contextoanalisisperiodistico.com\/index.php\/wp-json\/wp\/v2\/comments?post=37596"}],"version-history":[{"count":0,"href":"https:\/\/contextoanalisisperiodistico.com\/index.php\/wp-json\/wp\/v2\/posts\/37596\/revisions"}],"wp:featuredmedia":[{"embeddable":true,"href":"https:\/\/contextoanalisisperiodistico.com\/index.php\/wp-json\/wp\/v2\/media\/37595"}],"wp:attachment":[{"href":"https:\/\/contextoanalisisperiodistico.com\/index.php\/wp-json\/wp\/v2\/media?parent=37596"}],"wp:term":[{"taxonomy":"category","embeddable":true,"href":"https:\/\/contextoanalisisperiodistico.com\/index.php\/wp-json\/wp\/v2\/categories?post=37596"},{"taxonomy":"post_tag","embeddable":true,"href":"https:\/\/contextoanalisisperiodistico.com\/index.php\/wp-json\/wp\/v2\/tags?post=37596"}],"curies":[{"name":"wp","href":"https:\/\/api.w.org\/{rel}","templated":true}]}}