{"id":37584,"date":"2025-02-22T10:14:16","date_gmt":"2025-02-22T16:14:16","guid":{"rendered":"https:\/\/contextoanalisisperiodistico.com\/index.php\/2025\/02\/22\/instala-sso-red-costena-de-municipios-por-la-salud\/"},"modified":"2025-02-22T10:14:16","modified_gmt":"2025-02-22T16:14:16","slug":"instala-sso-red-costena-de-municipios-por-la-salud","status":"publish","type":"post","link":"https:\/\/contextoanalisisperiodistico.com\/index.php\/2025\/02\/22\/instala-sso-red-costena-de-municipios-por-la-salud\/","title":{"rendered":"Instala SSO Red Coste\u00f1a de Municipios por la Salud"},"content":{"rendered":"<div id=\"fb-root\"><\/div>\n\n<p>\u2022 Esta iniciativa busca establecer acciones conjuntas entre el sector salud y los gobiernos locales que facilite la implementaci\u00f3n de pol\u00edticas y acciones preventivas en pro del bienestar de las comunidades<\/p>\n\n\n\n<figure class=\"wp-block-image size-large\"><img fetchpriority=\"high\" decoding=\"async\" width=\"900\" height=\"506\" src=\"https:\/\/contextoanalisisperiodistico.com\/wp-content\/uploads\/2025\/02\/img-20250222-wa00327101767423145781078.jpg\" alt=\"\" class=\"wp-image-37581\" srcset=\"https:\/\/contextoanalisisperiodistico.com\/wp-content\/uploads\/2025\/02\/img-20250222-wa00327101767423145781078.jpg 900w, https:\/\/contextoanalisisperiodistico.com\/wp-content\/uploads\/2025\/02\/img-20250222-wa00327101767423145781078-300x169.jpg 300w, https:\/\/contextoanalisisperiodistico.com\/wp-content\/uploads\/2025\/02\/img-20250222-wa00327101767423145781078-768x432.jpg 768w\" sizes=\"(max-width: 900px) 100vw, 900px\" \/><\/figure>\n\n\n\n<figure class=\"wp-block-image\"><img decoding=\"async\" width=\"300\" height=\"169\" src=\"https:\/\/contextoanalisisperiodistico.com\/wp-content\/uploads\/2025\/02\/img-20250222-wa00317636572782424593392-300x169.jpg\" alt=\"\" class=\"wp-image-37580\" srcset=\"https:\/\/contextoanalisisperiodistico.com\/wp-content\/uploads\/2025\/02\/img-20250222-wa00317636572782424593392-300x169.jpg 300w, https:\/\/contextoanalisisperiodistico.com\/wp-content\/uploads\/2025\/02\/img-20250222-wa00317636572782424593392-768x432.jpg 768w, https:\/\/contextoanalisisperiodistico.com\/wp-content\/uploads\/2025\/02\/img-20250222-wa00317636572782424593392.jpg 900w\" sizes=\"(max-width: 300px) 100vw, 300px\" \/><\/figure>\n\n\n\n<figure class=\"wp-block-image\"><img decoding=\"async\" width=\"300\" height=\"169\" src=\"https:\/\/contextoanalisisperiodistico.com\/wp-content\/uploads\/2025\/02\/img-20250222-wa00291927074615694419120-300x169.jpg\" alt=\"\" class=\"wp-image-37582\" srcset=\"https:\/\/contextoanalisisperiodistico.com\/wp-content\/uploads\/2025\/02\/img-20250222-wa00291927074615694419120-300x169.jpg 300w, https:\/\/contextoanalisisperiodistico.com\/wp-content\/uploads\/2025\/02\/img-20250222-wa00291927074615694419120-768x432.jpg 768w, https:\/\/contextoanalisisperiodistico.com\/wp-content\/uploads\/2025\/02\/img-20250222-wa00291927074615694419120.jpg 900w\" sizes=\"(max-width: 300px) 100vw, 300px\" \/><\/figure>\n\n\n\n<figure class=\"wp-block-image size-large\"><img loading=\"lazy\" decoding=\"async\" width=\"900\" height=\"600\" src=\"https:\/\/contextoanalisisperiodistico.com\/wp-content\/uploads\/2025\/02\/img-20250222-wa00337258437487316435997.jpg\" alt=\"\" class=\"wp-image-37583\" srcset=\"https:\/\/contextoanalisisperiodistico.com\/wp-content\/uploads\/2025\/02\/img-20250222-wa00337258437487316435997.jpg 900w, https:\/\/contextoanalisisperiodistico.com\/wp-content\/uploads\/2025\/02\/img-20250222-wa00337258437487316435997-300x200.jpg 300w, https:\/\/contextoanalisisperiodistico.com\/wp-content\/uploads\/2025\/02\/img-20250222-wa00337258437487316435997-768x512.jpg 768w\" sizes=\"(max-width: 900px) 100vw, 900px\" \/><\/figure>\n\n\n\n<p>San Pedro Mixtepec, Oax. 22 de febrero de 2025.- Servicios de Salud de Oaxaca (SSO) a trav\u00e9s de la Jurisdicci\u00f3n Sanitaria 4 Costa, fortalece acciones dirigidas a comunidades saludables al constituir la Red Coste\u00f1a de Municipios por la Salud, una iniciativa que busca establecer labores conjuntas entre este sector y los gobiernos locales para impulsar programas de prevenci\u00f3n, promoci\u00f3n y mejora en el bienestar de la poblaci\u00f3n.<\/p>\n\n\n\n<p>La jefa Jurisdiccional, Roc\u00edo Hern\u00e1ndez P\u00e9rez destac\u00f3 en su mensaje la importancia de la participaci\u00f3n de l\u00edderes municipales en la articulaci\u00f3n de esfuerzos conjuntos con SSO.<\/p>\n\n\n\n<p>\u201cEsta estrategia nos permitir\u00e1 integrar a 52 municipios de la regi\u00f3n, creando una red que act\u00fae como portavoz de las acciones municipales y comunitarias necesarias para garantizar una atenci\u00f3n sanitaria de calidad\u201d, afirm\u00f3.<\/p>\n\n\n\n<p>Bajo el liderazgo del Gobernador del Estado, Salom\u00f3n Jara Cruz; y el titular de SSO, Efr\u00e9n Emmanuel Jarqu\u00edn Gonz\u00e1lez; esta Red se orienta a impulsar la cobertura y efectividad de los programas sanitarios.<\/p>\n\n\n\n<p>Durante la reuni\u00f3n con representantes de Santa Mar\u00eda Huatulco, San Pedro Pochutla, Santa Mar\u00eda Tonameca, San Pedro Mixtepec, Villa de Tututepec, Santa Catarina Juquila, San Baltazar Loxicha y San Miguel del Puerto; se abordaron temas cruciales como: el panorama epidemiol\u00f3gico de la regi\u00f3n costera y enfermedades transmitidas por vectores.<\/p>\n\n\n\n<p>As\u00ed como saneamiento b\u00e1sico, salud materna, contraprestaci\u00f3n de servicios y certificados de defunci\u00f3n, organizaci\u00f3n comunitaria y promoci\u00f3n de municipios saludables.<\/p>\n\n\n\n<p>Ante el coordinador regional para la Construcci\u00f3n de la Paz y Seguridad del Gobierno Federal, Juan Mathias Melo Guzm\u00e1n, se tom\u00f3 protesta a las y los nuevos integrantes de esta estrategia: el presidente municipal de San Pedro Mixtepec, Miguel \u00c1ngel Olvera Jim\u00e9nez fue designado como presidente de la Red; el edil de Santa Mar\u00eda Huatulco, Julio C\u00e9sar C\u00e1rdenas Ortega, asumi\u00f3 el cargo de vicepresidente; y la jefa de la Jurisdicci\u00f3n Sanitaria 4 Costa, Roc\u00edo Hern\u00e1ndez P\u00e9rez qued\u00f3 como secretaria t\u00e9cnica.<\/p>\n\n\n\n<p>Se integraron tambi\u00e9n vocales para actas, finanzas, seguimiento y evaluaci\u00f3n, difusi\u00f3n y coordinaci\u00f3n institucional, representados por los presidentes municipales de Santiago Pinotepa Nacional, H\u00e9ctor Domingo Ba\u00f1os Toscano; Santa Catarina Juquila, Marco Antonio Garc\u00eda Palacios; Santa Mar\u00eda Tonameca, C\u00e9sar Ruiz Guti\u00e9rrez; San Pedro Pochutla, Amado Rodr\u00edguez Jij\u00f3n; y Eder Mu\u00f1oz Pe\u00f1a, de Villa de Tututepec de Melchor Ocampo.<\/p>\n\n\n\n<p>Finalmente, la funcionaria expuso que esta iniciativa reafirma el compromiso de los SSO y de los municipios por construir una red robusta que facilite la implementaci\u00f3n de pol\u00edticas y acciones preventivas en pro del bienestar de las comunidades.<\/p>\n\n\n\n<p>-0-<\/p>\n","protected":false},"excerpt":{"rendered":"<p>\u2022 Esta iniciativa busca establecer acciones conjuntas entre el sector salud y los gobiernos locales&#8230;<\/p>\n","protected":false},"author":4,"featured_media":37579,"comment_status":"","ping_status":"open","sticky":false,"template":"","format":"standard","meta":{"footnotes":""},"categories":[9],"tags":[],"jetpack_sharing_enabled":true,"featured_image_urls":{"full":["https:\/\/contextoanalisisperiodistico.com\/wp-content\/uploads\/2025\/02\/IMG-20250222-WA0030.jpg",900,506,false],"thumbnail":["https:\/\/contextoanalisisperiodistico.com\/wp-content\/uploads\/2025\/02\/IMG-20250222-WA0030-150x150.jpg",150,150,true],"medium":["https:\/\/contextoanalisisperiodistico.com\/wp-content\/uploads\/2025\/02\/IMG-20250222-WA0030-300x169.jpg",300,169,true],"medium_large":["https:\/\/contextoanalisisperiodistico.com\/wp-content\/uploads\/2025\/02\/IMG-20250222-WA0030-768x432.jpg",640,360,true],"large":["https:\/\/contextoanalisisperiodistico.com\/wp-content\/uploads\/2025\/02\/IMG-20250222-WA0030.jpg",640,360,false],"1536x1536":["https:\/\/contextoanalisisperiodistico.com\/wp-content\/uploads\/2025\/02\/IMG-20250222-WA0030.jpg",900,506,false],"2048x2048":["https:\/\/contextoanalisisperiodistico.com\/wp-content\/uploads\/2025\/02\/IMG-20250222-WA0030.jpg",900,506,false],"covernews-slider-full":["https:\/\/contextoanalisisperiodistico.com\/wp-content\/uploads\/2025\/02\/IMG-20250222-WA0030.jpg",900,506,false],"covernews-slider-center":["https:\/\/contextoanalisisperiodistico.com\/wp-content\/uploads\/2025\/02\/IMG-20250222-WA0030-800x500.jpg",800,500,true],"covernews-featured":["https:\/\/contextoanalisisperiodistico.com\/wp-content\/uploads\/2025\/02\/IMG-20250222-WA0030.jpg",900,506,false],"covernews-medium":["https:\/\/contextoanalisisperiodistico.com\/wp-content\/uploads\/2025\/02\/IMG-20250222-WA0030-540x340.jpg",540,340,true],"covernews-medium-square":["https:\/\/contextoanalisisperiodistico.com\/wp-content\/uploads\/2025\/02\/IMG-20250222-WA0030-400x250.jpg",400,250,true]},"author_info":{"display_name":"Mario Gir\u00f3n","author_link":"https:\/\/contextoanalisisperiodistico.com\/index.php\/author\/director\/"},"category_info":"<a href=\"https:\/\/contextoanalisisperiodistico.com\/index.php\/category\/politica\/\" rel=\"category tag\">Pol\u00edtica<\/a>","tag_info":"Pol\u00edtica","comment_count":"0","jetpack_featured_media_url":"https:\/\/contextoanalisisperiodistico.com\/wp-content\/uploads\/2025\/02\/IMG-20250222-WA0030.jpg","_links":{"self":[{"href":"https:\/\/contextoanalisisperiodistico.com\/index.php\/wp-json\/wp\/v2\/posts\/37584"}],"collection":[{"href":"https:\/\/contextoanalisisperiodistico.com\/index.php\/wp-json\/wp\/v2\/posts"}],"about":[{"href":"https:\/\/contextoanalisisperiodistico.com\/index.php\/wp-json\/wp\/v2\/types\/post"}],"author":[{"embeddable":true,"href":"https:\/\/contextoanalisisperiodistico.com\/index.php\/wp-json\/wp\/v2\/users\/4"}],"replies":[{"embeddable":true,"href":"https:\/\/contextoanalisisperiodistico.com\/index.php\/wp-json\/wp\/v2\/comments?post=37584"}],"version-history":[{"count":0,"href":"https:\/\/contextoanalisisperiodistico.com\/index.php\/wp-json\/wp\/v2\/posts\/37584\/revisions"}],"wp:featuredmedia":[{"embeddable":true,"href":"https:\/\/contextoanalisisperiodistico.com\/index.php\/wp-json\/wp\/v2\/media\/37579"}],"wp:attachment":[{"href":"https:\/\/contextoanalisisperiodistico.com\/index.php\/wp-json\/wp\/v2\/media?parent=37584"}],"wp:term":[{"taxonomy":"category","embeddable":true,"href":"https:\/\/contextoanalisisperiodistico.com\/index.php\/wp-json\/wp\/v2\/categories?post=37584"},{"taxonomy":"post_tag","embeddable":true,"href":"https:\/\/contextoanalisisperiodistico.com\/index.php\/wp-json\/wp\/v2\/tags?post=37584"}],"curies":[{"name":"wp","href":"https:\/\/api.w.org\/{rel}","templated":true}]}}