{"id":37501,"date":"2025-02-20T20:25:20","date_gmt":"2025-02-21T02:25:20","guid":{"rendered":"https:\/\/contextoanalisisperiodistico.com\/index.php\/2025\/02\/20\/policia-municipal-asegura-motocicleta-con-reporte-de-robo-activo\/"},"modified":"2025-02-20T20:25:20","modified_gmt":"2025-02-21T02:25:20","slug":"policia-municipal-asegura-motocicleta-con-reporte-de-robo-activo","status":"publish","type":"post","link":"https:\/\/contextoanalisisperiodistico.com\/index.php\/2025\/02\/20\/policia-municipal-asegura-motocicleta-con-reporte-de-robo-activo\/","title":{"rendered":"Polic\u00eda Municipal asegura motocicleta con reporte de robo activo"},"content":{"rendered":"<div id=\"fb-root\"><\/div>\n\n<p>Oaxaca de Ju\u00e1rez, Oax., 20 de febrero de 2025.- Personal de la Secretar\u00eda de Seguridad Vecinal asegur\u00f3 una motocicleta al contar con reporte de robo vigente, la cual qued\u00f3 a disposici\u00f3n de la autoridad ministerial.<\/p>\n\n\n\n<p>El mi\u00e9rcoles a las 13:15 horas, elementos de la Direcci\u00f3n de Proximidad Social realizaban patrullajes de prevenci\u00f3n y disuasi\u00f3n en beneficio de las vecinas y vecinos de Oaxaca de Ju\u00e1rez.<\/p>\n\n\n\n<p>Al circular en la calle Guadalupe Victoria y callej\u00f3n Guadalupe Victorio del barrio Ex Marquesado, una mujer les solicit\u00f3 apoyo para verificar una motocicleta color blanco, la cual ten\u00eda varias horas estacionada en ese lugar.<\/p>\n\n\n\n<p>Los elementos observaron que se trataba de una motocicleta marca Italika color blanco, tipo DT-110, sin placas de circulaci\u00f3n, por lo cual procedieron a verificar el n\u00famero serie con la Unidad de An\u00e1lisis, de esta Secretar\u00eda.<\/p>\n\n\n\n<p>Fue as\u00ed como confirmaron que dicho veh\u00edculo cuenta con reporte de robo de fecha 17 de febrero, por lo cual fue asegurado y qued\u00f3 a disposici\u00f3n de la Fiscal\u00eda General del Estado para continuar con la indagatoria correspondiente.<\/p>\n","protected":false},"excerpt":{"rendered":"<p>Oaxaca de Ju\u00e1rez, Oax., 20 de febrero de 2025.- Personal de la Secretar\u00eda de Seguridad&#8230;<\/p>\n","protected":false},"author":4,"featured_media":37500,"comment_status":"","ping_status":"open","sticky":false,"template":"","format":"standard","meta":{"footnotes":""},"categories":[10],"tags":[178,235,234,45],"jetpack_sharing_enabled":true,"featured_image_urls":{"full":["https:\/\/contextoanalisisperiodistico.com\/wp-content\/uploads\/2025\/02\/IMG-20250220-WA0181.jpg",764,574,false],"thumbnail":["https:\/\/contextoanalisisperiodistico.com\/wp-content\/uploads\/2025\/02\/IMG-20250220-WA0181-150x150.jpg",150,150,true],"medium":["https:\/\/contextoanalisisperiodistico.com\/wp-content\/uploads\/2025\/02\/IMG-20250220-WA0181-300x225.jpg",300,225,true],"medium_large":["https:\/\/contextoanalisisperiodistico.com\/wp-content\/uploads\/2025\/02\/IMG-20250220-WA0181.jpg",640,481,false],"large":["https:\/\/contextoanalisisperiodistico.com\/wp-content\/uploads\/2025\/02\/IMG-20250220-WA0181.jpg",640,481,false],"1536x1536":["https:\/\/contextoanalisisperiodistico.com\/wp-content\/uploads\/2025\/02\/IMG-20250220-WA0181.jpg",764,574,false],"2048x2048":["https:\/\/contextoanalisisperiodistico.com\/wp-content\/uploads\/2025\/02\/IMG-20250220-WA0181.jpg",764,574,false],"covernews-slider-full":["https:\/\/contextoanalisisperiodistico.com\/wp-content\/uploads\/2025\/02\/IMG-20250220-WA0181.jpg",764,574,false],"covernews-slider-center":["https:\/\/contextoanalisisperiodistico.com\/wp-content\/uploads\/2025\/02\/IMG-20250220-WA0181-764x500.jpg",764,500,true],"covernews-featured":["https:\/\/contextoanalisisperiodistico.com\/wp-content\/uploads\/2025\/02\/IMG-20250220-WA0181.jpg",764,574,false],"covernews-medium":["https:\/\/contextoanalisisperiodistico.com\/wp-content\/uploads\/2025\/02\/IMG-20250220-WA0181-540x340.jpg",540,340,true],"covernews-medium-square":["https:\/\/contextoanalisisperiodistico.com\/wp-content\/uploads\/2025\/02\/IMG-20250220-WA0181-400x250.jpg",400,250,true]},"author_info":{"display_name":"Mario Gir\u00f3n","author_link":"https:\/\/contextoanalisisperiodistico.com\/index.php\/author\/director\/"},"category_info":"<a href=\"https:\/\/contextoanalisisperiodistico.com\/index.php\/category\/seguridad\/\" rel=\"category tag\">Seguridad<\/a>","tag_info":"Seguridad","comment_count":"0","jetpack_featured_media_url":"https:\/\/contextoanalisisperiodistico.com\/wp-content\/uploads\/2025\/02\/IMG-20250220-WA0181.jpg","_links":{"self":[{"href":"https:\/\/contextoanalisisperiodistico.com\/index.php\/wp-json\/wp\/v2\/posts\/37501"}],"collection":[{"href":"https:\/\/contextoanalisisperiodistico.com\/index.php\/wp-json\/wp\/v2\/posts"}],"about":[{"href":"https:\/\/contextoanalisisperiodistico.com\/index.php\/wp-json\/wp\/v2\/types\/post"}],"author":[{"embeddable":true,"href":"https:\/\/contextoanalisisperiodistico.com\/index.php\/wp-json\/wp\/v2\/users\/4"}],"replies":[{"embeddable":true,"href":"https:\/\/contextoanalisisperiodistico.com\/index.php\/wp-json\/wp\/v2\/comments?post=37501"}],"version-history":[{"count":0,"href":"https:\/\/contextoanalisisperiodistico.com\/index.php\/wp-json\/wp\/v2\/posts\/37501\/revisions"}],"wp:featuredmedia":[{"embeddable":true,"href":"https:\/\/contextoanalisisperiodistico.com\/index.php\/wp-json\/wp\/v2\/media\/37500"}],"wp:attachment":[{"href":"https:\/\/contextoanalisisperiodistico.com\/index.php\/wp-json\/wp\/v2\/media?parent=37501"}],"wp:term":[{"taxonomy":"category","embeddable":true,"href":"https:\/\/contextoanalisisperiodistico.com\/index.php\/wp-json\/wp\/v2\/categories?post=37501"},{"taxonomy":"post_tag","embeddable":true,"href":"https:\/\/contextoanalisisperiodistico.com\/index.php\/wp-json\/wp\/v2\/tags?post=37501"}],"curies":[{"name":"wp","href":"https:\/\/api.w.org\/{rel}","templated":true}]}}