{"id":37493,"date":"2025-02-20T14:19:30","date_gmt":"2025-02-20T20:19:30","guid":{"rendered":"https:\/\/contextoanalisisperiodistico.com\/index.php\/2025\/02\/20\/provocan-lluvias-inundaciones-y-desbordamiento-del-rio-uxpanapa-en-santa-maria-chimalapa-proteccion-civil\/"},"modified":"2025-02-20T14:20:51","modified_gmt":"2025-02-20T20:20:51","slug":"provocan-lluvias-inundaciones-y-desbordamiento-del-rio-uxpanapa-en-santa-maria-chimalapa-proteccion-civil","status":"publish","type":"post","link":"https:\/\/contextoanalisisperiodistico.com\/index.php\/2025\/02\/20\/provocan-lluvias-inundaciones-y-desbordamiento-del-rio-uxpanapa-en-santa-maria-chimalapa-proteccion-civil\/","title":{"rendered":"Inundaciones y desbordamiento por lluvia del r\u00edo Uxpanapa en Santa Mar\u00eda Chimalapa"},"content":{"rendered":"<div id=\"fb-root\"><\/div>\n\n<p>La Coordinaci\u00f3n Estatal de Protecci\u00f3n Civil y Gesti\u00f3n de Riesgos (CEPCyGR) informa que, las lluvias intensas registradas en Santa Mar\u00eda Chimalapa, ocasionaron inundaciones y el desbordamiento del r\u00edo Uxpanapa.<br \/>Por lo anterior, la dependencia emite las siguientes recomendaciones:<\/p>\n\n\n\n<figure class=\"wp-block-image size-large\"><img fetchpriority=\"high\" decoding=\"async\" width=\"900\" height=\"506\" src=\"https:\/\/contextoanalisisperiodistico.com\/wp-content\/uploads\/2025\/02\/img-20250220-wa00945027647828781657254.jpg\" alt=\"\" class=\"wp-image-37490\" srcset=\"https:\/\/contextoanalisisperiodistico.com\/wp-content\/uploads\/2025\/02\/img-20250220-wa00945027647828781657254.jpg 900w, https:\/\/contextoanalisisperiodistico.com\/wp-content\/uploads\/2025\/02\/img-20250220-wa00945027647828781657254-300x169.jpg 300w, https:\/\/contextoanalisisperiodistico.com\/wp-content\/uploads\/2025\/02\/img-20250220-wa00945027647828781657254-768x432.jpg 768w\" sizes=\"(max-width: 900px) 100vw, 900px\" \/><\/figure>\n\n\n\n<figure class=\"wp-block-image\"><img decoding=\"async\" width=\"300\" height=\"169\" src=\"https:\/\/contextoanalisisperiodistico.com\/wp-content\/uploads\/2025\/02\/img-20250220-wa00934650586741518258080-300x169.jpg\" alt=\"\" class=\"wp-image-37491\" srcset=\"https:\/\/contextoanalisisperiodistico.com\/wp-content\/uploads\/2025\/02\/img-20250220-wa00934650586741518258080-300x169.jpg 300w, https:\/\/contextoanalisisperiodistico.com\/wp-content\/uploads\/2025\/02\/img-20250220-wa00934650586741518258080-768x432.jpg 768w, https:\/\/contextoanalisisperiodistico.com\/wp-content\/uploads\/2025\/02\/img-20250220-wa00934650586741518258080.jpg 900w\" sizes=\"(max-width: 300px) 100vw, 300px\" \/><\/figure>\n\n\n\n<figure class=\"wp-block-image\"><img decoding=\"async\" width=\"300\" height=\"169\" src=\"https:\/\/contextoanalisisperiodistico.com\/wp-content\/uploads\/2025\/02\/img-20250220-wa00928171131638475984099-300x169.jpg\" alt=\"\" class=\"wp-image-37492\" srcset=\"https:\/\/contextoanalisisperiodistico.com\/wp-content\/uploads\/2025\/02\/img-20250220-wa00928171131638475984099-300x169.jpg 300w, https:\/\/contextoanalisisperiodistico.com\/wp-content\/uploads\/2025\/02\/img-20250220-wa00928171131638475984099-768x432.jpg 768w, https:\/\/contextoanalisisperiodistico.com\/wp-content\/uploads\/2025\/02\/img-20250220-wa00928171131638475984099.jpg 900w\" sizes=\"(max-width: 300px) 100vw, 300px\" \/><\/figure>\n\n\n\n<ul class=\"wp-block-list\">\n<li>Localizar lugares altos y rutas para llegar a los refugios temporales<\/li>\n\n\n\n<li>Evitar cruzar puentes cuando el nivel del r\u00edo los alcance<\/li>\n\n\n\n<li>Si se habita en ca\u00f1adas o laderas muy inclinadas, prestar atenci\u00f3n a los cambios que se presenten para prevenir un deslizamiento de tierra o cualquier otro incidente<\/li>\n\n\n\n<li>Evitar cruzar cualquier r\u00edo en veh\u00edculo o caminando, ya que podr\u00edan ocurrir arrastramientos<\/li>\n\n\n\n<li>Practicar con anticipaci\u00f3n una evacuaci\u00f3n hacia zonas m\u00e1s seguras<\/li>\n\n\n\n<li>Alejarse del agua<\/li>\n\n\n\n<li>Evitar contacto con objetos que conducen electricidad, como: tractores, cercas met\u00e1licas, motocicletas, cortadoras de c\u00e9sped y bicicletas<\/li>\n\n\n\n<li>No refugiarse debajo de \u00e1rboles<\/li>\n\n\n\n<li>En caso de estar dentro de un autom\u00f3vil, el motor debe estar apagado<\/li>\n<\/ul>\n\n\n\n<p>Se exhorta a la poblaci\u00f3n atender las recomendaciones de Protecci\u00f3n Civil y Capitan\u00edas de Puerto, as\u00ed como a mantenerse informada de las condiciones meteorol\u00f3gicas a trav\u00e9s de los medios y redes sociales oficiales:<br \/>Facebook @CEPCYGRGobOax y en X @CEPCyGR_GobOax.<\/p>\n\n\n\n<p>-0-<\/p>\n","protected":false},"excerpt":{"rendered":"<p>La Coordinaci\u00f3n Estatal de Protecci\u00f3n Civil y Gesti\u00f3n de Riesgos (CEPCyGR) informa que, las lluvias&#8230;<\/p>\n","protected":false},"author":4,"featured_media":37489,"comment_status":"closed","ping_status":"open","sticky":false,"template":"","format":"standard","meta":{"footnotes":""},"categories":[9],"tags":[],"jetpack_sharing_enabled":true,"featured_image_urls":{"full":["https:\/\/contextoanalisisperiodistico.com\/wp-content\/uploads\/2025\/02\/IMG-20250220-WA0095.jpg",960,1280,false],"thumbnail":["https:\/\/contextoanalisisperiodistico.com\/wp-content\/uploads\/2025\/02\/IMG-20250220-WA0095-150x150.jpg",150,150,true],"medium":["https:\/\/contextoanalisisperiodistico.com\/wp-content\/uploads\/2025\/02\/IMG-20250220-WA0095-225x300.jpg",225,300,true],"medium_large":["https:\/\/contextoanalisisperiodistico.com\/wp-content\/uploads\/2025\/02\/IMG-20250220-WA0095-768x1024.jpg",640,853,true],"large":["https:\/\/contextoanalisisperiodistico.com\/wp-content\/uploads\/2025\/02\/IMG-20250220-WA0095-768x1024.jpg",640,853,true],"1536x1536":["https:\/\/contextoanalisisperiodistico.com\/wp-content\/uploads\/2025\/02\/IMG-20250220-WA0095.jpg",960,1280,false],"2048x2048":["https:\/\/contextoanalisisperiodistico.com\/wp-content\/uploads\/2025\/02\/IMG-20250220-WA0095.jpg",960,1280,false],"covernews-slider-full":["https:\/\/contextoanalisisperiodistico.com\/wp-content\/uploads\/2025\/02\/IMG-20250220-WA0095-960x715.jpg",960,715,true],"covernews-slider-center":["https:\/\/contextoanalisisperiodistico.com\/wp-content\/uploads\/2025\/02\/IMG-20250220-WA0095-800x500.jpg",800,500,true],"covernews-featured":["https:\/\/contextoanalisisperiodistico.com\/wp-content\/uploads\/2025\/02\/IMG-20250220-WA0095.jpg",960,1280,false],"covernews-medium":["https:\/\/contextoanalisisperiodistico.com\/wp-content\/uploads\/2025\/02\/IMG-20250220-WA0095-540x340.jpg",540,340,true],"covernews-medium-square":["https:\/\/contextoanalisisperiodistico.com\/wp-content\/uploads\/2025\/02\/IMG-20250220-WA0095-400x250.jpg",400,250,true]},"author_info":{"display_name":"Mario Gir\u00f3n","author_link":"https:\/\/contextoanalisisperiodistico.com\/index.php\/author\/director\/"},"category_info":"<a href=\"https:\/\/contextoanalisisperiodistico.com\/index.php\/category\/politica\/\" rel=\"category tag\">Pol\u00edtica<\/a>","tag_info":"Pol\u00edtica","comment_count":"0","jetpack_featured_media_url":"https:\/\/contextoanalisisperiodistico.com\/wp-content\/uploads\/2025\/02\/IMG-20250220-WA0095.jpg","_links":{"self":[{"href":"https:\/\/contextoanalisisperiodistico.com\/index.php\/wp-json\/wp\/v2\/posts\/37493"}],"collection":[{"href":"https:\/\/contextoanalisisperiodistico.com\/index.php\/wp-json\/wp\/v2\/posts"}],"about":[{"href":"https:\/\/contextoanalisisperiodistico.com\/index.php\/wp-json\/wp\/v2\/types\/post"}],"author":[{"embeddable":true,"href":"https:\/\/contextoanalisisperiodistico.com\/index.php\/wp-json\/wp\/v2\/users\/4"}],"replies":[{"embeddable":true,"href":"https:\/\/contextoanalisisperiodistico.com\/index.php\/wp-json\/wp\/v2\/comments?post=37493"}],"version-history":[{"count":1,"href":"https:\/\/contextoanalisisperiodistico.com\/index.php\/wp-json\/wp\/v2\/posts\/37493\/revisions"}],"predecessor-version":[{"id":37494,"href":"https:\/\/contextoanalisisperiodistico.com\/index.php\/wp-json\/wp\/v2\/posts\/37493\/revisions\/37494"}],"wp:featuredmedia":[{"embeddable":true,"href":"https:\/\/contextoanalisisperiodistico.com\/index.php\/wp-json\/wp\/v2\/media\/37489"}],"wp:attachment":[{"href":"https:\/\/contextoanalisisperiodistico.com\/index.php\/wp-json\/wp\/v2\/media?parent=37493"}],"wp:term":[{"taxonomy":"category","embeddable":true,"href":"https:\/\/contextoanalisisperiodistico.com\/index.php\/wp-json\/wp\/v2\/categories?post=37493"},{"taxonomy":"post_tag","embeddable":true,"href":"https:\/\/contextoanalisisperiodistico.com\/index.php\/wp-json\/wp\/v2\/tags?post=37493"}],"curies":[{"name":"wp","href":"https:\/\/api.w.org\/{rel}","templated":true}]}}