{"id":37485,"date":"2025-02-20T14:06:52","date_gmt":"2025-02-20T20:06:52","guid":{"rendered":"https:\/\/contextoanalisisperiodistico.com\/index.php\/2025\/02\/20\/con-operativo-turistico-secretaria-de-seguridad-vecinal-refuerza-acciones-en-la-ciudad-de-oaxaca\/"},"modified":"2025-02-20T14:06:52","modified_gmt":"2025-02-20T20:06:52","slug":"con-operativo-turistico-secretaria-de-seguridad-vecinal-refuerza-acciones-en-la-ciudad-de-oaxaca","status":"publish","type":"post","link":"https:\/\/contextoanalisisperiodistico.com\/index.php\/2025\/02\/20\/con-operativo-turistico-secretaria-de-seguridad-vecinal-refuerza-acciones-en-la-ciudad-de-oaxaca\/","title":{"rendered":"Con operativo \u00abTur\u00edstico\u00bb, Secretar\u00eda de Seguridad Vecinal refuerza acciones en la ciudad de Oaxaca"},"content":{"rendered":"<div id=\"fb-root\"><\/div>\n\n<p>\u2022La misi\u00f3n principal ser\u00e1 realizar reconocimientos disuasivos en sus \u00e1reas asignadas.<\/p>\n\n\n\n<p>Oaxaca de Ju\u00e1rez, Oax., 20 de febrero de 2025.- Con la finalidad de contribuir a la seguridad, la paz, la tranquilidad y el bienestar com\u00fan, la Secretar\u00eda de Seguridad Vecinal despleg\u00f3 a 25 elementos para implementar el operativo \u00abTur\u00edstico\u00bb, el cual tendr\u00e1 presencia permanente en el primer cuadro de la ciudad y en espacios p\u00fablicos con gran afluencia.<\/p>\n\n\n\n<p>Siete elementos fueron asignados al Centro Hist\u00f3rico (primer cuadro de la ciudad), seis al Andador Tur\u00edstico Macedonio Alcal\u00e1, seis al Mercado \u00ab20 de Noviembre\u00bb y seis m\u00e1s al Mercado \u00abBenito Ju\u00e1rez\u00bb.<\/p>\n\n\n\n<p>Este personal portar\u00e1 uniforme policial con playera tipo polo color blanco (proporcionado por el Secretariado Ejecutivo del Sistema Estatal de Seguridad P\u00fablica), fajilla, seguros de mano (esposas) y bast\u00f3n policial PR24.<\/p>\n\n\n\n<p>Su misi\u00f3n principal ser\u00e1 realizar reconocimientos disuasivos en sus \u00e1reas asignadas, mantener presencia policial, llevar a cabo actividades de proximidad social y atender dudas o quejas de la ciudadan\u00eda.<\/p>\n\n\n\n<p>Con estas acciones, se contribuir\u00e1 de manera permanente al orden y la seguridad en la zona designada, adem\u00e1s de colaborar con otras instancias de seguridad que operan en el primer cuadro de la ciudad.<\/p>\n\n\n\n<p>Asimismo, los elementos policiales realizar\u00e1n reconocimientos conjuntos y atender\u00e1n cualquier auxilio que requieran las personas, solicitando la presencia de los cuerpos de emergencia y garantizando seguridad hasta su arribo.<\/p>\n\n\n\n<p>Para el gobierno que encabeza Ray Chagoya, la seguridad es un eje fundamental para que vecinas y vecinos vivan en una ciudad segura.<\/p>\n\n\n\n<figure class=\"wp-block-image size-large\"><img fetchpriority=\"high\" decoding=\"async\" width=\"1024\" height=\"723\" src=\"https:\/\/contextoanalisisperiodistico.com\/wp-content\/uploads\/2025\/02\/img-20250220-wa00703398385950402020344-1024x723.jpg\" alt=\"\" class=\"wp-image-37482\" srcset=\"https:\/\/contextoanalisisperiodistico.com\/wp-content\/uploads\/2025\/02\/img-20250220-wa00703398385950402020344-1024x723.jpg 1024w, https:\/\/contextoanalisisperiodistico.com\/wp-content\/uploads\/2025\/02\/img-20250220-wa00703398385950402020344-300x212.jpg 300w, https:\/\/contextoanalisisperiodistico.com\/wp-content\/uploads\/2025\/02\/img-20250220-wa00703398385950402020344-768x542.jpg 768w, https:\/\/contextoanalisisperiodistico.com\/wp-content\/uploads\/2025\/02\/img-20250220-wa00703398385950402020344.jpg 1161w\" sizes=\"(max-width: 1024px) 100vw, 1024px\" \/><\/figure>\n\n\n\n<figure class=\"wp-block-image\"><img decoding=\"async\" width=\"1024\" height=\"768\" src=\"https:\/\/contextoanalisisperiodistico.com\/wp-content\/uploads\/2025\/02\/img-20250220-wa00727640889704124706905-1024x768.jpg\" alt=\"\" class=\"wp-image-37483\" srcset=\"https:\/\/contextoanalisisperiodistico.com\/wp-content\/uploads\/2025\/02\/img-20250220-wa00727640889704124706905-1024x768.jpg 1024w, https:\/\/contextoanalisisperiodistico.com\/wp-content\/uploads\/2025\/02\/img-20250220-wa00727640889704124706905-300x225.jpg 300w, https:\/\/contextoanalisisperiodistico.com\/wp-content\/uploads\/2025\/02\/img-20250220-wa00727640889704124706905-768x576.jpg 768w, https:\/\/contextoanalisisperiodistico.com\/wp-content\/uploads\/2025\/02\/img-20250220-wa00727640889704124706905.jpg 1500w\" sizes=\"(max-width: 1024px) 100vw, 1024px\" \/><\/figure>\n\n\n\n<figure class=\"wp-block-image\"><img decoding=\"async\" width=\"1024\" height=\"768\" src=\"https:\/\/contextoanalisisperiodistico.com\/wp-content\/uploads\/2025\/02\/img-20250220-wa00696905743870915406756-1024x768.jpg\" alt=\"\" class=\"wp-image-37484\" srcset=\"https:\/\/contextoanalisisperiodistico.com\/wp-content\/uploads\/2025\/02\/img-20250220-wa00696905743870915406756-1024x768.jpg 1024w, https:\/\/contextoanalisisperiodistico.com\/wp-content\/uploads\/2025\/02\/img-20250220-wa00696905743870915406756-300x225.jpg 300w, https:\/\/contextoanalisisperiodistico.com\/wp-content\/uploads\/2025\/02\/img-20250220-wa00696905743870915406756-768x576.jpg 768w, https:\/\/contextoanalisisperiodistico.com\/wp-content\/uploads\/2025\/02\/img-20250220-wa00696905743870915406756-1536x1152.jpg 1536w, https:\/\/contextoanalisisperiodistico.com\/wp-content\/uploads\/2025\/02\/img-20250220-wa00696905743870915406756.jpg 1600w\" sizes=\"(max-width: 1024px) 100vw, 1024px\" \/><\/figure>\n","protected":false},"excerpt":{"rendered":"<p>\u2022La misi\u00f3n principal ser\u00e1 realizar reconocimientos disuasivos en sus \u00e1reas asignadas. Oaxaca de Ju\u00e1rez, Oax.,&#8230;<\/p>\n","protected":false},"author":4,"featured_media":37481,"comment_status":"","ping_status":"open","sticky":false,"template":"","format":"standard","meta":{"footnotes":""},"categories":[3],"tags":[178,235,234,45],"jetpack_sharing_enabled":true,"featured_image_urls":{"full":["https:\/\/contextoanalisisperiodistico.com\/wp-content\/uploads\/2025\/02\/IMG-20250220-WA0071.jpg",1200,1600,false],"thumbnail":["https:\/\/contextoanalisisperiodistico.com\/wp-content\/uploads\/2025\/02\/IMG-20250220-WA0071-150x150.jpg",150,150,true],"medium":["https:\/\/contextoanalisisperiodistico.com\/wp-content\/uploads\/2025\/02\/IMG-20250220-WA0071-225x300.jpg",225,300,true],"medium_large":["https:\/\/contextoanalisisperiodistico.com\/wp-content\/uploads\/2025\/02\/IMG-20250220-WA0071-768x1024.jpg",640,853,true],"large":["https:\/\/contextoanalisisperiodistico.com\/wp-content\/uploads\/2025\/02\/IMG-20250220-WA0071-768x1024.jpg",640,853,true],"1536x1536":["https:\/\/contextoanalisisperiodistico.com\/wp-content\/uploads\/2025\/02\/IMG-20250220-WA0071-1152x1536.jpg",1152,1536,true],"2048x2048":["https:\/\/contextoanalisisperiodistico.com\/wp-content\/uploads\/2025\/02\/IMG-20250220-WA0071.jpg",1200,1600,false],"covernews-slider-full":["https:\/\/contextoanalisisperiodistico.com\/wp-content\/uploads\/2025\/02\/IMG-20250220-WA0071-1115x715.jpg",1115,715,true],"covernews-slider-center":["https:\/\/contextoanalisisperiodistico.com\/wp-content\/uploads\/2025\/02\/IMG-20250220-WA0071-800x500.jpg",800,500,true],"covernews-featured":["https:\/\/contextoanalisisperiodistico.com\/wp-content\/uploads\/2025\/02\/IMG-20250220-WA0071-1024x1365.jpg",1024,1365,true],"covernews-medium":["https:\/\/contextoanalisisperiodistico.com\/wp-content\/uploads\/2025\/02\/IMG-20250220-WA0071-540x340.jpg",540,340,true],"covernews-medium-square":["https:\/\/contextoanalisisperiodistico.com\/wp-content\/uploads\/2025\/02\/IMG-20250220-WA0071-400x250.jpg",400,250,true]},"author_info":{"display_name":"Mario Gir\u00f3n","author_link":"https:\/\/contextoanalisisperiodistico.com\/index.php\/author\/director\/"},"category_info":"<a href=\"https:\/\/contextoanalisisperiodistico.com\/index.php\/category\/ciudad\/\" rel=\"category tag\">Ciudad<\/a>","tag_info":"Ciudad","comment_count":"0","jetpack_featured_media_url":"https:\/\/contextoanalisisperiodistico.com\/wp-content\/uploads\/2025\/02\/IMG-20250220-WA0071.jpg","_links":{"self":[{"href":"https:\/\/contextoanalisisperiodistico.com\/index.php\/wp-json\/wp\/v2\/posts\/37485"}],"collection":[{"href":"https:\/\/contextoanalisisperiodistico.com\/index.php\/wp-json\/wp\/v2\/posts"}],"about":[{"href":"https:\/\/contextoanalisisperiodistico.com\/index.php\/wp-json\/wp\/v2\/types\/post"}],"author":[{"embeddable":true,"href":"https:\/\/contextoanalisisperiodistico.com\/index.php\/wp-json\/wp\/v2\/users\/4"}],"replies":[{"embeddable":true,"href":"https:\/\/contextoanalisisperiodistico.com\/index.php\/wp-json\/wp\/v2\/comments?post=37485"}],"version-history":[{"count":0,"href":"https:\/\/contextoanalisisperiodistico.com\/index.php\/wp-json\/wp\/v2\/posts\/37485\/revisions"}],"wp:featuredmedia":[{"embeddable":true,"href":"https:\/\/contextoanalisisperiodistico.com\/index.php\/wp-json\/wp\/v2\/media\/37481"}],"wp:attachment":[{"href":"https:\/\/contextoanalisisperiodistico.com\/index.php\/wp-json\/wp\/v2\/media?parent=37485"}],"wp:term":[{"taxonomy":"category","embeddable":true,"href":"https:\/\/contextoanalisisperiodistico.com\/index.php\/wp-json\/wp\/v2\/categories?post=37485"},{"taxonomy":"post_tag","embeddable":true,"href":"https:\/\/contextoanalisisperiodistico.com\/index.php\/wp-json\/wp\/v2\/tags?post=37485"}],"curies":[{"name":"wp","href":"https:\/\/api.w.org\/{rel}","templated":true}]}}