{"id":37480,"date":"2025-02-20T12:36:04","date_gmt":"2025-02-20T18:36:04","guid":{"rendered":"https:\/\/contextoanalisisperiodistico.com\/index.php\/2025\/02\/20\/preparada-la-primavera-oaxaquena-para-contribuir-a-la-construccion-de-vivienda-digna-sic\/"},"modified":"2025-02-20T12:36:04","modified_gmt":"2025-02-20T18:36:04","slug":"preparada-la-primavera-oaxaquena-para-contribuir-a-la-construccion-de-vivienda-digna-sic","status":"publish","type":"post","link":"https:\/\/contextoanalisisperiodistico.com\/index.php\/2025\/02\/20\/preparada-la-primavera-oaxaquena-para-contribuir-a-la-construccion-de-vivienda-digna-sic\/","title":{"rendered":"Preparada la Primavera Oaxaque\u00f1a para contribuir a la construcci\u00f3n de vivienda digna: SIC"},"content":{"rendered":"<div id=\"fb-root\"><\/div>\n\n<p>\u2022 La Secretar\u00eda de Infraestructuras y Comunicaciones, lista para participar activamente en el Programa Nacional de Vivienda<\/p>\n\n\n\n<p>Oaxaca de Ju\u00e1rez, Oax. 20 de febrero de 2025.- El titular de la Secretar\u00eda de Infraestructuras y Comunicaciones (SIC), Carlos Vichido Hern\u00e1ndez destac\u00f3 la uni\u00f3n de esfuerzos entre los gobiernos estatal y federal para impulsar una Programa de Vivienda para el Bienestar, que permitir\u00e1 a las y los oaxaque\u00f1os acceder a una casa propia, con escrituras y que cuente con los servicios b\u00e1sicos.<\/p>\n\n\n\n<p>En el marco de la firma de convenio entre el Gobierno de Oaxaca y la Secretar\u00eda de Desarrollo Agrario, Territorial y Urbano (Sedatu) que contribuye a la construcci\u00f3n de 66 mil viviendas en el estado, Vichido Hern\u00e1ndez se\u00f1al\u00f3 que la dependencia a su cargo se encuentra preparada para participar activamente en estas acciones que beneficiar\u00e1n a miles de familias oaxaque\u00f1as.<\/p>\n\n\n\n<p>\u201cEn Oaxaca estamos listos para ejecutar este importante programa social, colaborando con el gobierno federal y con las autoridades municipales en todo momento\u201d, expres\u00f3.<\/p>\n\n\n\n<p>Destac\u00f3 que estas pol\u00edticas p\u00fablicas impulsadas por la Presidenta Claudia Sheinbaum Pardo y respaldadas por la Primavera Oaxaque\u00f1a tienen una esencia sensible y de atenci\u00f3n a quienes m\u00e1s lo necesitan, toda vez que con ello se beneficiar\u00e1n principalmente a jefas de familias, personas ind\u00edgenas, con discapacidad y personas mayores.<\/p>\n\n\n\n<p>Cabe destacar que de las 66 mil viviendas proyectadas para Oaxaca, 26 mil hogares ser\u00e1n para personas derechohabientes del Instituto del Fondo Nacional de la Vivienda para los Trabajadores (Infonavit) y 40 mil para no derechohabientes a trav\u00e9s de la Comisi\u00f3n Nacional de Vivienda (Conavi).<\/p>\n\n\n\n<p>-0-<\/p>\n","protected":false},"excerpt":{"rendered":"<p>\u2022 La Secretar\u00eda de Infraestructuras y Comunicaciones, lista para participar activamente en el Programa Nacional&#8230;<\/p>\n","protected":false},"author":4,"featured_media":37479,"comment_status":"","ping_status":"open","sticky":false,"template":"","format":"standard","meta":{"footnotes":""},"categories":[9],"tags":[],"jetpack_sharing_enabled":true,"featured_image_urls":{"full":["https:\/\/contextoanalisisperiodistico.com\/wp-content\/uploads\/2025\/02\/IMG-20250220-WA0041.jpg",1600,900,false],"thumbnail":["https:\/\/contextoanalisisperiodistico.com\/wp-content\/uploads\/2025\/02\/IMG-20250220-WA0041-150x150.jpg",150,150,true],"medium":["https:\/\/contextoanalisisperiodistico.com\/wp-content\/uploads\/2025\/02\/IMG-20250220-WA0041-300x169.jpg",300,169,true],"medium_large":["https:\/\/contextoanalisisperiodistico.com\/wp-content\/uploads\/2025\/02\/IMG-20250220-WA0041-768x432.jpg",640,360,true],"large":["https:\/\/contextoanalisisperiodistico.com\/wp-content\/uploads\/2025\/02\/IMG-20250220-WA0041-1024x576.jpg",640,360,true],"1536x1536":["https:\/\/contextoanalisisperiodistico.com\/wp-content\/uploads\/2025\/02\/IMG-20250220-WA0041-1536x864.jpg",1536,864,true],"2048x2048":["https:\/\/contextoanalisisperiodistico.com\/wp-content\/uploads\/2025\/02\/IMG-20250220-WA0041.jpg",1600,900,false],"covernews-slider-full":["https:\/\/contextoanalisisperiodistico.com\/wp-content\/uploads\/2025\/02\/IMG-20250220-WA0041-1115x715.jpg",1115,715,true],"covernews-slider-center":["https:\/\/contextoanalisisperiodistico.com\/wp-content\/uploads\/2025\/02\/IMG-20250220-WA0041-800x500.jpg",800,500,true],"covernews-featured":["https:\/\/contextoanalisisperiodistico.com\/wp-content\/uploads\/2025\/02\/IMG-20250220-WA0041-1024x576.jpg",1024,576,true],"covernews-medium":["https:\/\/contextoanalisisperiodistico.com\/wp-content\/uploads\/2025\/02\/IMG-20250220-WA0041-540x340.jpg",540,340,true],"covernews-medium-square":["https:\/\/contextoanalisisperiodistico.com\/wp-content\/uploads\/2025\/02\/IMG-20250220-WA0041-400x250.jpg",400,250,true]},"author_info":{"display_name":"Mario Gir\u00f3n","author_link":"https:\/\/contextoanalisisperiodistico.com\/index.php\/author\/director\/"},"category_info":"<a href=\"https:\/\/contextoanalisisperiodistico.com\/index.php\/category\/politica\/\" rel=\"category tag\">Pol\u00edtica<\/a>","tag_info":"Pol\u00edtica","comment_count":"0","jetpack_featured_media_url":"https:\/\/contextoanalisisperiodistico.com\/wp-content\/uploads\/2025\/02\/IMG-20250220-WA0041.jpg","_links":{"self":[{"href":"https:\/\/contextoanalisisperiodistico.com\/index.php\/wp-json\/wp\/v2\/posts\/37480"}],"collection":[{"href":"https:\/\/contextoanalisisperiodistico.com\/index.php\/wp-json\/wp\/v2\/posts"}],"about":[{"href":"https:\/\/contextoanalisisperiodistico.com\/index.php\/wp-json\/wp\/v2\/types\/post"}],"author":[{"embeddable":true,"href":"https:\/\/contextoanalisisperiodistico.com\/index.php\/wp-json\/wp\/v2\/users\/4"}],"replies":[{"embeddable":true,"href":"https:\/\/contextoanalisisperiodistico.com\/index.php\/wp-json\/wp\/v2\/comments?post=37480"}],"version-history":[{"count":0,"href":"https:\/\/contextoanalisisperiodistico.com\/index.php\/wp-json\/wp\/v2\/posts\/37480\/revisions"}],"wp:featuredmedia":[{"embeddable":true,"href":"https:\/\/contextoanalisisperiodistico.com\/index.php\/wp-json\/wp\/v2\/media\/37479"}],"wp:attachment":[{"href":"https:\/\/contextoanalisisperiodistico.com\/index.php\/wp-json\/wp\/v2\/media?parent=37480"}],"wp:term":[{"taxonomy":"category","embeddable":true,"href":"https:\/\/contextoanalisisperiodistico.com\/index.php\/wp-json\/wp\/v2\/categories?post=37480"},{"taxonomy":"post_tag","embeddable":true,"href":"https:\/\/contextoanalisisperiodistico.com\/index.php\/wp-json\/wp\/v2\/tags?post=37480"}],"curies":[{"name":"wp","href":"https:\/\/api.w.org\/{rel}","templated":true}]}}