{"id":37260,"date":"2025-02-14T11:32:57","date_gmt":"2025-02-14T17:32:57","guid":{"rendered":"https:\/\/contextoanalisisperiodistico.com\/index.php\/2025\/02\/14\/moderniza-salomon-jara-con-nuevo-equipo-los-modulos-de-atencion-de-la-semovi\/"},"modified":"2025-02-14T11:32:57","modified_gmt":"2025-02-14T17:32:57","slug":"moderniza-salomon-jara-con-nuevo-equipo-los-modulos-de-atencion-de-la-semovi","status":"publish","type":"post","link":"https:\/\/contextoanalisisperiodistico.com\/index.php\/2025\/02\/14\/moderniza-salomon-jara-con-nuevo-equipo-los-modulos-de-atencion-de-la-semovi\/","title":{"rendered":"Moderniza Salom\u00f3n Jara con nuevo equipo los m\u00f3dulos de atenci\u00f3n de la Semovi"},"content":{"rendered":"<div id=\"fb-root\"><\/div>\n\n<p>\u2022 Con una inversi\u00f3n de 4.7 millones de pesos se dot\u00f3 de nueva tecnolog\u00eda a estos centros, para agilizar tr\u00e1mites vehiculares<\/p>\n\n\n\n<figure class=\"wp-block-image size-large\"><img fetchpriority=\"high\" decoding=\"async\" width=\"900\" height=\"600\" src=\"https:\/\/contextoanalisisperiodistico.com\/wp-content\/uploads\/2025\/02\/img-20250214-wa00844748273631434797935.jpg\" alt=\"\" class=\"wp-image-37257\" srcset=\"https:\/\/contextoanalisisperiodistico.com\/wp-content\/uploads\/2025\/02\/img-20250214-wa00844748273631434797935.jpg 900w, https:\/\/contextoanalisisperiodistico.com\/wp-content\/uploads\/2025\/02\/img-20250214-wa00844748273631434797935-300x200.jpg 300w, https:\/\/contextoanalisisperiodistico.com\/wp-content\/uploads\/2025\/02\/img-20250214-wa00844748273631434797935-768x512.jpg 768w\" sizes=\"(max-width: 900px) 100vw, 900px\" \/><\/figure>\n\n\n\n<figure class=\"wp-block-image\"><img decoding=\"async\" width=\"300\" height=\"200\" src=\"https:\/\/contextoanalisisperiodistico.com\/wp-content\/uploads\/2025\/02\/img-20250214-wa00828417021638699369531-300x200.jpg\" alt=\"\" class=\"wp-image-37259\" srcset=\"https:\/\/contextoanalisisperiodistico.com\/wp-content\/uploads\/2025\/02\/img-20250214-wa00828417021638699369531-300x200.jpg 300w, https:\/\/contextoanalisisperiodistico.com\/wp-content\/uploads\/2025\/02\/img-20250214-wa00828417021638699369531-768x512.jpg 768w, https:\/\/contextoanalisisperiodistico.com\/wp-content\/uploads\/2025\/02\/img-20250214-wa00828417021638699369531.jpg 900w\" sizes=\"(max-width: 300px) 100vw, 300px\" \/><\/figure>\n\n\n\n<figure class=\"wp-block-image\"><img decoding=\"async\" width=\"300\" height=\"200\" src=\"https:\/\/contextoanalisisperiodistico.com\/wp-content\/uploads\/2025\/02\/img-20250214-wa0083816688485397602099-300x200.jpg\" alt=\"\" class=\"wp-image-37258\" srcset=\"https:\/\/contextoanalisisperiodistico.com\/wp-content\/uploads\/2025\/02\/img-20250214-wa0083816688485397602099-300x200.jpg 300w, https:\/\/contextoanalisisperiodistico.com\/wp-content\/uploads\/2025\/02\/img-20250214-wa0083816688485397602099-768x511.jpg 768w, https:\/\/contextoanalisisperiodistico.com\/wp-content\/uploads\/2025\/02\/img-20250214-wa0083816688485397602099.jpg 900w\" sizes=\"(max-width: 300px) 100vw, 300px\" \/><\/figure>\n\n\n\n<p>Santa Luc\u00eda del Camino, Oax. 14 de febrero de 2025.- Con la finalidad de brindar un servicio de calidad a la ciudadan\u00eda, el Gobernador Salom\u00f3n Jara Cruz entreg\u00f3 equipos de c\u00f3mputo a la Secretar\u00eda de Movilidad (Semovi) para agilizar los tr\u00e1mites vehiculares que se realizan en los 45 m\u00f3dulos de atenci\u00f3n que hay en el estado.<\/p>\n\n\n\n<p>Con el programa de Mejora Integral a Instituciones Gubernamentales, explic\u00f3 el Mandatario estatal, se realiz\u00f3 una inversi\u00f3n de 4.7 millones de pesos, para la modernizaci\u00f3n tecnol\u00f3gica de estos espacios que dan servicio a personas concesionarias y particulares.<\/p>\n\n\n\n<p>\u201cPor eso hacemos entrega de estos equipos de c\u00f3mputo para fortalecer y facilitar los tr\u00e1mites relacionados con la atenci\u00f3n de licencias y emplacamiento vehicular en todo nuestro estado\u201d dijo.<\/p>\n\n\n\n<p>Jara Cruz destac\u00f3 que con esta acci\u00f3n la ciudadan\u00eda no tendr\u00e1 dificultades al momento de realizar cualquier proceso administrativo en los m\u00f3dulos de la Semovi, toda vez que la movilidad es un importante factor de comunicaci\u00f3n, conectividad, desarrollo y bienestar, as\u00ed como un componente de justicia, equidad y seguridad.<\/p>\n\n\n\n<p>Por otra parte, adelant\u00f3 que el Gobierno del Estado se encuentra en proceso de digitalizaci\u00f3n de todos sus procedimientos, lo que permitir\u00e1 dar un servicio de calidad como lo demanda la sociedad.<\/p>\n\n\n\n<p>Por su parte, la titular de Semovi, Yesenia Nolasco Ram\u00edrez mencion\u00f3 que esta modernizaci\u00f3n de los 45 m\u00f3dulos ser\u00e1 un factor que cambiar\u00e1 la percepci\u00f3n respecto a los servicios p\u00fablicos y dejar\u00e1 atr\u00e1s las malas pr\u00e1cticas para erradicar la corrupci\u00f3n.<\/p>\n\n\n\n<p>-0-<\/p>\n","protected":false},"excerpt":{"rendered":"<p>\u2022 Con una inversi\u00f3n de 4.7 millones de pesos se dot\u00f3 de nueva tecnolog\u00eda a&#8230;<\/p>\n","protected":false},"author":4,"featured_media":37256,"comment_status":"","ping_status":"open","sticky":false,"template":"","format":"standard","meta":{"footnotes":""},"categories":[3],"tags":[],"jetpack_sharing_enabled":true,"featured_image_urls":{"full":["https:\/\/contextoanalisisperiodistico.com\/wp-content\/uploads\/2025\/02\/IMG-20250214-WA0081.jpg",1600,1066,false],"thumbnail":["https:\/\/contextoanalisisperiodistico.com\/wp-content\/uploads\/2025\/02\/IMG-20250214-WA0081-150x150.jpg",150,150,true],"medium":["https:\/\/contextoanalisisperiodistico.com\/wp-content\/uploads\/2025\/02\/IMG-20250214-WA0081-300x200.jpg",300,200,true],"medium_large":["https:\/\/contextoanalisisperiodistico.com\/wp-content\/uploads\/2025\/02\/IMG-20250214-WA0081-768x512.jpg",640,427,true],"large":["https:\/\/contextoanalisisperiodistico.com\/wp-content\/uploads\/2025\/02\/IMG-20250214-WA0081-1024x682.jpg",640,426,true],"1536x1536":["https:\/\/contextoanalisisperiodistico.com\/wp-content\/uploads\/2025\/02\/IMG-20250214-WA0081-1536x1023.jpg",1536,1023,true],"2048x2048":["https:\/\/contextoanalisisperiodistico.com\/wp-content\/uploads\/2025\/02\/IMG-20250214-WA0081.jpg",1600,1066,false],"covernews-slider-full":["https:\/\/contextoanalisisperiodistico.com\/wp-content\/uploads\/2025\/02\/IMG-20250214-WA0081-1115x715.jpg",1115,715,true],"covernews-slider-center":["https:\/\/contextoanalisisperiodistico.com\/wp-content\/uploads\/2025\/02\/IMG-20250214-WA0081-800x500.jpg",800,500,true],"covernews-featured":["https:\/\/contextoanalisisperiodistico.com\/wp-content\/uploads\/2025\/02\/IMG-20250214-WA0081-1024x682.jpg",1024,682,true],"covernews-medium":["https:\/\/contextoanalisisperiodistico.com\/wp-content\/uploads\/2025\/02\/IMG-20250214-WA0081-540x340.jpg",540,340,true],"covernews-medium-square":["https:\/\/contextoanalisisperiodistico.com\/wp-content\/uploads\/2025\/02\/IMG-20250214-WA0081-400x250.jpg",400,250,true]},"author_info":{"display_name":"Mario Gir\u00f3n","author_link":"https:\/\/contextoanalisisperiodistico.com\/index.php\/author\/director\/"},"category_info":"<a href=\"https:\/\/contextoanalisisperiodistico.com\/index.php\/category\/ciudad\/\" rel=\"category tag\">Ciudad<\/a>","tag_info":"Ciudad","comment_count":"0","jetpack_featured_media_url":"https:\/\/contextoanalisisperiodistico.com\/wp-content\/uploads\/2025\/02\/IMG-20250214-WA0081.jpg","_links":{"self":[{"href":"https:\/\/contextoanalisisperiodistico.com\/index.php\/wp-json\/wp\/v2\/posts\/37260"}],"collection":[{"href":"https:\/\/contextoanalisisperiodistico.com\/index.php\/wp-json\/wp\/v2\/posts"}],"about":[{"href":"https:\/\/contextoanalisisperiodistico.com\/index.php\/wp-json\/wp\/v2\/types\/post"}],"author":[{"embeddable":true,"href":"https:\/\/contextoanalisisperiodistico.com\/index.php\/wp-json\/wp\/v2\/users\/4"}],"replies":[{"embeddable":true,"href":"https:\/\/contextoanalisisperiodistico.com\/index.php\/wp-json\/wp\/v2\/comments?post=37260"}],"version-history":[{"count":0,"href":"https:\/\/contextoanalisisperiodistico.com\/index.php\/wp-json\/wp\/v2\/posts\/37260\/revisions"}],"wp:featuredmedia":[{"embeddable":true,"href":"https:\/\/contextoanalisisperiodistico.com\/index.php\/wp-json\/wp\/v2\/media\/37256"}],"wp:attachment":[{"href":"https:\/\/contextoanalisisperiodistico.com\/index.php\/wp-json\/wp\/v2\/media?parent=37260"}],"wp:term":[{"taxonomy":"category","embeddable":true,"href":"https:\/\/contextoanalisisperiodistico.com\/index.php\/wp-json\/wp\/v2\/categories?post=37260"},{"taxonomy":"post_tag","embeddable":true,"href":"https:\/\/contextoanalisisperiodistico.com\/index.php\/wp-json\/wp\/v2\/tags?post=37260"}],"curies":[{"name":"wp","href":"https:\/\/api.w.org\/{rel}","templated":true}]}}